{"id":10210,"date":"2026-04-14T09:10:57","date_gmt":"2026-04-14T09:10:57","guid":{"rendered":"https:\/\/busondakika.com.tr\/?p=10210"},"modified":"2026-04-14T09:10:58","modified_gmt":"2026-04-14T09:10:58","slug":"buyuksehirin-2025-yili-faaliyet-raporu-oy-cokluguyla-kabul-edildi","status":"publish","type":"post","link":"https:\/\/busondakika.com.tr\/?p=10210","title":{"rendered":"B\u00fcy\u00fck\u015fehir\u2019in 2025 Y\u0131l\u0131 Faaliyet Raporu oy \u00e7oklu\u011fuyla kabul edildi"},"content":{"rendered":"<p> <span style=\"font-size:12pt\"><span style=\"font-family:Cambria,serif\"><span lang=\"tr\" style=\"background:white\"><span style=\",serif\">Antalya B\u00fcy\u00fck\u015fehir Belediye Meclisi Nisan ay\u0131 ola\u011fan toplant\u0131s\u0131 B\u00fcy\u00fck\u015fehir Belediye Ba\u015fkan Vekili B\u00fc\u015fra \u00d6zdemir ba\u015fkanl\u0131\u011f\u0131nda yap\u0131ld\u0131. Toplant\u0131da bir y\u0131l s\u00fcreyle g\u00f6rev yapacak enc\u00fcmen ve komisyon \u00fcyeleri belirlendi. Toplant\u0131da Antalya B\u00fcy\u00fck\u015fehir Belediyesi&#8217;nin 2025 Y\u0131l\u0131 Faaliyet Raporu da oy \u00e7oklu\u011fuyla kabul edildi. Ba\u015fkan Vekili \u00d6zdemir, \u201c<\/span><\/span><span lang=\"tr\" style=\",serif\"><span style=\"color:black\">Bu belediye, \u00e7al\u0131\u015fmalar\u0131na h\u0131z kesmeden devam edecektir\u201d dedi.<\/span><\/span><\/span><\/span><\/p>\n<p><span style=\"font-size:12pt\"><span style=\"background:white\"><span style=\"font-family:Cambria,serif\"><span lang=\"tr\" style=\",serif\">Antalya B\u00fcy\u00fck\u015fehir Belediyesi Nisan ay\u0131 ola\u011fan meclis toplant\u0131s\u0131, 250 g\u00fcndem maddesini g\u00f6r\u00fc\u015fmek \u00fczere Ba\u015fkan Vekili B\u00fc\u015fra \u00d6zdemir ba\u015fkanl\u0131\u011f\u0131nda ger\u00e7ekle\u015ftirildi. Toplant\u0131da enc\u00fcmen se\u00e7imlerinin ard\u0131ndan ihtisas komisyonlar\u0131 \u00fcyelerinin se\u00e7imi ger\u00e7ekle\u015fti. <\/span><\/span><\/span><\/span><\/p>\n<p><span style=\"font-size:12pt\"><span style=\"font-family:Cambria,serif\"><span lang=\"tr\" style=\",serif\">FAAL\u0130YET RAPORU OY \u00c7OKLU\u011eUYLA KABUL ED\u0130LD\u0130<\/span><\/span><\/span><\/p>\n<p><span style=\"font-size:12pt\"><span style=\"font-family:Cambria,serif\"><span lang=\"tr\" style=\",serif\">Toplant\u0131da Antalya B\u00fcy\u00fck\u015fehir Belediyesi\u2019nin 2025 y\u0131l\u0131 \u00e7al\u0131\u015fmalar\u0131n\u0131 i\u00e7eren faaliyet raporu g\u00f6r\u00fc\u015f\u00fcld\u00fc. 2025 Y\u0131l\u0131 Faaliyet Raporu\u2019nun g\u00f6r\u00fc\u015f\u00fcld\u00fc\u011f\u00fc s\u0131rada B\u00fcy\u00fck\u015fehir Belediye Ba\u015fkan Vekili B\u00fc\u015fra \u00d6zdemir, yerini Meclis 1. Ba\u015fkan Vekili Bayram Ali \u00c7eltik\u2019e devrederek, meclis s\u0131ralar\u0131na oturdu. G\u00f6r\u00fc\u015fmelere ge\u00e7ilmeden \u00f6nce Antalya B\u00fcy\u00fck\u015fehir Belediyesi\u2019nin 2025 y\u0131l\u0131 hizmetlerinin anlat\u0131ld\u0131\u011f\u0131 bir film izlendi.<b> <\/b>2025 Y\u0131l\u0131 Faaliyet Raporu hakk\u0131nda meclise bilgi sunan CHP Grup s\u00f6zc\u00fcs\u00fc S\u0131d\u0131ka G\u00f6kyar K\u0131z\u0131lca, \u201c2025 y\u0131l\u0131 gider b\u00fct\u00e7esi 39 Milyar TL, gelir b\u00fct\u00e7esi 33 Milyar TL olarak tahmin edilmi\u015f, 6 milyar TL bor\u00e7lanma yoluyla b\u00fct\u00e7e denkli\u011fi sa\u011flanm\u0131\u015ft\u0131r. Gider b\u00fct\u00e7emizin y\u0131lsonu ger\u00e7ekle\u015fmesi 23 milyar 769 milyon TL ile y\u00fczde 61, gelir b\u00fct\u00e7emizin y\u0131lsonu ger\u00e7ekle\u015fme oran\u0131 16 milyar 166 milyon TL ile y\u00fczde 88.38\u2019dir. 2025 y\u0131l\u0131 i\u00e7erisinde herhangi bir i\u00e7 ve d\u0131\u015f bor\u00e7lanma yap\u0131lmam\u0131\u015ft\u0131r\u201d dedi. <\/span><\/span><\/span><\/p>\n<p><span style=\"font-size:12pt\"><span style=\"font-family:Cambria,serif\"><span lang=\"tr\" style=\",serif\"><span style=\"color:black\">2025 YILI ZOR B\u0130R YILDI<\/span><\/span><\/span><\/span><\/p>\n<p><span style=\"font-size:12pt\"><span style=\"font-family:Cambria,serif\"><span lang=\"tr\" style=\",serif\"><span style=\"color:black\">Yap\u0131lan de\u011ferlendirmenin ard\u0131ndan Antalya B\u00fcy\u00fck\u015fehir Belediyesi 2025 Y\u0131l\u0131 Faaliyet Raporu oy \u00e7oklu\u011fuyla kabul edildi. Faaliyet raporunda eme\u011fi ge\u00e7enlere te\u015fekk\u00fcr eden Ba\u015fkan Vekili B\u00fc\u015fra \u00d6zdemir, zor bir y\u0131l olmas\u0131na ra\u011fmen 2025 y\u0131l\u0131nda Antalya i\u00e7in \u00e7al\u0131\u015fmaya devam ettiklerini s\u00f6yledi. Faaliyet raporu ile ilgili de\u011ferlendirmelerde bulunan Ba\u015fkan Vekili \u00d6zdemir, \u201cMalumunuz 2025 y\u0131l\u0131 bizim i\u00e7in \u00e7ok zor bir y\u0131ld\u0131. Temmuz ay\u0131nda Say\u0131n Antalya B\u00fcy\u00fck\u015fehir Belediye Ba\u015fkan\u0131m\u0131z Muhittin B\u00f6cek\u2019ten emanet ald\u0131\u011f\u0131m\u0131z bu g\u00f6revi b\u00fcy\u00fck bir hassasiyet ve sorumluluk bilinciyle, kararl\u0131l\u0131kla s\u00fcrd\u00fcrd\u00fck. Bir yandan yo\u011fun soru\u015fturma ve denetimlerden ge\u00e7erken, bir yandan da hizmetlerimize hi\u00e7 ara vermeden, hi\u00e7 h\u0131z kesmeden devam ettik. Evet, baz\u0131 yat\u0131r\u0131mlar\u0131m\u0131z\u0131 2026 y\u0131l\u0131na da kayd\u0131rm\u0131\u015f bulunuyoruz ama kolay bir y\u0131l ge\u00e7irmedi\u011fimizi b\u00fct\u00fcn meclisin, kamuoyunun takdirine sunuyorum. \u201c dedi. <\/span><\/span><\/span><\/span><\/p>\n<p><span style=\"font-size:12pt\"><span style=\"font-family:Cambria,serif\"><span lang=\"tr\" style=\",serif\"><span style=\"color:black\">MAZERET \u00dcRETMED\u0130K<\/span><\/span><\/span><\/span><\/p>\n<p><span style=\"font-size:12pt\"><span style=\"font-family:Cambria,serif\"><span lang=\"tr\" style=\",serif\"><span style=\"color:black\">T\u00fcm ya\u015fananlara ra\u011fmen mazeret \u00fcretmeden \u00e7al\u0131\u015fmalara devam ettiklerini s\u00f6yleyen \u00d6zdemir, \u015f\u00f6yle konu\u015ftu: \u201c15 Ocak 2026\u2019da Resmi Gazete de yay\u0131nlanan Kamu Yat\u0131r\u0131m Program\u0131nda, bu belediyenin 280 milyon Euro\u2019luk finansman\u0131 kamu yat\u0131r\u0131m program\u0131na al\u0131nd\u0131. Bunu T\u00fcrkiye\u2019de ba\u015farabilen bir belediye yok san\u0131r\u0131m. 2025\u2019in ikinci yar\u0131s\u0131nda, bu \u015fehrin alt yap\u0131s\u0131na ve \u00fcst yap\u0131s\u0131na getirece\u011fimiz hizmetler i\u00e7in \u00e7al\u0131\u015ft\u0131k. 2025 y\u0131l\u0131nda bekledi\u011fimiz bir 4. Etap Rayl\u0131 Sistem Projemiz vard\u0131. Kamu Yat\u0131r\u0131m Program\u0131\u2019na al\u0131nmas\u0131n\u0131 bekliyorduk. Asl\u0131nda yat\u0131r\u0131mlar\u0131m\u0131z\u0131 biraz da bunu \u00f6nceleyerek planlam\u0131\u015ft\u0131k ama 2025 y\u0131l\u0131 kamu yat\u0131r\u0131m program\u0131nda yoktu. 2026 y\u0131l\u0131nda al\u0131nd\u0131. 271 Milyon Euro\u2019luk bir yat\u0131r\u0131mla ge\u00e7ti. 4. Etap Rayl\u0131 Sistem Projesi\u2019nin haz\u0131rl\u0131klar\u0131na ba\u015flad\u0131k. Sadece onun ilk yap\u0131lacak k\u0131sm\u0131nda bile 5 adet k\u00f6pr\u00fcl\u00fc kav\u015fa\u011f\u0131m\u0131z var. 10\u2019un \u00fczerinde \u00fcst ge\u00e7idimiz var.\u201d <\/span><\/span><\/span><\/span><\/p>\n<p><span style=\"font-size:12pt\"><span style=\"font-family:Cambria,serif\"><span lang=\"tr\" style=\",serif\"><span style=\"color:black\">\u00d6NCEL\u0130K 4. ETAP RAYLI S\u0130STEM<\/span><\/span><\/span><\/span><\/p>\n<p><span style=\"font-size:12pt\"><span style=\"font-family:Cambria,serif\"><span lang=\"tr\" style=\",serif\"><span style=\"color:black\">Faaliyet Raporu\u2019na y\u00f6nelik yap\u0131c\u0131 ele\u015ftiriler i\u00e7in te\u015fekk\u00fcr eden Ba\u015fkan Vekili \u00d6zdemir, \u201cBu belediye \u00e7al\u0131\u015fmalar\u0131na h\u0131z kesmeden devam edecektir. Kamu Yat\u0131r\u0131m Program\u0131\u2019na ald\u0131rd\u0131\u011f\u0131m\u0131z, finansman\u0131m\u0131zla birlikte kredisini buldu\u011fumuz bu rakamlarla projelerimize, hizmetlerimize devam edece\u011fiz. 200\u2019e yak\u0131n otob\u00fcs al\u0131m\u0131 ger\u00e7ekle\u015ftirece\u011fiz. 56 tane tam donan\u0131ml\u0131 itfaiye arac\u0131 var. Sadece 1,3 milyarl\u0131k \u00f6z kaynakla bir ara\u00e7 yat\u0131r\u0131m\u0131ndan bahsediyoruz. Bunlar da yat\u0131r\u0131md\u0131r. 5\u2019in \u00fczerinde kav\u015fak projemizi bakanl\u0131\u011fa g\u00f6nderdik, onaylatt\u0131k, projelerimizi haz\u0131rlad\u0131k. Ama \u015fu an \u00f6nceli\u011fimiz 4. Etap Rayl\u0131 Sistem. Kamu Yat\u0131r\u0131m Program\u0131na da al\u0131nmas\u0131yla birlikte planlamam\u0131z\u0131 bu noktadan ba\u015flataca\u011f\u0131z. S\u00fcrprizi de vermi\u015f olay\u0131m Konyaalt\u0131\u2019ndan ba\u015flataca\u011f\u0131z. Bu noktada \u00e7al\u0131\u015fmalar\u0131m\u0131za devam ediyoruz. Katk\u0131 koyan herkese te\u015fekk\u00fcr ediyoruz\u201d dedi. <\/span><\/span><\/span><\/span><\/p>\n<p><span style=\"font-size:12pt\"><span style=\"font-family:Cambria,serif\"><span lang=\"tr\" style=\",serif\">ENC\u00dcMEN VE KOM\u0130SYON \u00dcYELER\u0130 SE\u00c7\u0130LD\u0130<\/span><\/span><\/span><\/p>\n<p><span style=\"font-size:12pt\"><span style=\"font-family:Cambria,serif\"><span lang=\"tr\" style=\",serif\">B\u00fcy\u00fck\u015fehir Belediyesi Meclisi\u2019nde yap\u0131lan oylaman\u0131n ard\u0131ndan B\u00fcy\u00fck\u015fehir Belediyesi Enc\u00fcmen \u00dcyeli\u011fine; Mustafa Bilici (CHP), Utkan Hasan Emino\u011flu (CHP), Mustafa Oru\u00e7 (CHP), Erg\u00fcven Y\u0131lmaz (CHP), Hasan Akkoyun (CHP) se\u00e7ildi.<\/span><\/span><\/span><\/p>\n<p><span style=\"font-size:12pt\"><span style=\"font-family:Cambria,serif\"><span lang=\"tr\" style=\",serif\">Komisyonlarda yer alan isimler \u015fu \u015fekilde olu\u015ftu:<\/span><\/span><\/span><\/p>\n<p><span style=\"font-size:12pt\"><span style=\"font-family:Cambria,serif\"><b><span lang=\"tr\" style=\",serif\">Plan ve B\u00fct\u00e7e Komisyonu:<\/span><\/b><span lang=\"tr\" style=\",serif\"> Osman Sert (CHP), Zafer Tan (CHP), Emrah Akbaba (CHP), Adnan Kabaa\u011fa\u00e7 (CHP), Kemal Sancaktar (AKP)<\/span><\/span><\/span><\/p>\n<p><span style=\"font-size:12pt\"><span style=\"font-family:Cambria,serif\"><b><span lang=\"tr\" style=\",serif\">\u0130mar ve Bay\u0131nd\u0131rl\u0131k Komisyonu: <\/span><\/b><span lang=\"tr\" style=\",serif\">Mithat Aras (CHP), S\u0131d\u0131ka G\u00f6kyar K\u0131z\u0131lca (CHP), Hasan Can Kamburo\u011flu (CHP), Nazmi G\u00fcnd\u00fcz (CHP), Hasan Cumhur G\u00f6nc\u00fc (AKP) <\/span><\/span><\/span><\/p>\n<p><span style=\"font-size:12pt\"><span style=\"font-family:Cambria,serif\"><b><span lang=\"tr\" style=\",serif\">\u00c7evre ve Sa\u011fl\u0131k Komisyonu: <\/span><\/b><span lang=\"tr\" style=\",serif\">G\u00fclen Ercan (CHP), Celal Ko\u00e7 (CHP), \u00d6zlem Tarak\u00e7\u0131 (CHP), Cennet Turhan (CHP), Murat Menzilcio\u011flu (AKP)<b>\u00a0 <\/b><\/span><\/span><\/span><\/p>\n<p><span style=\"font-size:12pt\"><span style=\"font-family:Cambria,serif\"><b><span lang=\"tr\" style=\",serif\">E\u011fitim, K\u00fclt\u00fcr, Gen\u00e7lik ve Spor Komisyonu:<\/span><\/b><span lang=\"tr\" style=\",serif\"> Nil\u00fcfer Deveci (CHP), Metin Yara\u015fc\u0131 (CHP), Y\u00fccel Y\u00fccesan (CHP), H\u00fcr Diren Da\u011f (CHP), Osman \u00dclker (AKP)<\/span><\/span><\/span><\/p>\n<p><span style=\"font-size:12pt\"><span style=\"font-family:Cambria,serif\"><b><span lang=\"tr\" style=\",serif\">Ula\u015f\u0131m Komisyonu: <\/span><\/b><span lang=\"tr\" style=\",serif\">R\u0131za Maden (CHP), S\u00fcleyman Tursun (CHP), Erdal Yay\u0131c\u0131 (CHP), Celal Ko\u00e7 (CHP), Levent Konur (AKP)\u00a0\u00a0 <\/span><\/span><\/span><\/p>\n<p><span style=\"font-size:12pt\"><span style=\"font-family:Cambria,serif\"><b><span lang=\"tr\" style=\",serif\">Yerel E\u015fitlik Komisyonu: <\/span><\/b><span lang=\"tr\" style=\",serif\">Nil\u00fcfer Deveci (CHP), S\u0131d\u0131ka G\u00f6kyar K\u0131z\u0131lca (CHP), G\u00fclen Ercan (CHP), Ay\u015fe Zehra Ak\u0131n (CHP), Tu\u011fba Er (AKP) <\/span><\/span><\/span><\/p>\n<p>\u00a0<\/p>\n<p>Kaynak: (BYZHA) Beyaz Haber Ajans\u0131<\/p>\n","protected":false},"excerpt":{"rendered":"<p>Antalya B\u00fcy\u00fck\u015fehir Belediye Meclisi Nisan ay\u0131 ola\u011fan toplant\u0131s\u0131 B\u00fcy\u00fck\u015fehir Belediye Ba\u015fkan Vekili B\u00fc\u015fra \u00d6zdemir ba\u015fkanl\u0131\u011f\u0131nda yap\u0131ld\u0131.<\/p>\n","protected":false},"author":1,"featured_media":10211,"comment_status":"open","ping_status":"open","sticky":false,"template":"","format":"standard","meta":{"footnotes":""},"categories":[21],"tags":[],"class_list":["post-10210","post","type-post","status-publish","format-standard","has-post-thumbnail","hentry","category-gundem"],"_links":{"self":[{"href":"https:\/\/busondakika.com.tr\/index.php?rest_route=\/wp\/v2\/posts\/10210","targetHints":{"allow":["GET"]}}],"collection":[{"href":"https:\/\/busondakika.com.tr\/index.php?rest_route=\/wp\/v2\/posts"}],"about":[{"href":"https:\/\/busondakika.com.tr\/index.php?rest_route=\/wp\/v2\/types\/post"}],"author":[{"embeddable":true,"href":"https:\/\/busondakika.com.tr\/index.php?rest_route=\/wp\/v2\/users\/1"}],"replies":[{"embeddable":true,"href":"https:\/\/busondakika.com.tr\/index.php?rest_route=%2Fwp%2Fv2%2Fcomments&post=10210"}],"version-history":[{"count":1,"href":"https:\/\/busondakika.com.tr\/index.php?rest_route=\/wp\/v2\/posts\/10210\/revisions"}],"predecessor-version":[{"id":10212,"href":"https:\/\/busondakika.com.tr\/index.php?rest_route=\/wp\/v2\/posts\/10210\/revisions\/10212"}],"wp:featuredmedia":[{"embeddable":true,"href":"https:\/\/busondakika.com.tr\/index.php?rest_route=\/wp\/v2\/media\/10211"}],"wp:attachment":[{"href":"https:\/\/busondakika.com.tr\/index.php?rest_route=%2Fwp%2Fv2%2Fmedia&parent=10210"}],"wp:term":[{"taxonomy":"category","embeddable":true,"href":"https:\/\/busondakika.com.tr\/index.php?rest_route=%2Fwp%2Fv2%2Fcategories&post=10210"},{"taxonomy":"post_tag","embeddable":true,"href":"https:\/\/busondakika.com.tr\/index.php?rest_route=%2Fwp%2Fv2%2Ftags&post=10210"}],"curies":[{"name":"wp","href":"https:\/\/api.w.org\/{rel}","templated":true}]}}