{"id":10213,"date":"2026-04-14T09:10:59","date_gmt":"2026-04-14T09:10:59","guid":{"rendered":"https:\/\/busondakika.com.tr\/?p=10213"},"modified":"2026-04-14T09:11:00","modified_gmt":"2026-04-14T09:11:00","slug":"baskan-yetiskinden-adalete-erisim-herkes-icin-ulasilabilir-olmali-mesaji","status":"publish","type":"post","link":"https:\/\/busondakika.com.tr\/?p=10213","title":{"rendered":"Ba\u015fkan Yeti\u015fkin\u2019den \u201cAdalete eri\u015fim herkes i\u00e7in ula\u015f\u0131labilir olmal\u0131\u201d mesaj\u0131"},"content":{"rendered":"<p> Seferihisar Belediyesi ile \u0130zmir Barosu aras\u0131nda y\u00fcr\u00fct\u00fclen i\u015f birli\u011fi kapsam\u0131nda ba\u015flat\u0131lan adli yard\u0131m hizmeti il\u00e7ede devam ediyor. Uygulama kapsam\u0131nda \u0130zmir Barosu taraf\u0131ndan g\u00f6revlendirilen avukatlar, her hafta pazartesi g\u00fcn\u00fc Seferihisar Belediyesi Kent Belle\u011fi ve An\u0131 Evi\u2019nde vatanda\u015flar\u0131 a\u011f\u0131rlayarak hukuki konularda \u00fccretsiz dan\u0131\u015fmanl\u0131k hizmeti veriyor.<\/p>\n<p>Seferihisar Belediyesi\u2019nin ev sahipli\u011finde y\u00fcr\u00fct\u00fclen hizmet sayesinde \u00f6zellikle ekonomik imk\u00e2nlar\u0131 s\u0131n\u0131rl\u0131 olan vatanda\u015flar, haklar\u0131n\u0131 \u00f6\u011frenmek ve hukuki s\u00fcre\u00e7ler hakk\u0131nda bilgi almak i\u00e7in avukatlarla birebir g\u00f6r\u00fc\u015fme imk\u00e2n\u0131 buluyor. Bo\u015fanma, nafaka, velayet, i\u015f hukuku, miras, \u015fiddet ve benzeri pek \u00e7ok konuda vatanda\u015flara rehberlik sa\u011flan\u0131yor.<\/p>\n<p>Adli yard\u0131m hizmeti kapsam\u0131nda avukatlar, ba\u015fvuran vatanda\u015flar\u0131n durumlar\u0131n\u0131 de\u011ferlendirerek hukuki s\u00fcre\u00e7ler hakk\u0131nda bilgi veriyor, gerekli durumlarda \u0130zmir Barosu Adli Yard\u0131m B\u00fcrosu arac\u0131l\u0131\u011f\u0131yla s\u00fcrecin devam etmesine destek oluyor.<\/p>\n<p>Seferihisar Belediye Ba\u015fkan\u0131 \u0130smail Yeti\u015fkin, adli yard\u0131m hizmetinin \u00f6zellikle adalete eri\u015fimde zorluk ya\u015fayan vatanda\u015flar i\u00e7in \u00f6nemli bir destek oldu\u011funu belirterek \u015funlar\u0131 s\u00f6yledi:<\/p>\n<p>\u201cAdalete eri\u015fim herkes i\u00e7in e\u015fit ve ula\u015f\u0131labilir olmal\u0131d\u0131r. Biz Seferihisar Belediyesi olarak yaln\u0131zca altyap\u0131 hizmetleri sunan bir kurum de\u011fil, ayn\u0131 zamanda hem\u015fehrilerimizin ya\u015fam\u0131n her alan\u0131nda yan\u0131nda olan bir yerel y\u00f6netimiz. \u0130zmir Barosu ile ger\u00e7ekle\u015ftirdi\u011fimiz i\u015f birli\u011fi sayesinde vatanda\u015flar\u0131m\u0131z\u0131n hukuki destek alabilece\u011fi bir mekanizmay\u0131 il\u00e7emizde hayata ge\u00e7irmi\u015f olmaktan mutluluk duyuyoruz.\u201d<\/p>\n<p>Ba\u015fkan Yeti\u015fkin \u00f6zellikle kad\u0131nlar\u0131n hukuki destek alabilmesinin \u00f6nemine dikkat \u00e7ekerek \u015f\u00f6yle devam etti:<\/p>\n<p>\u201cKad\u0131nlar\u0131n haklar\u0131n\u0131 bilmesi ve gerekti\u011finde hukuki destek alabilmesi \u00e7ok \u00f6nemli. Ne yaz\u0131k ki \u00fclkemizde kad\u0131nlar\u0131n maruz kald\u0131\u011f\u0131 \u015fiddet ve hak ihlalleri h\u00e2l\u00e2 ciddi bir sorun olarak kar\u015f\u0131m\u0131zda duruyor. Seferihisar\u2019da hi\u00e7bir kad\u0131n\u0131n kendini yaln\u0131z hissetmemesi i\u00e7in \u00e7al\u0131\u015f\u0131yoruz. \u015eiddete kar\u015f\u0131, e\u015fitsizli\u011fe kar\u015f\u0131 ve her t\u00fcrl\u00fc hak ihlaline kar\u015f\u0131 kad\u0131nlar\u0131n yan\u0131nda olmaya devam edece\u011fiz. Bu adli yard\u0131m hizmeti de kad\u0131nlar\u0131n haklar\u0131n\u0131 \u00f6\u011frenmesi ve gerekti\u011finde hukuki s\u00fcreci ba\u015flatabilmesi a\u00e7\u0131s\u0131ndan \u00e7ok k\u0131ymetli.\u201d<\/p>\n<p>Seferihisar Belediyesi olarak sosyal belediyecilik anlay\u0131\u015f\u0131yla hareket ettiklerini vurgulayan Yeti\u015fkin s\u00f6zlerini \u015f\u00f6yle tamamlad\u0131:<\/p>\n<p>\u201cSeferihisar\u2019da ya\u015fayan t\u00fcm hem\u015fehrilerimizin her konuda yan\u0131nda olmaya devam edece\u011fiz. Hukuki destek ihtiyac\u0131 duyan vatanda\u015flar\u0131m\u0131z\u0131n kolayl\u0131kla dan\u0131\u015fmanl\u0131k alabilece\u011fi bu hizmeti \u00f6nemsiyoruz. \u0130zmir Barosu\u2019na ve katk\u0131 sunan t\u00fcm avukatlar\u0131m\u0131za te\u015fekk\u00fcr ediyorum.\u201d<\/p>\n<p>Adli yard\u0131m hizmeti kapsam\u0131nda vatanda\u015flar her pazartesi g\u00fcn\u00fc Seferihisar Belediyesi An\u0131 Evi\u2019nde \u00fccretsiz hukuki dan\u0131\u015fmanl\u0131k alabiliyor. B\u00f6ylece Seferihisarl\u0131lar, hukuki haklar\u0131 konusunda bilgi edinme ve gerekli y\u00f6nlendirmeleri alma f\u0131rsat\u0131 buluyor.<\/p>\n<p>\u00a0<\/p>\n<p>\u00a0<\/p>\n<p>Kaynak: (BYZHA) Beyaz Haber Ajans\u0131<\/p>\n","protected":false},"excerpt":{"rendered":"<p>Seferihisar Belediyesi ile \u0130zmir Barosu aras\u0131nda y\u00fcr\u00fct\u00fclen i\u015f birli\u011fi kapsam\u0131nda ba\u015flat\u0131lan adli yard\u0131m hizmeti il\u00e7ede devam ediyor.<\/p>\n","protected":false},"author":1,"featured_media":10214,"comment_status":"open","ping_status":"open","sticky":false,"template":"","format":"standard","meta":{"footnotes":""},"categories":[21],"tags":[],"class_list":["post-10213","post","type-post","status-publish","format-standard","has-post-thumbnail","hentry","category-gundem"],"_links":{"self":[{"href":"https:\/\/busondakika.com.tr\/index.php?rest_route=\/wp\/v2\/posts\/10213","targetHints":{"allow":["GET"]}}],"collection":[{"href":"https:\/\/busondakika.com.tr\/index.php?rest_route=\/wp\/v2\/posts"}],"about":[{"href":"https:\/\/busondakika.com.tr\/index.php?rest_route=\/wp\/v2\/types\/post"}],"author":[{"embeddable":true,"href":"https:\/\/busondakika.com.tr\/index.php?rest_route=\/wp\/v2\/users\/1"}],"replies":[{"embeddable":true,"href":"https:\/\/busondakika.com.tr\/index.php?rest_route=%2Fwp%2Fv2%2Fcomments&post=10213"}],"version-history":[{"count":1,"href":"https:\/\/busondakika.com.tr\/index.php?rest_route=\/wp\/v2\/posts\/10213\/revisions"}],"predecessor-version":[{"id":10215,"href":"https:\/\/busondakika.com.tr\/index.php?rest_route=\/wp\/v2\/posts\/10213\/revisions\/10215"}],"wp:featuredmedia":[{"embeddable":true,"href":"https:\/\/busondakika.com.tr\/index.php?rest_route=\/wp\/v2\/media\/10214"}],"wp:attachment":[{"href":"https:\/\/busondakika.com.tr\/index.php?rest_route=%2Fwp%2Fv2%2Fmedia&parent=10213"}],"wp:term":[{"taxonomy":"category","embeddable":true,"href":"https:\/\/busondakika.com.tr\/index.php?rest_route=%2Fwp%2Fv2%2Fcategories&post=10213"},{"taxonomy":"post_tag","embeddable":true,"href":"https:\/\/busondakika.com.tr\/index.php?rest_route=%2Fwp%2Fv2%2Ftags&post=10213"}],"curies":[{"name":"wp","href":"https:\/\/api.w.org\/{rel}","templated":true}]}}