{"id":10219,"date":"2026-04-14T09:18:56","date_gmt":"2026-04-14T09:18:56","guid":{"rendered":"https:\/\/busondakika.com.tr\/?p=10219"},"modified":"2026-04-14T09:18:57","modified_gmt":"2026-04-14T09:18:57","slug":"izmit-sahil-baglanti-kolu-trafige-kapatiliyor","status":"publish","type":"post","link":"https:\/\/busondakika.com.tr\/?p=10219","title":{"rendered":"\u0130zmit sahil ba\u011flant\u0131 kolu trafi\u011fe kapat\u0131l\u0131yor"},"content":{"rendered":"<p> Kocaeli B\u00fcy\u00fck\u015fehir Belediyesi, trafi\u011fe nefes ald\u0131racak Ba\u015fiskele Kav\u015fa\u011f\u0131 Projesi\u2019nde \u00f6nemli bir a\u015famaya daha ge\u00e7iyor. Proje kapsam\u0131nda \u201c\u0130zmit Sahil Ba\u011flant\u0131 Yolu\u201d 14 Nisan Sal\u0131 (yar\u0131n) g\u00fcn\u00fc itibariyle trafi\u011fe kapat\u0131lacak, \u00e7al\u0131\u015fmalar daha da h\u0131z kazanacak. Bu s\u00fcre\u00e7te s\u00fcr\u00fcc\u00fcler i\u00e7in alternatif g\u00fczerg\u00e2h belirlendi. Yetkililer, s\u00fcr\u00fcc\u00fcleri h\u0131z s\u0131n\u0131rlar\u0131na uymalar\u0131 ve trafik i\u015faretleri ile levhalara dikkat etmeleri konusunda uyard\u0131.<\/p>\n<p><b>SAH\u0130L YOLU BA\u011eLANTISI KAV\u015eAKTAN AYRILIYOR<\/b><br \/>Kocaeli\u2019de ula\u015f\u0131m altyap\u0131s\u0131n\u0131 g\u00fc\u00e7lendirecek \u00f6nemli projelerden biri olan \u201cD-130 Karayolu Ba\u015fiskele Kav\u015fa\u011f\u0131 Koridor Projesi 1. Etap Yap\u0131m \u0130\u015fi\u201d t\u00fcm h\u0131z\u0131yla devam ediyor. Bu kapsamda D-130 Karayolu ile \u00d6mer T\u00fcrk\u00e7akal Bulvar\u0131 (Sahil Yolu) aras\u0131ndaki ba\u011flant\u0131n\u0131n Yuvac\u0131k Kav\u015fa\u011f\u0131\u2019ndan ayr\u0131lmas\u0131n\u0131 sa\u011flayacak yeni ba\u011flant\u0131 kolunda \u00e7al\u0131\u015fmalar son a\u015famaya ula\u015ft\u0131. S\u00f6z konusu \u00e7al\u0131\u015fmalar\u0131n ger\u00e7ekle\u015ftirilebilmesi i\u00e7in \u201cYuvac\u0131k Kav\u015fa\u011f\u0131\u201d \u00fczerindeki mevcut sahil yolu ba\u011flant\u0131 kolu 14 Nisan Sal\u0131 (yar\u0131n) g\u00fcn\u00fc itibariyle trafi\u011fe kapat\u0131lacak. Bu alandaki \u00e7al\u0131\u015fmalar\u0131n 14 Haziran g\u00fcn\u00fcne kadar devam etmesi planlan\u0131yor.<\/p>\n<p><b>ALTERNAT\u0130F G\u00dcZERG\u00c2H BEL\u0130RLEND\u0130<\/b><\/p>\n<p>Trafik ak\u0131\u015f\u0131n\u0131n kesintiye u\u011framamas\u0131 ad\u0131na s\u00fcr\u00fcc\u00fcler alternatif g\u00fczerg\u00e2ha y\u00f6nlendirilecek. Buna g\u00f6re D-130 Karayolu\u2019ndan gelen ara\u00e7lar G\u00fcney Yanyol \u00fczerinden Bursa Caddesi\u2019ne, oradan da Muhtar Ustao\u011flu Sokak ve Hoca Ahmet Yesevi Caddesi g\u00fczerg\u00e2h\u0131n\u0131 takip ederek yeniden sahil yoluna ula\u015fabilecek.<\/p>\n<p><b>S\u00dcR\u00dcC\u00dcLERE \u201cD\u0130KKATL\u0130 OLUN\u201d UYARISI<\/b><br \/>Yetkililer, s\u00fcr\u00fcc\u00fclerin \u00e7al\u0131\u015fma sahas\u0131ndaki trafik i\u015faret ve y\u00f6nlendirmelerine uymalar\u0131, h\u0131z limitlerine dikkat etmeleri ve \u00f6zellikle yo\u011fun saatlerde planl\u0131 hareket etmeleri gerekti\u011fini vurgulad\u0131.<\/p>\n<p><b>YEN\u0130 BA\u011eLANTI YOLU HIZLA TAMAMLANACAK<\/b><br \/>Mevcut ba\u011flant\u0131 kolunun trafi\u011fe kapat\u0131lmas\u0131yla birlikte yeni ba\u011flant\u0131 kolundaki \u00e7al\u0131\u015fmalar\u0131n h\u0131z kazanmas\u0131 ve projenin en k\u0131sa s\u00fcrede tamamlanmas\u0131 hedefleniyor. Proje tamamland\u0131\u011f\u0131nda D-130 Karayolu ile Sahil Yolu aras\u0131ndaki ula\u015f\u0131m, Yuvac\u0131k Kav\u015fa\u011f\u0131\u2019ndan ayr\u0131larak yeni in\u015fa edilen direksiyonel ba\u011flant\u0131 kolu \u00fczerinden sa\u011flanacak.<\/p>\n<p><b>DEV K\u0130R\u0130\u015eLER\u0130N MONTAJI TAMAMLANDI<\/b><br \/>\u00d6te yandan g\u00fczerg\u00e2h \u00fczerinde yer alan ve 43 metrelik prefabrik kiri\u015fleriyle dikkat \u00e7eken k\u00f6pr\u00fcn\u00fcn kiri\u015f montaj\u0131 ge\u00e7ti\u011fimiz g\u00fcnlerde ba\u015far\u0131yla tamamlanm\u0131\u015ft\u0131. Projede \u015fimdi iki k\u00f6pr\u00fc aras\u0131nda kalan b\u00f6l\u00fcmde zemin iyile\u015ftirme ve geofoam dolgu imalatlar\u0131na ge\u00e7iliyor. Bu \u00e7al\u0131\u015fmalar\u0131n, ba\u011flant\u0131 kolunun g\u00fcvenli ve uzun \u00f6m\u00fcrl\u00fc olmas\u0131 a\u00e7\u0131s\u0131ndan b\u00fcy\u00fck \u00f6nem ta\u015f\u0131d\u0131\u011f\u0131 ifade ediliyor.<\/p>\n<p><b>TRAF\u0130K \u00d6NEML\u0130 \u00d6L\u00c7\u00dcDE RAHATLAYACAK<\/b><br \/>Yeni d\u00fczenleme ile b\u00f6lgede yo\u011fun trafik y\u00fck\u00fc ta\u015f\u0131yan mevcut ba\u011flant\u0131n\u0131n yerini daha modern ve ak\u0131c\u0131 bir sistem alacak. B\u00f6ylece trafik yo\u011funlu\u011funun \u00f6nemli \u00f6l\u00e7\u00fcde azalmas\u0131 ve ula\u015f\u0131m\u0131n daha konforlu hale gelmesi bekleniyor.<\/p>\n<p>\u00a0<\/p>\n<p>Kaynak: (BYZHA) Beyaz Haber Ajans\u0131<\/p>\n","protected":false},"excerpt":{"rendered":"<p>Kocaeli B\u00fcy\u00fck\u015fehir Belediyesi, trafi\u011fe nefes ald\u0131racak Ba\u015fiskele Kav\u015fa\u011f\u0131 Projesi\u2019nde \u00f6nemli bir a\u015famaya daha ge\u00e7iyor.<\/p>\n","protected":false},"author":1,"featured_media":10220,"comment_status":"open","ping_status":"open","sticky":false,"template":"","format":"standard","meta":{"footnotes":""},"categories":[21],"tags":[],"class_list":["post-10219","post","type-post","status-publish","format-standard","has-post-thumbnail","hentry","category-gundem"],"_links":{"self":[{"href":"https:\/\/busondakika.com.tr\/index.php?rest_route=\/wp\/v2\/posts\/10219","targetHints":{"allow":["GET"]}}],"collection":[{"href":"https:\/\/busondakika.com.tr\/index.php?rest_route=\/wp\/v2\/posts"}],"about":[{"href":"https:\/\/busondakika.com.tr\/index.php?rest_route=\/wp\/v2\/types\/post"}],"author":[{"embeddable":true,"href":"https:\/\/busondakika.com.tr\/index.php?rest_route=\/wp\/v2\/users\/1"}],"replies":[{"embeddable":true,"href":"https:\/\/busondakika.com.tr\/index.php?rest_route=%2Fwp%2Fv2%2Fcomments&post=10219"}],"version-history":[{"count":1,"href":"https:\/\/busondakika.com.tr\/index.php?rest_route=\/wp\/v2\/posts\/10219\/revisions"}],"predecessor-version":[{"id":10221,"href":"https:\/\/busondakika.com.tr\/index.php?rest_route=\/wp\/v2\/posts\/10219\/revisions\/10221"}],"wp:featuredmedia":[{"embeddable":true,"href":"https:\/\/busondakika.com.tr\/index.php?rest_route=\/wp\/v2\/media\/10220"}],"wp:attachment":[{"href":"https:\/\/busondakika.com.tr\/index.php?rest_route=%2Fwp%2Fv2%2Fmedia&parent=10219"}],"wp:term":[{"taxonomy":"category","embeddable":true,"href":"https:\/\/busondakika.com.tr\/index.php?rest_route=%2Fwp%2Fv2%2Fcategories&post=10219"},{"taxonomy":"post_tag","embeddable":true,"href":"https:\/\/busondakika.com.tr\/index.php?rest_route=%2Fwp%2Fv2%2Ftags&post=10219"}],"curies":[{"name":"wp","href":"https:\/\/api.w.org\/{rel}","templated":true}]}}