{"id":10234,"date":"2026-04-14T09:38:20","date_gmt":"2026-04-14T09:38:20","guid":{"rendered":"https:\/\/busondakika.com.tr\/?p=10234"},"modified":"2026-04-14T09:38:21","modified_gmt":"2026-04-14T09:38:21","slug":"genc-ciftin-yuzuklerini-baskan-topaloglu-takti","status":"publish","type":"post","link":"https:\/\/busondakika.com.tr\/?p=10234","title":{"rendered":"Gen\u00e7 \u00e7iftin y\u00fcz\u00fcklerini Ba\u015fkan Topalo\u011flu takt\u0131"},"content":{"rendered":"<p> Kemer Belediye Ba\u015fkan\u0131 Necati Topalo\u011flu, Kemer Belediye G\u00fcre\u015f\u00e7isi Kemal Berke Kaya ile Nihal \u0130rban&#8217;\u0131n s\u00f6z y\u00fcz\u00fcklerini takarak, gen\u00e7 \u00e7ifti ve ailesini tebrik etti.\u00a0<\/p>\n<p>Kemer&#8217;de yer alan Zarafet Davet Evi&#8217;nde yap\u0131lan k\u0131z isteme ve s\u00f6z t\u00f6renine, Kemer Belediye Ba\u015fkan\u0131 Necati Topalo\u011flu\u2019nun yan\u0131 s\u0131ra Kemer Belediye Ba\u015fkan Yard\u0131mc\u0131s\u0131 Emin G\u00fcl ve e\u015fi Hale G\u00fcl, i\u015f insan\u0131 Adnan \u00c7a\u011fatay, Kemer Belediye G\u00fcre\u015f\u00e7isi Kemal Berke Kaya&#8217;n\u0131n ailesi Recep-G\u00fclten Kaya, Nihal \u0130rban&#8217;\u0131n ailesi Elime-Sami \u0130rban ve gen\u00e7 \u00e7iftin yak\u0131nlar\u0131 kat\u0131ld\u0131.\u00a0<\/p>\n<p>K\u0131z isteme t\u00f6reninden sonra \u00e7iftin y\u00fcz\u00fcklerini Ba\u015fkan Topalo\u011flu takarken, kurdeleyi ise Ba\u015fkan Yard\u0131mc\u0131s\u0131 Emin G\u00fcl kesti.\u00a0<\/p>\n<p>Ba\u015fkan Topalo\u011flu ve Ba\u015fkan Yard\u0131mc\u0131s\u0131 Emin G\u00fcl, Kemer Belediyesi Park ve Bah\u00e7eler M\u00fcd\u00fcrl\u00fc\u011f\u00fc\u2019nde \u015fef olarak \u00e7al\u0131\u015fan Recep Kaya&#8217;n\u0131n o\u011flu Kemal Berke ile Nihal \u0130rban&#8217;\u0131 tebrik etti.\u00a0<\/p>\n<p>\u00a0<\/p>\n<p>Kaynak: (BYZHA) Beyaz Haber Ajans\u0131<\/p>\n","protected":false},"excerpt":{"rendered":"<p>Kemer Belediye Ba\u015fkan\u0131 Necati Topalo\u011flu, Kemer Belediye G\u00fcre\u015f\u00e7isi Kemal Berke Kaya ile Nihal \u0130rban&#8217;\u0131n s\u00f6z y\u00fcz\u00fcklerini takarak, gen\u00e7 \u00e7ifti ve ailesini tebrik etti.<\/p>\n","protected":false},"author":1,"featured_media":10235,"comment_status":"open","ping_status":"open","sticky":false,"template":"","format":"standard","meta":{"footnotes":""},"categories":[21],"tags":[],"class_list":["post-10234","post","type-post","status-publish","format-standard","has-post-thumbnail","hentry","category-gundem"],"_links":{"self":[{"href":"https:\/\/busondakika.com.tr\/index.php?rest_route=\/wp\/v2\/posts\/10234","targetHints":{"allow":["GET"]}}],"collection":[{"href":"https:\/\/busondakika.com.tr\/index.php?rest_route=\/wp\/v2\/posts"}],"about":[{"href":"https:\/\/busondakika.com.tr\/index.php?rest_route=\/wp\/v2\/types\/post"}],"author":[{"embeddable":true,"href":"https:\/\/busondakika.com.tr\/index.php?rest_route=\/wp\/v2\/users\/1"}],"replies":[{"embeddable":true,"href":"https:\/\/busondakika.com.tr\/index.php?rest_route=%2Fwp%2Fv2%2Fcomments&post=10234"}],"version-history":[{"count":1,"href":"https:\/\/busondakika.com.tr\/index.php?rest_route=\/wp\/v2\/posts\/10234\/revisions"}],"predecessor-version":[{"id":10236,"href":"https:\/\/busondakika.com.tr\/index.php?rest_route=\/wp\/v2\/posts\/10234\/revisions\/10236"}],"wp:featuredmedia":[{"embeddable":true,"href":"https:\/\/busondakika.com.tr\/index.php?rest_route=\/wp\/v2\/media\/10235"}],"wp:attachment":[{"href":"https:\/\/busondakika.com.tr\/index.php?rest_route=%2Fwp%2Fv2%2Fmedia&parent=10234"}],"wp:term":[{"taxonomy":"category","embeddable":true,"href":"https:\/\/busondakika.com.tr\/index.php?rest_route=%2Fwp%2Fv2%2Fcategories&post=10234"},{"taxonomy":"post_tag","embeddable":true,"href":"https:\/\/busondakika.com.tr\/index.php?rest_route=%2Fwp%2Fv2%2Ftags&post=10234"}],"curies":[{"name":"wp","href":"https:\/\/api.w.org\/{rel}","templated":true}]}}