{"id":10240,"date":"2026-04-14T09:52:18","date_gmt":"2026-04-14T09:52:18","guid":{"rendered":"https:\/\/busondakika.com.tr\/?p=10240"},"modified":"2026-04-14T09:52:19","modified_gmt":"2026-04-14T09:52:19","slug":"afetlere-karsi-tam-hazirlik","status":"publish","type":"post","link":"https:\/\/busondakika.com.tr\/?p=10240","title":{"rendered":"Afetlere kar\u015f\u0131 tam haz\u0131rl\u0131k"},"content":{"rendered":"<p> \u0130zmir B\u00fcy\u00fck\u015fehir Belediyesi, O\u011fuzlar Ek Hizmet Binas\u0131\u2019nda d\u00fczenledi\u011fi deprem ve yang\u0131n tatbikat\u0131yla personelin kriz anlar\u0131nda do\u011fru, h\u0131zl\u0131 ve koordineli hareket etme becerisini g\u00fc\u00e7lendirdi; ger\u00e7e\u011fini aratmayan senaryoyla afetlere haz\u0131rl\u0131k bir kez daha test edildi.<\/p>\n<p>\u0130zmir B\u00fcy\u00fck\u015fehir Belediyesi Afet \u0130\u015fleri ve Risk Y\u00f6netimi Dairesi Ba\u015fkanl\u0131\u011f\u0131 \u00f6nc\u00fcl\u00fc\u011f\u00fcnde, \u0130zmir B\u00fcy\u00fck\u015fehir Belediyesi \u0130tfaiye Dairesi Ba\u015fkanl\u0131\u011f\u0131 ekipleri taraf\u0131ndan O\u011fuzlar Ek Hizmet Binas\u0131\u2019nda kapsaml\u0131 bir deprem ve yang\u0131n tatbikat\u0131 ger\u00e7ekle\u015ftirildi. Kurum \u00e7al\u0131\u015fanlar\u0131n\u0131n acil durumlarda do\u011fru, h\u0131zl\u0131 ve koordineli hareket edebilme becerisini geli\u015ftirmeyi ama\u00e7layan tatbikat, ger\u00e7e\u011fini aratmayan senaryosuyla dikkat \u00e7ekti.<\/p>\n<p><strong>Depremin ard\u0131ndan yang\u0131n senaryosu devreye girdi<\/strong><\/p>\n<p>Senaryo gere\u011fi merkez \u00fcss\u00fc \u0130zmir olan 6.9 b\u00fcy\u00fckl\u00fc\u011f\u00fcnde bir deprem meydana geldi. Sars\u0131nt\u0131 s\u0131ras\u0131nda bina i\u00e7erisinde bulunan personel, \u201c\u00e7\u00f6k-kapan-tutun\u201d y\u00f6ntemiyle yakla\u015f\u0131k 40 saniye boyunca kendini korumaya ald\u0131. Depremin ard\u0131ndan binan\u0131n zemin kat\u0131nda bulunan elektrik panosunda, elektrik aksam\u0131ndan kaynakl\u0131 yang\u0131n \u00e7\u0131kt\u0131\u011f\u0131 tespit edildi. Yang\u0131n, bina genelinde yap\u0131lan anonslarla duyurularak alarm sistemi devreye sokuldu ve vakit kaybetmeden 112 Acil \u00c7a\u011fr\u0131 Merkezi\u2019ne bildirildi.<\/p>\n<p><strong>\u0130lk m\u00fcdahale bina g\u00f6revlileri taraf\u0131ndan ger\u00e7ekle\u015ftirildi<\/strong><\/p>\n<p>Yang\u0131n\u0131n ihbar edilmesinin ard\u0131ndan \u0130zmir B\u00fcy\u00fck\u015fehir Belediyesi \u0130tfaiye Dairesi Ba\u015fkanl\u0131\u011f\u0131 ekipleri h\u0131zla olay yerine sevk edildi. \u0130tfaiye ekipleri b\u00f6lgeye ula\u015fana kadar, binada g\u00f6revli s\u00f6nd\u00fcrme ekipleri taraf\u0131ndan ta\u015f\u0131nabilir yang\u0131n s\u00f6nd\u00fcrme cihazlar\u0131yla alevlerin yay\u0131lmas\u0131n\u0131 \u00f6nlemeye y\u00f6nelik ilk m\u00fcdahale ger\u00e7ekle\u015ftirildi. Bu s\u00fcre\u00e7te kat g\u00f6revlileri, personelin tahliyesini organize ederek \u00e7al\u0131\u015fanlar\u0131 dumanl\u0131 alanlardan uzakla\u015ft\u0131r\u0131p acil \u00e7\u0131k\u0131\u015flara y\u00f6nlendirdi.<\/p>\n<p><strong>E\u015f zamanl\u0131 yang\u0131na m\u00fcdahale ve tahliye<\/strong><\/p>\n<p>Toplanma alan\u0131nda yap\u0131lan say\u0131mda \u00fc\u00e7 personelin eksik oldu\u011fu belirlendi. Acil durum ekipleri taraf\u0131ndan iki personel binada mahsur kald\u0131klar\u0131 yerden kurtar\u0131ld\u0131. Yang\u0131n\u0131n k\u0131sa s\u00fcrede b\u00fcy\u00fcmesi ve yo\u011fun duman\u0131n bina i\u00e7erisinde yay\u0131lmas\u0131yla birlikte m\u00fcdahale ko\u015fullar\u0131 a\u011f\u0131rla\u015ft\u0131. Bu a\u015famada olay yerine ula\u015fan itfaiye ekipleri, profesyonel ekipman ve koordinasyonla \u00e7al\u0131\u015fmalar\u0131 devrald\u0131. \u0130tfaiye ekipleri, hem yang\u0131na etkin \u015fekilde m\u00fcdahale etti hem de dumanla kaplanan ve eri\u015fimin riskli hale geldi\u011fi alanda mahsur kalan \u00fc\u00e7\u00fcnc\u00fc ki\u015fiye ula\u015farak g\u00fcvenli \u015fekilde tahliyesini sa\u011flad\u0131. Yang\u0131n itfaiye ekipleri taraf\u0131ndan k\u0131sa s\u00fcrede kontrol alt\u0131na al\u0131nd\u0131 ve tatbikat ba\u015far\u0131yla tamamland\u0131.<\/p>\n<p>\u00a0<\/p>\n<p>Kaynak: (BYZHA) Beyaz Haber Ajans\u0131<\/p>\n","protected":false},"excerpt":{"rendered":"<p>\u0130zmir B\u00fcy\u00fck\u015fehir Belediyesi, O\u011fuzlar Ek Hizmet Binas\u0131\u2019nda d\u00fczenledi\u011fi deprem ve yang\u0131n tatbikat\u0131yla personelin kriz anlar\u0131nda do\u011fru, h\u0131zl\u0131 ve koordineli hareket etme becerisini g\u00fc\u00e7lendirdi; ger\u00e7e\u011fini aratmayan senaryoyla afetlere haz\u0131rl\u0131k bir kez daha test edildi.<\/p>\n","protected":false},"author":1,"featured_media":10241,"comment_status":"open","ping_status":"open","sticky":false,"template":"","format":"standard","meta":{"footnotes":""},"categories":[21],"tags":[],"class_list":["post-10240","post","type-post","status-publish","format-standard","has-post-thumbnail","hentry","category-gundem"],"_links":{"self":[{"href":"https:\/\/busondakika.com.tr\/index.php?rest_route=\/wp\/v2\/posts\/10240","targetHints":{"allow":["GET"]}}],"collection":[{"href":"https:\/\/busondakika.com.tr\/index.php?rest_route=\/wp\/v2\/posts"}],"about":[{"href":"https:\/\/busondakika.com.tr\/index.php?rest_route=\/wp\/v2\/types\/post"}],"author":[{"embeddable":true,"href":"https:\/\/busondakika.com.tr\/index.php?rest_route=\/wp\/v2\/users\/1"}],"replies":[{"embeddable":true,"href":"https:\/\/busondakika.com.tr\/index.php?rest_route=%2Fwp%2Fv2%2Fcomments&post=10240"}],"version-history":[{"count":1,"href":"https:\/\/busondakika.com.tr\/index.php?rest_route=\/wp\/v2\/posts\/10240\/revisions"}],"predecessor-version":[{"id":10242,"href":"https:\/\/busondakika.com.tr\/index.php?rest_route=\/wp\/v2\/posts\/10240\/revisions\/10242"}],"wp:featuredmedia":[{"embeddable":true,"href":"https:\/\/busondakika.com.tr\/index.php?rest_route=\/wp\/v2\/media\/10241"}],"wp:attachment":[{"href":"https:\/\/busondakika.com.tr\/index.php?rest_route=%2Fwp%2Fv2%2Fmedia&parent=10240"}],"wp:term":[{"taxonomy":"category","embeddable":true,"href":"https:\/\/busondakika.com.tr\/index.php?rest_route=%2Fwp%2Fv2%2Fcategories&post=10240"},{"taxonomy":"post_tag","embeddable":true,"href":"https:\/\/busondakika.com.tr\/index.php?rest_route=%2Fwp%2Fv2%2Ftags&post=10240"}],"curies":[{"name":"wp","href":"https:\/\/api.w.org\/{rel}","templated":true}]}}