{"id":10279,"date":"2026-04-14T10:18:06","date_gmt":"2026-04-14T10:18:06","guid":{"rendered":"https:\/\/busondakika.com.tr\/?p=10279"},"modified":"2026-04-14T10:18:07","modified_gmt":"2026-04-14T10:18:07","slug":"isudan-stratejik-hamle-9-milyon-m%c2%b3-su-sisteme-kazandiriliyor","status":"publish","type":"post","link":"https:\/\/busondakika.com.tr\/?p=10279","title":{"rendered":"\u0130SU\u2019dan Stratejik Hamle: 9 Milyon m\u00b3 Su Sisteme Kazand\u0131r\u0131l\u0131yor"},"content":{"rendered":"<p> Kocaeli B\u00fcy\u00fck\u015fehir Belediyesi \u0130SU Genel M\u00fcd\u00fcrl\u00fc\u011f\u00fc, kurakl\u0131kla m\u00fccadelede proaktif su y\u00f6netimi vizyonu do\u011frultusunda hayata ge\u00e7irdi\u011fi stratejik projelerden birini daha tamamlamak \u00fczere. Ba\u015fiskele\u2019nin \u00fcst kotlar\u0131ndaki do\u011fal kaynak sular\u0131n\u0131 i\u00e7me suyu \u015febekesine kazand\u0131rmay\u0131 ama\u00e7layan proje ile y\u0131lda 9 milyon metrek\u00fcp ek su kapasitesi sa\u011flanacak. B\u00fcy\u00fck oranda tamamlanan 25 bin 692 metrelik i\u00e7me suyu hatt\u0131 sayesinde Yuvac\u0131k Baraj\u0131\u2019n\u0131n y\u00fck\u00fc azal\u0131rken Kocaeli\u2019nin i\u00e7me suyu arz g\u00fcvenli\u011fi daha da g\u00fc\u00e7lenecek.<\/p>\n<p>YUVACIK BARAJI\u2019NIN Y\u00dcK\u00dc AZALIYOR<\/p>\n<p>K\u00fcresel iklim de\u011fi\u015fikli\u011finin su kaynaklar\u0131 \u00fczerindeki bask\u0131y\u0131 art\u0131rd\u0131\u011f\u0131 g\u00fcn\u00fcm\u00fczde, Kocaeli B\u00fcy\u00fck\u015fehir Belediyesi \u0130SU Genel M\u00fcd\u00fcrl\u00fc\u011f\u00fc s\u00fcrd\u00fcr\u00fclebilir su y\u00f6netimi anlay\u0131\u015f\u0131yla alternatif kaynaklar\u0131 devreye almaya devam ediyor. Kocaeli\u2019nin g\u00fcnl\u00fck yakla\u015f\u0131k 650 bin metrek\u00fcpl\u00fck i\u00e7me suyu ihtiyac\u0131n\u0131n 270 bin metrek\u00fcp\u00fc Yuvac\u0131k Baraj\u0131\u2019ndan kar\u015f\u0131lan\u0131rken kalan ihtiya\u00e7 ise alternatif su kaynaklar\u0131ndan temin ediliyor. \u0130SU\u2019nun hayata ge\u00e7irdi\u011fi ar\u0131tma tesisleri, i\u00e7me suyu kuyular\u0131, depo yat\u0131r\u0131mlar\u0131, kaptaj \u00e7al\u0131\u015fmalar\u0131, SCADA destekli otomasyon sistemleri ve kay\u0131p-ka\u00e7akla m\u00fccadele projeleri, baraj \u00fczerindeki y\u00fck\u00fcn azalt\u0131lmas\u0131na \u00f6nemli katk\u0131 sa\u011fl\u0131yor.<\/p>\n<p>9 M\u0130LYON METREK\u00dcPL\u00dcK KAYNAK DEVREYE ALINIYOR<\/p>\n<p>\u0130SU Genel M\u00fcd\u00fcrl\u00fc\u011f\u00fc taraf\u0131ndan Ba\u015fiskele il\u00e7esi Yuvac\u0131k b\u00f6lgesinde y\u00fcr\u00fct\u00fclen \u00e7al\u0131\u015fmalar kapsam\u0131nda, \u00fcst kotlarda yer alan ve Yuvac\u0131k Baraj\u0131 havzas\u0131na d\u00e2hil olmayan do\u011fal kaynak sular\u0131 modern altyap\u0131 sistemleriyle i\u00e7me suyu \u015febekesine entegre ediliyor. Proje kapsam\u0131nda planlanan toplam 25 bin 692 metrelik i\u00e7me suyu hatt\u0131n\u0131n b\u00fcy\u00fck b\u00f6l\u00fcm\u00fc tamamlan\u0131rken, kalan k\u0131sm\u0131nda \u00e7al\u0131\u015fmalar aral\u0131ks\u0131z s\u00fcrd\u00fcr\u00fcl\u00fcyor. \u00c7al\u0131\u015fmalar kapsam\u0131nda Do\u011fantepe, Sultaniye, Camid\u00fcz\u00fc ve Serinlik mahallelerinde s\u00fcrd\u00fcr\u00fclen imalatlar\u0131n \u00f6nemli bir b\u00f6l\u00fcm\u00fc tamamland\u0131. Proje dahilinde 100 ila 400 milimetre \u00e7aplar\u0131ndaki duktil borular ile 100 ila 700 milimetre \u00e7aplar\u0131ndaki \u00e7elik borular kullan\u0131larak g\u00fc\u00e7l\u00fc ve uzun \u00f6m\u00fcrl\u00fc bir altyap\u0131 sistemi olu\u015fturuluyor. Ayr\u0131ca altyap\u0131 kapsam\u0131nda 6 adet prekast maslak yap\u0131s\u0131 ile 50 metrek\u00fcp kapasiteli prekast i\u00e7me suyu deposunun yap\u0131m\u0131 da tamamlanma a\u015famas\u0131na geldi.<\/p>\n<p>GELECE\u011e\u0130N SU Y\u00d6NET\u0130M\u0130 BUG\u00dcNDEN PLANLANIYOR<\/p>\n<p>\u0130SU Genel M\u00fcd\u00fcrl\u00fc\u011f\u00fc, suyun stratejik ve ikamesi olmayan bir kaynak oldu\u011fu bilinciyle yerel kaynaklar\u0131 koruma ve verimli kullanma hedefi do\u011frultusunda yat\u0131r\u0131mlar\u0131n\u0131 s\u00fcrd\u00fcr\u00fcyor. Yuvac\u0131k Baraj\u0131 havzas\u0131 d\u0131\u015f\u0131nda kalan do\u011fal kaynaklar\u0131n sisteme kazand\u0131r\u0131lmas\u0131yla \u015fehrin i\u00e7me suyu arz g\u00fcvenli\u011fi g\u00fc\u00e7lendirilirken iklim de\u011fi\u015fikli\u011fine kar\u015f\u0131 da \u00f6nemli bir ad\u0131m at\u0131l\u0131yor.<\/p>\n<p>Su temininden ar\u0131tmaya, iletim hatlar\u0131ndan otomasyon sistemlerine kadar t\u00fcm s\u00fcre\u00e7leri entegre \u015fekilde y\u00f6neten \u0130SU, \u00e7evreci altyap\u0131 yat\u0131r\u0131mlar\u0131yla her damlay\u0131 korumay\u0131 esas al\u0131rken toplumda su tasarrufu bilincinin art\u0131r\u0131lmas\u0131 i\u00e7in \u00e7al\u0131\u015fmalar\u0131na kararl\u0131l\u0131kla devam ediyor.<\/p>\n<p>Kaynak: (BYZHA) Beyaz Haber Ajans\u0131<\/p>\n","protected":false},"excerpt":{"rendered":"<p>Kocaeli B\u00fcy\u00fck\u015fehir Belediyesi \u0130SU Genel M\u00fcd\u00fcrl\u00fc\u011f\u00fc, kurakl\u0131kla m\u00fccadelede proaktif su y\u00f6netimi vizyonu do\u011frultusunda hayata ge\u00e7irdi\u011fi stratejik projelerden birini daha tamamlamak \u00fczere.<\/p>\n","protected":false},"author":1,"featured_media":10280,"comment_status":"open","ping_status":"open","sticky":false,"template":"","format":"standard","meta":{"footnotes":""},"categories":[21],"tags":[],"class_list":["post-10279","post","type-post","status-publish","format-standard","has-post-thumbnail","hentry","category-gundem"],"_links":{"self":[{"href":"https:\/\/busondakika.com.tr\/index.php?rest_route=\/wp\/v2\/posts\/10279","targetHints":{"allow":["GET"]}}],"collection":[{"href":"https:\/\/busondakika.com.tr\/index.php?rest_route=\/wp\/v2\/posts"}],"about":[{"href":"https:\/\/busondakika.com.tr\/index.php?rest_route=\/wp\/v2\/types\/post"}],"author":[{"embeddable":true,"href":"https:\/\/busondakika.com.tr\/index.php?rest_route=\/wp\/v2\/users\/1"}],"replies":[{"embeddable":true,"href":"https:\/\/busondakika.com.tr\/index.php?rest_route=%2Fwp%2Fv2%2Fcomments&post=10279"}],"version-history":[{"count":1,"href":"https:\/\/busondakika.com.tr\/index.php?rest_route=\/wp\/v2\/posts\/10279\/revisions"}],"predecessor-version":[{"id":10281,"href":"https:\/\/busondakika.com.tr\/index.php?rest_route=\/wp\/v2\/posts\/10279\/revisions\/10281"}],"wp:featuredmedia":[{"embeddable":true,"href":"https:\/\/busondakika.com.tr\/index.php?rest_route=\/wp\/v2\/media\/10280"}],"wp:attachment":[{"href":"https:\/\/busondakika.com.tr\/index.php?rest_route=%2Fwp%2Fv2%2Fmedia&parent=10279"}],"wp:term":[{"taxonomy":"category","embeddable":true,"href":"https:\/\/busondakika.com.tr\/index.php?rest_route=%2Fwp%2Fv2%2Fcategories&post=10279"},{"taxonomy":"post_tag","embeddable":true,"href":"https:\/\/busondakika.com.tr\/index.php?rest_route=%2Fwp%2Fv2%2Ftags&post=10279"}],"curies":[{"name":"wp","href":"https:\/\/api.w.org\/{rel}","templated":true}]}}