{"id":10348,"date":"2026-04-14T11:49:01","date_gmt":"2026-04-14T11:49:01","guid":{"rendered":"https:\/\/busondakika.com.tr\/?p=10348"},"modified":"2026-04-14T11:49:02","modified_gmt":"2026-04-14T11:49:02","slug":"buyuksehir-girisimcilik-ekosistemini-antalyada-bulusturdu","status":"publish","type":"post","link":"https:\/\/busondakika.com.tr\/?p=10348","title":{"rendered":"B\u00fcy\u00fck\u015fehir giri\u015fimcilik ekosistemini Antalya\u2019da bulu\u015fturdu"},"content":{"rendered":"<p> Antalya B\u00fcy\u00fck\u015fehir Belediyesi, \u201cAntalya Giri\u015fimcilik ve Mentorluk Kamp\u0131\u201d ile Antalya ve \u0130stanbul\u2019daki giri\u015fimcilik d\u00fcnyas\u0131n\u0131 bir araya getirdi. B\u00fcy\u00fck\u015fehir Belediyesi ve \u0130stanbul Ticaret Odas\u0131 i\u015ftiraki Bilgiyi Ticarile\u015ftirme Merkezi ile ZindeZihin i\u015fbirli\u011fiyle ger\u00e7ekle\u015ftirilen kampta gen\u00e7 giri\u015fimciler alan\u0131nda uzman ki\u015filerden liderlik ve mentor y\u00f6netimi alanlar\u0131nda e\u011fitim ald\u0131.\u00a0<\/p>\n<p>Antalya B\u00fcy\u00fck\u015fehir Belediyesi Gen\u00e7lik ve Spor Hizmetleri Dairesi Ba\u015fkanl\u0131\u011f\u0131, Antalya\u2019n\u0131n giri\u015fimcilik vizyonunu geli\u015ftirmek amac\u0131yla gen\u00e7 giri\u015fimcileri destekleyen proje ve e\u011fitimlerini s\u00fcrd\u00fcr\u00fcyor. B\u00fcy\u00fck\u015fehir Belediyesi \u201cAntalya Giri\u015fimcilik ve Mentorluk Kamp\u0131\u201d ile \u0130stanbul Ticaret Odas\u0131\u2019n\u0131n i\u015ftiraki Bilgiyi Ticarile\u015ftirme Merkezi (BTM TEKMER) ve ZindeZihin i\u015f birli\u011fiyle giri\u015fimcilik d\u00fcnyas\u0131n\u0131 Antalya\u2019da bulu\u015fturdu. ABB Gen\u00e7lik Kamp\u0131 ve E\u011fitim Merkezi\u2019nde ger\u00e7ekle\u015ftirilen etkinlikte gen\u00e7 giri\u015fimciler alan\u0131nda uzman mentorlar ile bulu\u015ftu. Ba\u015fvurusu onaylanan yerel giri\u015fimciler \u00fc\u00e7 g\u00fcn s\u00fcren yo\u011fun bir geli\u015fim kamp\u0131na kat\u0131ld\u0131. S\u0131n\u0131rl\u0131 kontenjanla ger\u00e7ekle\u015ftirilen kampa kat\u0131lan giri\u015fimciler belirsizlikte yol alma, kriz an\u0131nda liderlik ve mentor y\u00f6netimi gibi kritik konularda Sami Bugay, Tufan \u00c7etiner ve Murat \u00dcnver gibi alan\u0131nda uzman isimlerden e\u011fitim ald\u0131.\u00a0<br \/>ANTALYA\u2019DA G\u0130R\u0130\u015e\u0130MC\u0130L\u0130K EKOS\u0130STEM\u0130N\u0130 GEL\u0130\u015eT\u0130RECE\u011e\u0130Z<br \/>B\u00fcy\u00fck\u015fehir Belediyesi Gen\u00e7lik Hizmetleri \u015eube M\u00fcd\u00fcr\u00fc Hayat Ekici, B\u00fcy\u00fck\u015fehir Belediyesi olarak gen\u00e7 giri\u015fimcilere y\u00f6nelik \u00e7al\u0131\u015fmalar\u0131 s\u00fcrd\u00fcrd\u00fcklerini belirterek, \u201c\u0130\u015f kurma ve planlardan bahsederken bir giri\u015fimcinin mental sa\u011fl\u0131\u011f\u0131 ile ilgili \u00e7al\u0131\u015fmalardan bahsedilmiyor. Bu kamp\u0131m\u0131zda giri\u015fimcilik ve mentorluk alan\u0131na a\u011f\u0131rl\u0131k verdik. \u0130stanbul\u2019dan Antalya\u2019ya bir k\u00f6pr\u00fc kurarak hem giri\u015fimcilik ekosistemine katk\u0131 sa\u011flad\u0131, hem de giri\u015fimcilik network\u00fcn\u00fc geli\u015ftirmelerine imk\u00e2n sa\u011flad\u0131. \u00dc\u00e7 g\u00fcnl\u00fck kamp program\u0131nda keyifli fikirler ortaya \u00e7\u0131kt\u0131\u201d dedi.\u00a0<br \/>YEN\u0130 G\u0130R\u0130\u015e\u0130MC\u0130LERE ALAN A\u00c7ILMASI \u00c7OK \u00d6NEML\u0130<br \/>E\u011fitmenlerden Sami Bugay ise \u201cB\u00fcy\u00fck\u015fehir Belediyesi\u2019nin burada gen\u00e7lere, giri\u015fimcili\u011fe sahip \u00e7\u0131k\u0131yor olmas\u0131 \u00e7ok de\u011ferli. Gelece\u011fimizi in\u015fa edecek bu gen\u00e7lerimize alan a\u00e7\u0131yor olmas\u0131 kadar k\u0131ymetli bir \u015fey yok. Ancak bu \u015fekilde biz birlikte daha ileriye do\u011fru gidebilir y\u00fckselebiliriz\u201d diyerek B\u00fcy\u00fck\u015fehir Belediyesi gen\u00e7 giri\u015fimcilere verdi\u011fi destekten dolay\u0131 te\u015fekk\u00fcr etti.\u00a0<br \/>FARKLI BAKI\u015e A\u00c7ILARI KAZANDIM<br \/>Kampa Antalya\u2019dan kat\u0131lan giri\u015fimci Melisa Karaca da, \u201cBu programa Antalya B\u00fcy\u00fck\u015fehir Belediyemizin ilanlar\u0131ndan g\u00f6rerek projemle birlikte ba\u015fvuruda bulundum. Daha \u00f6nceden Antalya\u2019da bu kapsamda gen\u00e7lere y\u00f6nelik bir giri\u015fimcilik program\u0131 g\u00f6rmemi\u015ftim. E\u011fitimler \u00e7ok g\u00fczel ve olduk\u00e7a verimli ge\u00e7ti. Farkl\u0131 illerden bir\u00e7ok giri\u015fimci arkada\u015flarla tan\u0131\u015fma f\u0131rsat\u0131 buldum. Ki\u015fisel geli\u015fim olarak farkl\u0131 bak\u0131\u015f a\u00e7\u0131lar\u0131 kazand\u0131m, vizyonumun geli\u015fti\u011fine inan\u0131yorum. B\u00fcy\u00fck\u015fehir Belediyemize giri\u015fimcilere verdi\u011fi bu g\u00fczel f\u0131rsat i\u00e7in \u00e7ok te\u015fekk\u00fcr ederim\u201d diye konu\u015ftu.\u00a0<br \/>KR\u0130Z Y\u00d6NET\u0130M\u0130 VE KARAR ALMA E\u011e\u0130T\u0130MLER\u0130 VER\u0130LD\u0130<br \/>At\u00f6lyelere kat\u0131lan giri\u015fimciler, yo\u011fun i\u015f temposunda zihinsel berrakl\u0131k kazanma tekniklerini, kriz y\u00f6netimi ve giri\u015fimcilerin karar alma mekanizmalar\u0131n\u0131 g\u00fc\u00e7lendirecek e\u011fitimler ald\u0131. E\u011fitim ve at\u00f6lye \u00e7al\u0131\u015fmalar\u0131n\u0131n yan\u0131 s\u0131ra kamp ate\u015fi sohbetleriyle network a\u011f\u0131n\u0131 geni\u015fleten kat\u0131l\u0131mc\u0131lar, program\u0131n son g\u00fcn\u00fcnde Antalya\u2019n\u0131n tarihi miras\u0131 Kalei\u00e7i ve Yat Liman\u0131\u2019n\u0131n da d\u00fczenlenen k\u00fclt\u00fcrel turla kamp\u0131 tamamlad\u0131.<\/p>\n<p>Kaynak: (BYZHA) Beyaz Haber Ajans\u0131<\/p>\n","protected":false},"excerpt":{"rendered":"<p>Antalya B\u00fcy\u00fck\u015fehir Belediyesi, \u201cAntalya Giri\u015fimcilik ve Mentorluk Kamp\u0131\u201d ile Antalya ve \u0130stanbul\u2019daki giri\u015fimcilik d\u00fcnyas\u0131n\u0131 bir araya getirdi.<\/p>\n","protected":false},"author":1,"featured_media":10349,"comment_status":"open","ping_status":"open","sticky":false,"template":"","format":"standard","meta":{"footnotes":""},"categories":[21],"tags":[],"class_list":["post-10348","post","type-post","status-publish","format-standard","has-post-thumbnail","hentry","category-gundem"],"_links":{"self":[{"href":"https:\/\/busondakika.com.tr\/index.php?rest_route=\/wp\/v2\/posts\/10348","targetHints":{"allow":["GET"]}}],"collection":[{"href":"https:\/\/busondakika.com.tr\/index.php?rest_route=\/wp\/v2\/posts"}],"about":[{"href":"https:\/\/busondakika.com.tr\/index.php?rest_route=\/wp\/v2\/types\/post"}],"author":[{"embeddable":true,"href":"https:\/\/busondakika.com.tr\/index.php?rest_route=\/wp\/v2\/users\/1"}],"replies":[{"embeddable":true,"href":"https:\/\/busondakika.com.tr\/index.php?rest_route=%2Fwp%2Fv2%2Fcomments&post=10348"}],"version-history":[{"count":1,"href":"https:\/\/busondakika.com.tr\/index.php?rest_route=\/wp\/v2\/posts\/10348\/revisions"}],"predecessor-version":[{"id":10350,"href":"https:\/\/busondakika.com.tr\/index.php?rest_route=\/wp\/v2\/posts\/10348\/revisions\/10350"}],"wp:featuredmedia":[{"embeddable":true,"href":"https:\/\/busondakika.com.tr\/index.php?rest_route=\/wp\/v2\/media\/10349"}],"wp:attachment":[{"href":"https:\/\/busondakika.com.tr\/index.php?rest_route=%2Fwp%2Fv2%2Fmedia&parent=10348"}],"wp:term":[{"taxonomy":"category","embeddable":true,"href":"https:\/\/busondakika.com.tr\/index.php?rest_route=%2Fwp%2Fv2%2Fcategories&post=10348"},{"taxonomy":"post_tag","embeddable":true,"href":"https:\/\/busondakika.com.tr\/index.php?rest_route=%2Fwp%2Fv2%2Ftags&post=10348"}],"curies":[{"name":"wp","href":"https:\/\/api.w.org\/{rel}","templated":true}]}}