{"id":13153,"date":"2026-04-26T12:16:56","date_gmt":"2026-04-26T12:16:56","guid":{"rendered":"https:\/\/busondakika.com.tr\/?p=13153"},"modified":"2026-04-26T12:16:57","modified_gmt":"2026-04-26T12:16:57","slug":"manisada-dunya-kulturleri-ayni-sofrada-bulustu","status":"publish","type":"post","link":"https:\/\/busondakika.com.tr\/?p=13153","title":{"rendered":"Manisa\u2019da D\u00fcnya K\u00fclt\u00fcrleri Ayn\u0131 Sofrada Bulu\u015ftu"},"content":{"rendered":"<p> 486\u2019nc\u0131 Uluslararas\u0131 Manisa Mesir Macunu Festivali kapsam\u0131nda Manisa\u2019ya gelen konuk delegasyon, \u015fehre gelen yabanc\u0131 konuklar ve karde\u015f belediyelerin temsilcileri k\u00fclt\u00fcrel ba\u011flar\u0131 g\u00fc\u00e7lendiren anlaml\u0131 bulu\u015fmada bir araya geldi. T\u00f6rende konu\u015fan Ba\u015fkan Besim Dutlulu, \u201cMesafeler ne kadar uzak olursa olsun, bug\u00fcn Manisa\u2019da y\u00fckselen bu dostluk sesi; ortak tarihimizin ve birbirimize olan sars\u0131lmaz ba\u011fl\u0131l\u0131\u011f\u0131m\u0131z\u0131n en somut ni\u015fanesidir\u201d dedi.<\/p>\n<p>UNESCO\u2019nun \u0130nsanl\u0131\u011f\u0131n Somut Olmayan K\u00fclt\u00fcrel Miras\u0131 Listesi\u2019nde yer alan Uluslararas\u0131 Manisa Mesir Macunu Festivali, T\u00fcrkiye ve d\u00fcnyan\u0131n d\u00f6rt bir yan\u0131ndan kat\u0131l\u0131mc\u0131lar\u0131 Manisa\u2019da bir araya getirdi. 486\u2019nc\u0131 kez ger\u00e7ekle\u015ftirilen festival i\u00e7in Manisa\u2019ya gelen konuk delegasyonla hediye de\u011fi\u015fim t\u00f6reni d\u00fczenlendi. T\u00f6rene Manisa Valisi Vahdettin \u00d6zkan, Manisa B\u00fcy\u00fck\u015fehir Belediye Ba\u015fkan\u0131 Besim Dutlulu ve e\u015fi \u00d6zge Ekmen Dutlulu, B\u00fcy\u00fck\u015fehir Belediyesi Genel Sekreteri Burak Deste, MASK\u0130 Genel M\u00fcd\u00fcr\u00fc Ali K\u0131l\u0131\u00e7, \u015eehzadeler Belediye Ba\u015fkan Yard\u0131mc\u0131s\u0131 Emre Halil Esenkaya, Manisa\u2019y\u0131 Mesir\u2019i Tan\u0131tma ve Turizm Derne\u011fi Ba\u015fkan\u0131 Ufuk Tan\u0131k ile konuk delegasyon \u00fcyeleri kat\u0131ld\u0131. \u00a0<\/p>\n<p><b>Konuk Delegasyona Hediyeleri Takdim Edildi<\/b><\/p>\n<p>T\u00f6rende, Vali Vahdettin \u00d6zkan, Manisa B\u00fcy\u00fck\u015fehir Belediye Ba\u015fkan\u0131 Besim Dutlulu, \u015eehzadeler Belediye Ba\u015fkan Yard\u0131mc\u0131s\u0131 Emre Halil Esenkaya ve Dernek Ba\u015fkan\u0131 Ufuk Tan\u0131k, Manisa\u2019n\u0131n simgelerinden olu\u015fan hediyeleri konuklara takdim etti. Festival i\u00e7in Manisa\u2019ya gelen yabanc\u0131 konuklar ve karde\u015f belediyelerin temsilcileri de \u00fclkeleri ve \u015fehirlerini temsil eden hediyeleri protokol \u00fcyelerine takdim etti. Program\u0131n ard\u0131ndan konuk delegasyon ak\u015fam yeme\u011finde a\u011f\u0131rland\u0131.<\/p>\n<p><b>\u201cManisa\u2019da Y\u00fckselen Dostluk Sesi Ba\u011fl\u0131l\u0131\u011f\u0131m\u0131z\u0131n En Somut Ni\u015fanesidir\u201d<\/b><\/p>\n<p>Tarihin ve k\u00fclt\u00fcr\u00fcn harmanland\u0131\u011f\u0131, sevginin \u015fifayla bulu\u015ftu\u011fu \u015eehzadeler \u015fehri Manisa\u2019da konuklar\u0131n\u0131 a\u011f\u0131rlamaktan b\u00fcy\u00fck onur duydu\u011funu belirten Manisa B\u00fcy\u00fck\u015fehir Belediye Ba\u015fkan\u0131 Besim Dutlulu, \u201cBug\u00fcn burada sadece resmi bir protokol\u00fc de\u011fil, asl\u0131nda dev bir g\u00f6n\u00fcl sofras\u0131n\u0131 payla\u015f\u0131yoruz. K\u0131rg\u0131zistan\u2019dan Bosna-Hersek\u2019e, Kazakistan\u2019dan Azerbaycan\u2019a, Bulgaristan\u2019dan Kuzey K\u0131br\u0131s T\u00fcrk Cumhuriyeti\u2019ne uzanan bu geni\u015f co\u011frafyan\u0131n temsilcilerini ayn\u0131 masada g\u00f6rmek, bizler i\u00e7in gurur vesilesidir. Az \u00f6nce ger\u00e7ekle\u015ftirdi\u011fimiz hediyele\u015fme t\u00f6reninde birbirimize sundu\u011fumuz her hat\u0131ra, asl\u0131nda \u00fclkelerimiz aras\u0131ndaki sars\u0131lmaz ba\u011flar\u0131n birer m\u00fchr\u00fc niteli\u011findeydi. Mesafeler ne kadar uzak olursa olsun, bug\u00fcn Manisa\u2019da y\u00fckselen bu dostluk sesi; ortak tarihimizin ve birbirimize olan sars\u0131lmaz ba\u011fl\u0131l\u0131\u011f\u0131m\u0131z\u0131n en somut ni\u015fanesidir\u201d dedi.<\/p>\n<p><b>\u201cKarde\u015fli\u011fimiz Daim Olsun\u201d<\/b><\/p>\n<p>Mesir Macunu Festivali\u2019nin co\u015fkusu, ger\u00e7ek bir uluslararas\u0131 bayrama d\u00f6n\u00fc\u015ft\u00fc\u011f\u00fcn\u00fc dile getiren Ba\u015fkan Besim Dutlulu, \u201cManisa sokaklar\u0131nda yank\u0131lanan her farkl\u0131 leh\u00e7e, sergilenen her geleneksel dans, bizlerin ne kadar b\u00fcy\u00fck ve zengin bir aile oldu\u011funu bir kez daha kan\u0131tlad\u0131. \u0130nan\u0131yorum ki bu ak\u015fam peki\u015fen dostluklar, sadece festivallerle s\u0131n\u0131rl\u0131 kalmayacak; \u015fehirlerimiz aras\u0131ndaki k\u00fclt\u00fcrel, sosyal ve ekonomik i\u015f birliklerini daha da g\u00fc\u00e7lendirecektir. Ba\u015fta O\u015f, Prijedor, Uralsk, \u015eirvan, K\u0131rcaali ve G\u00fczelyurt belediyelerimiz olmak \u00fczere, varl\u0131klar\u0131yla bizleri onurland\u0131ran t\u00fcm diplomatik temsilcilerimize ve heyet \u00fcyelerimize tekrar te\u015fekk\u00fcrlerimi sunuyorum. Payla\u015ft\u0131\u011f\u0131m\u0131z bu ekme\u011fin ve bu sofran\u0131n, karde\u015fli\u011fimizi daim k\u0131lmas\u0131n\u0131 diliyorum\u201d ifadelerini kulland\u0131.<\/p>\n<p><b>Festival Hat\u0131ras\u0131 ile Bulu\u015fma Tamamland\u0131<\/b><\/p>\n<p>Samimi bir atmosferde ge\u00e7en ak\u015fam yeme\u011fi boyunca konuk temsilcilerle yak\u0131ndan ilgilenen protokol \u00fcyeleri, Manisa\u2019n\u0131n yerel k\u00fclt\u00fcr\u00fc \u00fczerine sohbetler ger\u00e7ekle\u015ftirdi. Farkl\u0131 dillerin ve k\u00fclt\u00fcrlerin ayn\u0131 sofrada bulu\u015ftu\u011fu bulu\u015fma, g\u00fcn\u00fcn an\u0131s\u0131na \u00e7ektirilen foto\u011fraflarla noktaland\u0131.<\/p>\n<p>Kaynak: (BYZHA) Beyaz Haber Ajans\u0131<\/p>\n","protected":false},"excerpt":{"rendered":"<p>486\u2019nc\u0131 Uluslararas\u0131 Manisa Mesir Macunu Festivali kapsam\u0131nda Manisa\u2019ya gelen konuk delegasyon, \u015fehre gelen yabanc\u0131 konuklar ve karde\u015f belediyelerin temsilcileri k\u00fclt\u00fcrel ba\u011flar\u0131 g\u00fc\u00e7lendiren anlaml\u0131 bulu\u015fmada bir araya geldi.<\/p>\n","protected":false},"author":1,"featured_media":13154,"comment_status":"open","ping_status":"open","sticky":false,"template":"","format":"standard","meta":{"footnotes":""},"categories":[21],"tags":[],"class_list":["post-13153","post","type-post","status-publish","format-standard","has-post-thumbnail","hentry","category-gundem"],"_links":{"self":[{"href":"https:\/\/busondakika.com.tr\/index.php?rest_route=\/wp\/v2\/posts\/13153","targetHints":{"allow":["GET"]}}],"collection":[{"href":"https:\/\/busondakika.com.tr\/index.php?rest_route=\/wp\/v2\/posts"}],"about":[{"href":"https:\/\/busondakika.com.tr\/index.php?rest_route=\/wp\/v2\/types\/post"}],"author":[{"embeddable":true,"href":"https:\/\/busondakika.com.tr\/index.php?rest_route=\/wp\/v2\/users\/1"}],"replies":[{"embeddable":true,"href":"https:\/\/busondakika.com.tr\/index.php?rest_route=%2Fwp%2Fv2%2Fcomments&post=13153"}],"version-history":[{"count":1,"href":"https:\/\/busondakika.com.tr\/index.php?rest_route=\/wp\/v2\/posts\/13153\/revisions"}],"predecessor-version":[{"id":13155,"href":"https:\/\/busondakika.com.tr\/index.php?rest_route=\/wp\/v2\/posts\/13153\/revisions\/13155"}],"wp:featuredmedia":[{"embeddable":true,"href":"https:\/\/busondakika.com.tr\/index.php?rest_route=\/wp\/v2\/media\/13154"}],"wp:attachment":[{"href":"https:\/\/busondakika.com.tr\/index.php?rest_route=%2Fwp%2Fv2%2Fmedia&parent=13153"}],"wp:term":[{"taxonomy":"category","embeddable":true,"href":"https:\/\/busondakika.com.tr\/index.php?rest_route=%2Fwp%2Fv2%2Fcategories&post=13153"},{"taxonomy":"post_tag","embeddable":true,"href":"https:\/\/busondakika.com.tr\/index.php?rest_route=%2Fwp%2Fv2%2Ftags&post=13153"}],"curies":[{"name":"wp","href":"https:\/\/api.w.org\/{rel}","templated":true}]}}