{"id":13162,"date":"2026-04-26T12:17:05","date_gmt":"2026-04-26T12:17:05","guid":{"rendered":"https:\/\/busondakika.com.tr\/?p=13162"},"modified":"2026-04-26T12:17:05","modified_gmt":"2026-04-26T12:17:05","slug":"minik-eller-hamur-yogurdu-koy-yasamini-ogrendi","status":"publish","type":"post","link":"https:\/\/busondakika.com.tr\/?p=13162","title":{"rendered":"Minik eller hamur yo\u011furdu, k\u00f6y ya\u015fam\u0131n\u0131 \u00f6\u011frendi"},"content":{"rendered":"<p> 23 Nisan Ulusal Egemenlik ve \u00c7ocuk Bayram\u0131 kapsam\u0131nda d\u00fczenlenen etkinlikler, \u00e7ocuklara hem e\u011flenceli hem de \u00f6\u011fretici anlar ya\u015fat\u0131yor. \u201cSomuncuklar Etkinlik Alan\u0131\u201d ile \u201cAli Baba\u2019n\u0131n Masal \u00c7iftli\u011fi At\u00f6lyesi\u201d \u00e7ocuklara k\u00f6y ya\u015fam\u0131n\u0131 deneyimleme f\u0131rsat\u0131 sunuyor.<\/p>\n<p><b>HAMURUN EKME\u011eE D\u00d6N\u00dc\u015e\u00dcM\u00dcN\u00dc YER\u0130NDE \u00d6\u011eREND\u0130LER<\/b><\/p>\n<p>B\u00fcy\u00fck\u015fehir\u2019in \u0130zmit Milli \u0130rade Meydan\u0131\u2019nda ger\u00e7ekle\u015ftirdi\u011fi 23 Nisan \u015eenli\u011fi\u2019nin dikkat \u00e7eken noktalar\u0131ndan biri olan \u201cSomuncuklar Etkinlik Alan\u0131\u201d, k\u00f6y hayat\u0131n\u0131 yans\u0131tan atmosferiyle \u00e7ocuklar\u0131 geleneksel \u00fcretim s\u00fcre\u00e7leriyle bulu\u015fturuyor. Minikler bu alanda, ekme\u011fin sofralara ula\u015fana kadar ge\u00e7ti\u011fi t\u00fcm a\u015famalar\u0131 uygulamal\u0131 olarak \u00f6\u011freniyor. Hamurun yo\u011frulmas\u0131ndan dinlendirilmesine, \u015fekil verilmesinden odun f\u0131r\u0131n\u0131nda pi\u015firilmesine kadar uzanan s\u00fcre\u00e7, \u00e7ocuklar i\u00e7in hem \u00f6\u011fretici hem de keyifli bir deneyime d\u00f6n\u00fc\u015f\u00fcyor.<\/p>\n<p><b>DO\u011eAL YA\u015eAMI KE\u015eFETT\u0130LER, SERT\u0130F\u0130KALARINI KAPTILAR<\/b><\/p>\n<p>Bir di\u011fer ilgi g\u00f6ren alan \u201cAli Baba\u2019n\u0131n Masal \u00c7iftli\u011fi At\u00f6lyesi\u201d ise \u00e7ocuklara do\u011fayla i\u00e7 i\u00e7e, masals\u0131 bir ortam sunuyor. \u00c7iftlik ya\u015fam\u0131n\u0131 yak\u0131ndan tan\u0131yan \u00e7ocuklar, etkinlikler sayesinde hem e\u011fleniyor hem de do\u011fal ya\u015fam hakk\u0131nda fark\u0131ndal\u0131k kazan\u0131yor. G\u00fcn sonunda kat\u0131l\u0131mc\u0131lara sertifikalar\u0131 da veriliyor. 23 Nisan\u2019a \u00f6zel haz\u0131rlanan bu etkinliklerle \u00e7ocuklar\u0131n k\u00fclt\u00fcrel de\u011ferleri tan\u0131mas\u0131, \u00fcretim s\u00fcre\u00e7lerini deneyimlemesi ve do\u011fayla ba\u011f kurmas\u0131 ama\u00e7lan\u0131yor. G\u00fcn boyu s\u00fcren etkinlikler, ailelerin kat\u0131l\u0131m\u0131yla bayram co\u015fkusunu daha da art\u0131r\u0131yor.<\/p>\n<p>Kaynak: (BYZHA) Beyaz Haber Ajans\u0131<\/p>\n","protected":false},"excerpt":{"rendered":"<p>23 Nisan Ulusal Egemenlik ve \u00c7ocuk Bayram\u0131 kapsam\u0131nda d\u00fczenlenen etkinlikler, \u00e7ocuklara hem e\u011flenceli hem de \u00f6\u011fretici anlar ya\u015fat\u0131yor.<\/p>\n","protected":false},"author":1,"featured_media":13163,"comment_status":"open","ping_status":"open","sticky":false,"template":"","format":"standard","meta":{"footnotes":""},"categories":[20],"tags":[],"class_list":["post-13162","post","type-post","status-publish","format-standard","has-post-thumbnail","hentry","category-kultur-sanat"],"_links":{"self":[{"href":"https:\/\/busondakika.com.tr\/index.php?rest_route=\/wp\/v2\/posts\/13162","targetHints":{"allow":["GET"]}}],"collection":[{"href":"https:\/\/busondakika.com.tr\/index.php?rest_route=\/wp\/v2\/posts"}],"about":[{"href":"https:\/\/busondakika.com.tr\/index.php?rest_route=\/wp\/v2\/types\/post"}],"author":[{"embeddable":true,"href":"https:\/\/busondakika.com.tr\/index.php?rest_route=\/wp\/v2\/users\/1"}],"replies":[{"embeddable":true,"href":"https:\/\/busondakika.com.tr\/index.php?rest_route=%2Fwp%2Fv2%2Fcomments&post=13162"}],"version-history":[{"count":1,"href":"https:\/\/busondakika.com.tr\/index.php?rest_route=\/wp\/v2\/posts\/13162\/revisions"}],"predecessor-version":[{"id":13164,"href":"https:\/\/busondakika.com.tr\/index.php?rest_route=\/wp\/v2\/posts\/13162\/revisions\/13164"}],"wp:featuredmedia":[{"embeddable":true,"href":"https:\/\/busondakika.com.tr\/index.php?rest_route=\/wp\/v2\/media\/13163"}],"wp:attachment":[{"href":"https:\/\/busondakika.com.tr\/index.php?rest_route=%2Fwp%2Fv2%2Fmedia&parent=13162"}],"wp:term":[{"taxonomy":"category","embeddable":true,"href":"https:\/\/busondakika.com.tr\/index.php?rest_route=%2Fwp%2Fv2%2Fcategories&post=13162"},{"taxonomy":"post_tag","embeddable":true,"href":"https:\/\/busondakika.com.tr\/index.php?rest_route=%2Fwp%2Fv2%2Ftags&post=13162"}],"curies":[{"name":"wp","href":"https:\/\/api.w.org\/{rel}","templated":true}]}}