{"id":13165,"date":"2026-04-26T12:17:06","date_gmt":"2026-04-26T12:17:06","guid":{"rendered":"https:\/\/busondakika.com.tr\/?p=13165"},"modified":"2026-04-26T12:17:07","modified_gmt":"2026-04-26T12:17:07","slug":"didim-2-ege-lezzetleri-festivali-coskusu-suruyor","status":"publish","type":"post","link":"https:\/\/busondakika.com.tr\/?p=13165","title":{"rendered":"Didim 2. Ege Lezzetleri Festivali Co\u015fkusu S\u00fcr\u00fcyor"},"content":{"rendered":"<p> Ege mutfa\u011f\u0131n\u0131n k\u00f6kl\u00fc ge\u00e7mi\u015fi ve zengin tatlar\u0131n\u0131 bir araya getiren 2. Didim Ege Lezzetleri Festivali, renkli g\u00f6r\u00fcnt\u00fclere sahne olmaya devam ediyor. Didim Belediyesi taraf\u0131ndan bu y\u0131l ikinci kez d\u00fczenlenen festival, e\u015fsiz lezzetleri ve k\u00fclt\u00fcrel zenginlikleriyle kat\u0131l\u0131mc\u0131lardan b\u00fcy\u00fck ilgi g\u00f6r\u00fcyor.<\/p>\n<p>Festivalin ikinci g\u00fcn\u00fcnde T\u00fcrkiye\u2019nin d\u00f6rt bir yan\u0131ndan gelen ziyaret\u00e7iler ve \u00fcreticiler bir araya gelirken, stantlarda sergilenen y\u00f6resel \u00fcr\u00fcnler ve geleneksel tarifler b\u00fcy\u00fck be\u011feni toplad\u0131. Etkinlik boyunca d\u00fczenlenen tad\u0131m etkinlikleri, at\u00f6lyeler ve g\u00f6steriler, ziyaret\u00e7ilere unutulmaz bir deneyim sunuyor.<\/p>\n<p>Etkinli\u011fin 2.g\u00fcn\u00fcnde ger\u00e7ekle\u015ftirilen, Michelin Anahtar Sahibi \u00d6mer \u00d6zcan ve \u015eef Or\u00e7un \u0130diz e\u015fli\u011finde Mavraki: Didim\u2019in Gizli Bal\u0131\u011f\u0131 Sahneye \u00c7\u0131k\u0131yor isimli Workshop, Prof. Dr. Hasan Y\u0131ld\u0131r\u0131m ve Nihal Kad\u0131o\u011flu \u00c7evik taraf\u0131ndan ger\u00e7ekle\u015ftirilen K\u00f6kten Gelece\u011fe: Gelenek mi, Gelecek mi? isimli Workshop, Prof. Dr. H\u00fcseyin \u00dcreten, Do\u00e7. Dr. Sedat Akkurnaz, Dr. Fatma Buse Akkurnaz taraf\u0131ndan ger\u00e7ekle\u015ftirilen Workshop &#8211; Miletliler Ne Yerdi? Merveilleux Patisserie &amp; Shortcut Artisan \u015eef Merve Burcu Akbulut e\u015fli\u011finde Workshop &#8211; Bug\u00fcn Bir Tatl\u0131 Yapm\u0131yoruz\u2026 Sadece Onu Bu Co\u011frafyan\u0131n Kimli\u011fine D\u00f6n\u00fc\u015ft\u00fcr\u00fcyoruz, \u015eef Damla U\u011furta\u015f\u00a0 e\u015fli\u011finde Akk\u00f6y\u2019den Michelin \u00c7\u0131kar m\u0131? ve Ege Otu ve Gurme Restoran \u0130kilemi isimli workshop kat\u0131l\u0131mc\u0131lar taraf\u0131ndan b\u00fcy\u00fck ilgi g\u00f6rd\u00fc<\/p>\n<p>Festival alan\u0131nda Ege\u2019nin birbirinden \u00f6zel yemekleri, zeytinya\u011fl\u0131lar\u0131, ot yemekleri ve deniz \u00fcr\u00fcnleri ziyaret\u00e7ilerin be\u011fenisine sunulurken, yerel \u00fcreticiler de \u00fcr\u00fcnlerini tan\u0131tma f\u0131rsat\u0131 buluyor. Kat\u0131l\u0131mc\u0131lar hem lezzet yolculu\u011funa \u00e7\u0131k\u0131yor hem de Ege k\u00fclt\u00fcr\u00fcn\u00fc yak\u0131ndan tan\u0131ma imk\u00e2n\u0131 elde etti.<\/p>\n<p><strong>Festival G\u00f6z Dolduruyor<\/strong><\/p>\n<p>Didim Ege Lezzetleri Festivali, sadece gastronomi tutkunlar\u0131n\u0131 de\u011fil, ayn\u0131 zamanda k\u00fclt\u00fcr ve sanat merakl\u0131lar\u0131n\u0131 da kendine \u00e7ekiyor. Renkli g\u00f6r\u00fcnt\u00fcler, samimi atmosfer ve zengin i\u00e7erik, festivali b\u00f6lgenin en dikkat \u00e7ekici etkinliklerinden biri haline getiriyor.<\/p>\n<p><strong>Ba\u015fkan Hatice Gen\u00e7ay\u2019dan Festival Mesaj\u0131<\/strong><\/p>\n<p>Didim Belediye Ba\u015fkan\u0131 Hatice Gen\u00e7ay yapt\u0131\u011f\u0131 a\u00e7\u0131klamada, festivalin her ge\u00e7en y\u0131l b\u00fcy\u00fcyerek daha geni\u015f kitlelere ula\u015ft\u0131\u011f\u0131n\u0131 vurgulayarak \u015fu ifadeleri kulland\u0131:<\/p>\n<p>\u201cEge\u2019nin e\u015fsiz mutfak k\u00fclt\u00fcr\u00fcn\u00fc ve yerel de\u011ferlerimizi tan\u0131tmak amac\u0131yla hayata ge\u00e7irdi\u011fimiz Didim Ege Lezzetleri Festivali\u2019nin ikinci y\u0131l\u0131nda da yo\u011fun ilgi g\u00f6rmesinden b\u00fcy\u00fck mutluluk duyuyoruz. Bu festival sadece lezzetleri bulu\u015fturmakla kalm\u0131yor, ayn\u0131 zamanda \u00fcreticilerimizi destekliyor, kentimizin tan\u0131t\u0131m\u0131na katk\u0131 sa\u011fl\u0131yor. Halk\u0131m\u0131z\u0131 bu g\u00fczel atmosferi payla\u015fmaya davet ediyoruz.\u201d<\/p>\n<p>Ege\u2019nin bereketini ve misafirperverli\u011fini en iyi \u015fekilde yans\u0131tan festival, Didim\u2019in tan\u0131t\u0131m\u0131na da \u00f6nemli katk\u0131 sa\u011flarken, kat\u0131l\u0131mc\u0131lara unutulmaz anlar ya\u015fatmaya devam ediyor. Festivali 26 Nisan Pazar g\u00fcn\u00fc sona erecek.<\/p>\n<p>Kaynak: (BYZHA) Beyaz Haber Ajans\u0131<\/p>\n","protected":false},"excerpt":{"rendered":"<p>Ege mutfa\u011f\u0131n\u0131n k\u00f6kl\u00fc ge\u00e7mi\u015fi ve zengin tatlar\u0131n\u0131 bir araya getiren 2.<\/p>\n","protected":false},"author":1,"featured_media":13166,"comment_status":"open","ping_status":"open","sticky":false,"template":"","format":"standard","meta":{"footnotes":""},"categories":[20],"tags":[],"class_list":["post-13165","post","type-post","status-publish","format-standard","has-post-thumbnail","hentry","category-kultur-sanat"],"_links":{"self":[{"href":"https:\/\/busondakika.com.tr\/index.php?rest_route=\/wp\/v2\/posts\/13165","targetHints":{"allow":["GET"]}}],"collection":[{"href":"https:\/\/busondakika.com.tr\/index.php?rest_route=\/wp\/v2\/posts"}],"about":[{"href":"https:\/\/busondakika.com.tr\/index.php?rest_route=\/wp\/v2\/types\/post"}],"author":[{"embeddable":true,"href":"https:\/\/busondakika.com.tr\/index.php?rest_route=\/wp\/v2\/users\/1"}],"replies":[{"embeddable":true,"href":"https:\/\/busondakika.com.tr\/index.php?rest_route=%2Fwp%2Fv2%2Fcomments&post=13165"}],"version-history":[{"count":1,"href":"https:\/\/busondakika.com.tr\/index.php?rest_route=\/wp\/v2\/posts\/13165\/revisions"}],"predecessor-version":[{"id":13167,"href":"https:\/\/busondakika.com.tr\/index.php?rest_route=\/wp\/v2\/posts\/13165\/revisions\/13167"}],"wp:featuredmedia":[{"embeddable":true,"href":"https:\/\/busondakika.com.tr\/index.php?rest_route=\/wp\/v2\/media\/13166"}],"wp:attachment":[{"href":"https:\/\/busondakika.com.tr\/index.php?rest_route=%2Fwp%2Fv2%2Fmedia&parent=13165"}],"wp:term":[{"taxonomy":"category","embeddable":true,"href":"https:\/\/busondakika.com.tr\/index.php?rest_route=%2Fwp%2Fv2%2Fcategories&post=13165"},{"taxonomy":"post_tag","embeddable":true,"href":"https:\/\/busondakika.com.tr\/index.php?rest_route=%2Fwp%2Fv2%2Ftags&post=13165"}],"curies":[{"name":"wp","href":"https:\/\/api.w.org\/{rel}","templated":true}]}}