{"id":13168,"date":"2026-04-26T12:17:07","date_gmt":"2026-04-26T12:17:07","guid":{"rendered":"https:\/\/busondakika.com.tr\/?p=13168"},"modified":"2026-04-26T12:17:08","modified_gmt":"2026-04-26T12:17:08","slug":"havada-ucan-alevler-hayranlikla-izlendi","status":"publish","type":"post","link":"https:\/\/busondakika.com.tr\/?p=13168","title":{"rendered":"Havada u\u00e7an alevler hayranl\u0131kla izlendi"},"content":{"rendered":"<p> Kocaeli\u2019deki \u00e7ocuklar\u0131n bulu\u015fma adresi olan \u0130zmit Milli \u0130rade Meydan\u0131 muhte\u015fem bir etkinli\u011fe daha ev sahipli\u011fi yapt\u0131. B\u00fcy\u00fck\u015fehir\u2019in 23 Nisan \u00c7ocuk \u015eenli\u011fi kapsam\u0131nda sahnelenen \u201cAte\u015f G\u00f6sterisi\u201d hem \u00e7ocuklar\u0131 hem de aileleri b\u00fcy\u00fcledi.<\/p>\n<p><b>MEYDANDA Y\u0130NE RENKL\u0130 G\u00d6R\u00dcNT\u00dcLER OLU\u015eTU<\/b><\/p>\n<p>B\u00fcy\u00fck\u015fehir Belediyesi\u2019nin 23 Nisan \u015eenli\u011fi kapsam\u0131nda Milli \u0130rade Meydan\u0131\u2019nda d\u00fczenledi\u011fi \u201cAte\u015f G\u00f6sterisi\u201d herkesi hayran b\u0131rakt\u0131. \u00c7ocuklar kadar aileler de g\u00f6steriye b\u00fcy\u00fck ilgi g\u00f6sterdi. Bu keyifli etkinlik \u00f6ncesinde ise; jongl\u00f6r, palya\u00e7o, tahta bacak, maskot ve canl\u0131 heykeller danslar\u0131 ile alanda renkli bir ge\u00e7it yapt\u0131.<\/p>\n<p><b>KEND\u0130LER\u0130NE AYRILAN ALANDAN \u0130ZLED\u0130LER<\/b><\/p>\n<p>\u00c7ocuklar \u201cAte\u015f G\u00f6sterisi\u201dni izlemek \u00fczere kendilerine ayr\u0131lan b\u00f6l\u00fcmde yerlerini al\u0131rken aileleri de onlara e\u015flik etti. \u015eov, dans\u00e7\u0131lar\u0131n iplerin ucuna as\u0131l\u0131 ate\u015f toplar\u0131n\u0131 \u00e7evirmesiyle ba\u015flad\u0131. Ate\u015f toplar\u0131n\u0131 havada u\u00e7uran dans\u00e7\u0131lar performanslar\u0131 ile seyircilerin alk\u0131\u015flar\u0131n\u0131 ald\u0131. Ate\u015fbazlar ise heyecan\u0131 daha da artt\u0131rd\u0131. \u00c7ocuklar; a\u011fz\u0131ndan ate\u015f \u00e7\u0131kan dans\u00e7\u0131lar\u0131 b\u00fcy\u00fck ilgi ile takip etti.<\/p>\n<p><b>HAVADA U\u00c7AN ALEVLER\u0130 \u0130ZLEYEN M\u0130N\u0130K G\u00d6ZLER<\/b><\/p>\n<p>\u00c7ocuklar\u0131n g\u00f6steriyi b\u00fcy\u00fck bir ilgiyle izlemesi 23 Nisan etkinliklerinin unutulmazlar\u0131 aras\u0131nda yerini ald\u0131. Havada u\u00e7an alevleri izleyen \u00e7ocuklar\u0131n heyecan ve hayranl\u0131klar\u0131 foto\u011fraf karelerine yans\u0131d\u0131. Aileler de \u00e7ocuklar\u0131n be\u011fenerek izledikleri \u201cAte\u015f G\u00f6sterisi\u201dni \u00e7ektikleri videolarla kaydetti.<\/p>\n<p>Kaynak: (BYZHA) Beyaz Haber Ajans\u0131<\/p>\n","protected":false},"excerpt":{"rendered":"<p>Kocaeli\u2019deki \u00e7ocuklar\u0131n bulu\u015fma adresi olan \u0130zmit Milli \u0130rade Meydan\u0131 muhte\u015fem bir etkinli\u011fe daha ev sahipli\u011fi yapt\u0131.<\/p>\n","protected":false},"author":1,"featured_media":13169,"comment_status":"open","ping_status":"open","sticky":false,"template":"","format":"standard","meta":{"footnotes":""},"categories":[20],"tags":[],"class_list":["post-13168","post","type-post","status-publish","format-standard","has-post-thumbnail","hentry","category-kultur-sanat"],"_links":{"self":[{"href":"https:\/\/busondakika.com.tr\/index.php?rest_route=\/wp\/v2\/posts\/13168","targetHints":{"allow":["GET"]}}],"collection":[{"href":"https:\/\/busondakika.com.tr\/index.php?rest_route=\/wp\/v2\/posts"}],"about":[{"href":"https:\/\/busondakika.com.tr\/index.php?rest_route=\/wp\/v2\/types\/post"}],"author":[{"embeddable":true,"href":"https:\/\/busondakika.com.tr\/index.php?rest_route=\/wp\/v2\/users\/1"}],"replies":[{"embeddable":true,"href":"https:\/\/busondakika.com.tr\/index.php?rest_route=%2Fwp%2Fv2%2Fcomments&post=13168"}],"version-history":[{"count":1,"href":"https:\/\/busondakika.com.tr\/index.php?rest_route=\/wp\/v2\/posts\/13168\/revisions"}],"predecessor-version":[{"id":13170,"href":"https:\/\/busondakika.com.tr\/index.php?rest_route=\/wp\/v2\/posts\/13168\/revisions\/13170"}],"wp:featuredmedia":[{"embeddable":true,"href":"https:\/\/busondakika.com.tr\/index.php?rest_route=\/wp\/v2\/media\/13169"}],"wp:attachment":[{"href":"https:\/\/busondakika.com.tr\/index.php?rest_route=%2Fwp%2Fv2%2Fmedia&parent=13168"}],"wp:term":[{"taxonomy":"category","embeddable":true,"href":"https:\/\/busondakika.com.tr\/index.php?rest_route=%2Fwp%2Fv2%2Fcategories&post=13168"},{"taxonomy":"post_tag","embeddable":true,"href":"https:\/\/busondakika.com.tr\/index.php?rest_route=%2Fwp%2Fv2%2Ftags&post=13168"}],"curies":[{"name":"wp","href":"https:\/\/api.w.org\/{rel}","templated":true}]}}