{"id":13171,"date":"2026-04-26T12:17:08","date_gmt":"2026-04-26T12:17:08","guid":{"rendered":"https:\/\/busondakika.com.tr\/?p=13171"},"modified":"2026-04-26T12:17:10","modified_gmt":"2026-04-26T12:17:10","slug":"cercioglu-cocuklari-23-nisan-coskusuyla-bulusturdu","status":"publish","type":"post","link":"https:\/\/busondakika.com.tr\/?p=13171","title":{"rendered":"\u00c7er\u00e7io\u011flu \u00e7ocuklar\u0131 23 Nisan co\u015fkusuyla bulu\u015fturdu"},"content":{"rendered":"<p> Ayd\u0131n B\u00fcy\u00fck\u015fehir Belediye Ba\u015fkan\u0131 \u00d6zlem \u00c7er\u00e7io\u011flu, her y\u0131l oldu\u011fu gibi bu y\u0131l da \u00e7ocuklar\u0131 23 Nisan Ulusal Egemenlik ve \u00c7ocuk Bayram\u0131 etkinlikleri ile bulu\u015fturdu.<\/p>\n<p>Ayd\u0131n B\u00fcy\u00fck\u015fehir Belediyesi taraf\u0131ndan Ayd\u0131n Tekstil Park Fuar Ayd\u0131n\u2019da d\u00fczenlenen etkinliklerde \u00e7ocuklar, \u00fc\u00e7 g\u00fcn boyunca hem e\u011fitici hem de geli\u015fimlerine katk\u0131 sa\u011flayan aktivitelerle bayram sevincini doyas\u0131ya ya\u015fad\u0131. Aileleriyle birlikte etkinlik alan\u0131n\u0131 dolduran \u00e7ocuklar, sosyal ve bireysel becerilerini destekleyen etkinliklerle keyifli anlar ge\u00e7irdi.<\/p>\n<p>Fuar Ayd\u0131n\u2019da kurulan etkinlik alanlar\u0131nda \u00e7ocuklar\u0131n fiziksel ve zihinsel geli\u015fimini destekleyen bir\u00e7ok oyun ve at\u00f6lye yer ald\u0131. \u015eenlik kapsam\u0131nda \u00e7ocuklar; interaktif spor etkinliklerinden yarat\u0131c\u0131 at\u00f6lyelere, beceri geli\u015ftiren oyun alanlar\u0131ndan sahne g\u00f6sterilerine kadar bir\u00e7ok farkl\u0131 etkinlikle bulu\u015ftu. Ger\u00e7ekle\u015ftirilen aktiviteler, \u00e7ocuklar\u0131n e\u011flenirken \u00f6\u011frenmelerine katk\u0131 sundu. Etkinlik alan\u0131nda \u00e7ocuklara pamuk \u015feker ve patlam\u0131\u015f m\u0131s\u0131r ikram\u0131 da yap\u0131ld\u0131, 23 Nisan Ulusal Egemenlik ve \u00c7ocuk Bayram\u0131\u2019n\u0131n co\u015fkusu Fuar Ayd\u0131n\u2019\u0131 sard\u0131.<\/p>\n<p>\u00c7ocuklar ve aileler, etkinliklerden memnuniyet duyduklar\u0131n\u0131 belirterek Ayd\u0131n B\u00fcy\u00fck\u015fehir Belediye Ba\u015fkan\u0131 \u00d6zlem \u00c7er\u00e7io\u011flu\u2019na te\u015fekk\u00fcr etti.<\/p>\n<p>Kaynak: (BYZHA) Beyaz Haber Ajans\u0131<\/p>\n","protected":false},"excerpt":{"rendered":"<p>Ayd\u0131n B\u00fcy\u00fck\u015fehir Belediye Ba\u015fkan\u0131 \u00d6zlem \u00c7er\u00e7io\u011flu, her y\u0131l oldu\u011fu gibi bu y\u0131l da \u00e7ocuklar\u0131 23 Nisan Ulusal Egemenlik ve \u00c7ocuk Bayram\u0131 etkinlikleri ile bulu\u015fturdu.<\/p>\n","protected":false},"author":1,"featured_media":13172,"comment_status":"open","ping_status":"open","sticky":false,"template":"","format":"standard","meta":{"footnotes":""},"categories":[20],"tags":[],"class_list":["post-13171","post","type-post","status-publish","format-standard","has-post-thumbnail","hentry","category-kultur-sanat"],"_links":{"self":[{"href":"https:\/\/busondakika.com.tr\/index.php?rest_route=\/wp\/v2\/posts\/13171","targetHints":{"allow":["GET"]}}],"collection":[{"href":"https:\/\/busondakika.com.tr\/index.php?rest_route=\/wp\/v2\/posts"}],"about":[{"href":"https:\/\/busondakika.com.tr\/index.php?rest_route=\/wp\/v2\/types\/post"}],"author":[{"embeddable":true,"href":"https:\/\/busondakika.com.tr\/index.php?rest_route=\/wp\/v2\/users\/1"}],"replies":[{"embeddable":true,"href":"https:\/\/busondakika.com.tr\/index.php?rest_route=%2Fwp%2Fv2%2Fcomments&post=13171"}],"version-history":[{"count":1,"href":"https:\/\/busondakika.com.tr\/index.php?rest_route=\/wp\/v2\/posts\/13171\/revisions"}],"predecessor-version":[{"id":13173,"href":"https:\/\/busondakika.com.tr\/index.php?rest_route=\/wp\/v2\/posts\/13171\/revisions\/13173"}],"wp:featuredmedia":[{"embeddable":true,"href":"https:\/\/busondakika.com.tr\/index.php?rest_route=\/wp\/v2\/media\/13172"}],"wp:attachment":[{"href":"https:\/\/busondakika.com.tr\/index.php?rest_route=%2Fwp%2Fv2%2Fmedia&parent=13171"}],"wp:term":[{"taxonomy":"category","embeddable":true,"href":"https:\/\/busondakika.com.tr\/index.php?rest_route=%2Fwp%2Fv2%2Fcategories&post=13171"},{"taxonomy":"post_tag","embeddable":true,"href":"https:\/\/busondakika.com.tr\/index.php?rest_route=%2Fwp%2Fv2%2Ftags&post=13171"}],"curies":[{"name":"wp","href":"https:\/\/api.w.org\/{rel}","templated":true}]}}