{"id":13180,"date":"2026-04-26T12:18:57","date_gmt":"2026-04-26T12:18:57","guid":{"rendered":"https:\/\/busondakika.com.tr\/?p=13180"},"modified":"2026-04-26T12:18:58","modified_gmt":"2026-04-26T12:18:58","slug":"kurucesme-merkez-camii-ortaya-cikiyor","status":"publish","type":"post","link":"https:\/\/busondakika.com.tr\/?p=13180","title":{"rendered":"Kuru\u00e7e\u015fme Merkez Camii ortaya \u00e7\u0131k\u0131yor"},"content":{"rendered":"<p> Kocaeli B\u00fcy\u00fck\u015fehir Belediyesi\u2019nin koordinasyonunda yap\u0131m\u0131 s\u00fcren Kuru\u00e7e\u015fme Merkez Camii\u2019nde \u00e7al\u0131\u015fmalar aral\u0131ks\u0131z devam ediyor. Projede \u00fcst yap\u0131 ve teknik imalatlar e\u015f zamanl\u0131 y\u00fcr\u00fct\u00fcl\u00fcyor.<\/p>\n<p><b>\u00dcST YAPIDA KR\u0130T\u0130K A\u015eAMAYA GEL\u0130ND\u0130<\/b><br \/>Kocaeli B\u00fcy\u00fck\u015fehir Belediyesi taraf\u0131ndan \u0130zmit Kuru\u00e7e\u015fme\u2019de hayata ge\u00e7irilecek Kuru\u00e7e\u015fme Merkez Camii\u2019ndeki \u00e7al\u0131\u015fmalar yo\u011fun tempoda devam ediyor. \u00c7al\u0131\u015fmalar kapsam\u0131nda minare \u00f6n\u00fcnde yer alan k\u00fc\u00e7\u00fck kubbelerin yan kal\u0131p imalatlar\u0131 s\u00fcrerken, yar\u0131m kubbe ta\u015f\u0131y\u0131c\u0131 kemer kiri\u015finin kal\u0131p ve demir imalat\u0131 devam ediyor.<\/p>\n<p><b>TEKN\u0130K ALTYAPI TAMAMLANDI<\/b><\/p>\n<p>Caminin k\u00fc\u00e7\u00fck kubbelerin beton d\u00f6k\u00fcm\u00fc tamamlanarak \u00f6nemli bir a\u015fama geride b\u0131rak\u0131ld\u0131. Ana g\u00f6vde imalatlar\u0131yla birlikte minarelerde de betonarme \u00e7al\u0131\u015fmalara ba\u015flan\u0131rken, s\u00fcre\u00e7 planlanan program do\u011frultusunda ilerliyor. Caminin bodrum kat\u0131ndaki s\u0131hhi tesisat \u00e7al\u0131\u015fmalar\u0131 tamamlanarak teknik altyap\u0131 haz\u0131r hale getirildi. Bu geli\u015fmeyle birlikte \u00fcst yap\u0131 ve i\u00e7 mek\u00e2n uygulamalar\u0131nda tempo artt\u0131.<\/p>\n<p><b>MERMER KAPLAMA \u0130\u00c7\u0130N HAZIRLIK BA\u015eLADI<\/b><br \/>Caminin estetik g\u00f6r\u00fcn\u00fcm\u00fcn\u00fc tamamlayacak mermer kaplama i\u015fleri i\u00e7in malzeme teminine ba\u015fland\u0131. \u00d6n\u00fcm\u00fczdeki s\u00fcre\u00e7te kaplama uygulamalar\u0131yla birlikte yap\u0131n\u0131n mimari b\u00fct\u00fcnl\u00fc\u011f\u00fc daha da belirginle\u015fecek. Kocaeli B\u00fcy\u00fck\u015fehir Belediyesi, Kuru\u00e7e\u015fme Merkez Camii projesini planlanan takvim do\u011frultusunda tamamlayarak b\u00f6lgeye modern ve donan\u0131ml\u0131 bir ibadet alan\u0131 kazand\u0131rmay\u0131 hedefliyor.<\/p>\n<p><b>CAM\u0130N\u0130N TEKN\u0130K \u00d6ZELL\u0130KLER\u0130<\/b><\/p>\n<p>B\u00fcy\u00fck\u015fehir\u2019in hayata ge\u00e7irece\u011fi Kuru\u00e7e\u015fme Merkez Camii, 2 bin 75 metrekare in\u015faat alan\u0131nda hayat bulacak. Caminin 871 metrekare olan taban oturumunda 165 ki\u015fi kapasiteli \u00e7ok maksatl\u0131 salon, Kur\u2019an Kursu, bay-bayan WC, abdesthane, temizlik odas\u0131, engelli WC, g\u00f6revli odas\u0131, harim kat\u0131nda 492 ki\u015fi kapasiteli camii (harim), giri\u015f revaklar\u0131, son cemaat mahalli, m\u00fcezzin mahfili, han\u0131mlar b\u00f6l\u00fcm\u00fc, yan sah\u0131nlar, \u00f6n sah\u0131n, mahfil kat\u0131nda 153 ki\u015fi kapasiteli mahfil, avluda ise 14 metrekarelik \u015fad\u0131rvan yer alacak. Camide bin 91 ki\u015fi ayn\u0131 anda ibadet edebilecek.<\/p>\n<p>Kaynak: (BYZHA) Beyaz Haber Ajans\u0131<\/p>\n","protected":false},"excerpt":{"rendered":"<p>Kocaeli B\u00fcy\u00fck\u015fehir Belediyesi\u2019nin koordinasyonunda yap\u0131m\u0131 s\u00fcren Kuru\u00e7e\u015fme Merkez Camii\u2019nde \u00e7al\u0131\u015fmalar aral\u0131ks\u0131z devam ediyor.<\/p>\n","protected":false},"author":1,"featured_media":13181,"comment_status":"open","ping_status":"open","sticky":false,"template":"","format":"standard","meta":{"footnotes":""},"categories":[21],"tags":[],"class_list":["post-13180","post","type-post","status-publish","format-standard","has-post-thumbnail","hentry","category-gundem"],"_links":{"self":[{"href":"https:\/\/busondakika.com.tr\/index.php?rest_route=\/wp\/v2\/posts\/13180","targetHints":{"allow":["GET"]}}],"collection":[{"href":"https:\/\/busondakika.com.tr\/index.php?rest_route=\/wp\/v2\/posts"}],"about":[{"href":"https:\/\/busondakika.com.tr\/index.php?rest_route=\/wp\/v2\/types\/post"}],"author":[{"embeddable":true,"href":"https:\/\/busondakika.com.tr\/index.php?rest_route=\/wp\/v2\/users\/1"}],"replies":[{"embeddable":true,"href":"https:\/\/busondakika.com.tr\/index.php?rest_route=%2Fwp%2Fv2%2Fcomments&post=13180"}],"version-history":[{"count":1,"href":"https:\/\/busondakika.com.tr\/index.php?rest_route=\/wp\/v2\/posts\/13180\/revisions"}],"predecessor-version":[{"id":13182,"href":"https:\/\/busondakika.com.tr\/index.php?rest_route=\/wp\/v2\/posts\/13180\/revisions\/13182"}],"wp:featuredmedia":[{"embeddable":true,"href":"https:\/\/busondakika.com.tr\/index.php?rest_route=\/wp\/v2\/media\/13181"}],"wp:attachment":[{"href":"https:\/\/busondakika.com.tr\/index.php?rest_route=%2Fwp%2Fv2%2Fmedia&parent=13180"}],"wp:term":[{"taxonomy":"category","embeddable":true,"href":"https:\/\/busondakika.com.tr\/index.php?rest_route=%2Fwp%2Fv2%2Fcategories&post=13180"},{"taxonomy":"post_tag","embeddable":true,"href":"https:\/\/busondakika.com.tr\/index.php?rest_route=%2Fwp%2Fv2%2Ftags&post=13180"}],"curies":[{"name":"wp","href":"https:\/\/api.w.org\/{rel}","templated":true}]}}