{"id":13183,"date":"2026-04-26T12:18:58","date_gmt":"2026-04-26T12:18:58","guid":{"rendered":"https:\/\/busondakika.com.tr\/?p=13183"},"modified":"2026-04-26T12:18:59","modified_gmt":"2026-04-26T12:18:59","slug":"bornovada-genclige-guc-veren-is-birligi","status":"publish","type":"post","link":"https:\/\/busondakika.com.tr\/?p=13183","title":{"rendered":"Bornova\u2019da gen\u00e7li\u011fe g\u00fc\u00e7 veren i\u015f birli\u011fi"},"content":{"rendered":"<p> Bornova Belediyesi ile\u00a0\u0130zmir Depremi\u2019nde ya\u015fam\u0131n\u0131 yitiren\u00a0ikiz karde\u015flerin ad\u0131n\u0131 ta\u015f\u0131yan Sayra \u00c7\u0131nar Vakf\u0131 aras\u0131nda i\u015f birli\u011fi protokol\u00fc imzaland\u0131. Protokol 0-25 ya\u015f aras\u0131 \u00e7ocuk ve gen\u00e7lere y\u00f6nelik sosyal, e\u011fitsel ve psikososyal destek \u00e7al\u0131\u015fmalar\u0131n\u0131 g\u00fc\u00e7lendirmeyi hedefliyor.<\/p>\n<p>Bornova Belediye Ba\u015fkan\u0131 \u00d6mer E\u015fki ile Sayra \u00c7\u0131nar Vakf\u0131 Y\u00f6netim Kurulu Ba\u015fkan\u0131 T\u00fclin Batmaz taraf\u0131ndan imzalanan protokol, daha \u00f6nce temelleri at\u0131lan ortak \u00e7al\u0131\u015fmalar\u0131n kapsam\u0131n\u0131 geni\u015fletiyor. Protokol kapsam\u0131nda, Bornova il\u00e7esinde ya\u015fayan 0-25 ya\u015f aral\u0131\u011f\u0131ndaki bireylere y\u00f6nelik sosyal, k\u00fclt\u00fcrel, e\u011fitsel ve psikososyal destek faaliyetleri art\u0131r\u0131lacak. At\u00f6lyelerden seminerlere, yarat\u0131c\u0131 drama \u00e7al\u0131\u015fmalar\u0131ndan g\u00f6n\u00fcll\u00fcl\u00fck projelerine kadar pek \u00e7ok etkinlik, \u00e7ocuklar\u0131n ve gen\u00e7lerin geli\u015fimini desteklemek amac\u0131yla hayata ge\u00e7irilecek.<\/p>\n<p><b>\u00a0\u201cGen\u00e7lerimizin gelece\u011fine yat\u0131r\u0131m yap\u0131yoruz\u201d<\/b><\/p>\n<p>Bornova Belediye Ba\u015fkan\u0131 \u00d6mer E\u015fki, i\u015f birli\u011finin \u00f6nemine dikkat \u00e7ekerek, gen\u00e7lerin \u00e7ok y\u00f6nl\u00fc geli\u015fimini desteklemenin yerel y\u00f6netimlerin \u00f6ncelikli sorumluluklar\u0131ndan biri oldu\u011funu vurgulad\u0131. E\u015fki, bu protokolle birlikte il\u00e7ede ya\u015fayan \u00e7ocuk ve gen\u00e7lerin daha fazla f\u0131rsata eri\u015fece\u011fini ve g\u00fcvenli sosyal alanlarda desteklenece\u011fini ifade etti.<\/p>\n<p><b>\u00a0\u201cHak temelli ve kapsay\u0131c\u0131 bir yakla\u015f\u0131m\u201d<\/b><\/p>\n<p>Sayra \u00c7\u0131nar Vakf\u0131 Y\u00f6netim Kurulu Ba\u015fkan\u0131 T\u00fclin Batmaz ise y\u00fcr\u00fct\u00fclecek \u00e7al\u0131\u015fmalar\u0131n \u00e7ocuk haklar\u0131 ve insan haklar\u0131 temelli olaca\u011f\u0131n\u0131 belirtti. Batmaz, \u201cAmac\u0131m\u0131z; \u00e7ocuklar\u0131n ve gen\u00e7lerin kendilerini ifade edebildikleri, g\u00fcvenli ve kapsay\u0131c\u0131 alanlar olu\u015fturmak. Bu i\u015f birli\u011fiyle daha fazla gence ula\u015faca\u011f\u0131z\u201d dedi.<\/p>\n<p><b>Bir y\u0131ll\u0131k protokol, uzun vadeli hedefler<\/b><\/p>\n<p>1 y\u0131l s\u00fcreyle ge\u00e7erli olacak protokol, taraflar\u0131n mutabakat\u0131 ile uzat\u0131labilecek. Belediyenin fiziki alan ve lojistik destek sa\u011flayaca\u011f\u0131 i\u015f birli\u011finde, vak\u0131f uzman kadrosu ve g\u00f6n\u00fcll\u00fcleriyle sahada aktif rol \u00fcstlenecek. T\u00fcm faaliyetler \u00fccretsiz olarak ger\u00e7ekle\u015ftirilecek ve d\u00fczenli raporlamalarla de\u011ferlendirilecek.<\/p>\n<p>Bu g\u00fc\u00e7l\u00fc i\u015f birli\u011fi, Bornova\u2019da gen\u00e7lerin daha sa\u011fl\u0131kl\u0131, bilin\u00e7li ve aktif bireyler olarak yeti\u015fmesine katk\u0131 sunmay\u0131 hedefliyor.<\/p>\n<p>Kaynak: (BYZHA) Beyaz Haber Ajans\u0131<\/p>\n","protected":false},"excerpt":{"rendered":"<p>Bornova Belediyesi ile\u00a0\u0130zmir Depremi\u2019nde ya\u015fam\u0131n\u0131 yitiren\u00a0ikiz karde\u015flerin ad\u0131n\u0131 ta\u015f\u0131yan Sayra \u00c7\u0131nar Vakf\u0131 aras\u0131nda i\u015f birli\u011fi protokol\u00fc imzaland\u0131.<\/p>\n","protected":false},"author":1,"featured_media":13184,"comment_status":"open","ping_status":"open","sticky":false,"template":"","format":"standard","meta":{"footnotes":""},"categories":[21],"tags":[],"class_list":["post-13183","post","type-post","status-publish","format-standard","has-post-thumbnail","hentry","category-gundem"],"_links":{"self":[{"href":"https:\/\/busondakika.com.tr\/index.php?rest_route=\/wp\/v2\/posts\/13183","targetHints":{"allow":["GET"]}}],"collection":[{"href":"https:\/\/busondakika.com.tr\/index.php?rest_route=\/wp\/v2\/posts"}],"about":[{"href":"https:\/\/busondakika.com.tr\/index.php?rest_route=\/wp\/v2\/types\/post"}],"author":[{"embeddable":true,"href":"https:\/\/busondakika.com.tr\/index.php?rest_route=\/wp\/v2\/users\/1"}],"replies":[{"embeddable":true,"href":"https:\/\/busondakika.com.tr\/index.php?rest_route=%2Fwp%2Fv2%2Fcomments&post=13183"}],"version-history":[{"count":1,"href":"https:\/\/busondakika.com.tr\/index.php?rest_route=\/wp\/v2\/posts\/13183\/revisions"}],"predecessor-version":[{"id":13185,"href":"https:\/\/busondakika.com.tr\/index.php?rest_route=\/wp\/v2\/posts\/13183\/revisions\/13185"}],"wp:featuredmedia":[{"embeddable":true,"href":"https:\/\/busondakika.com.tr\/index.php?rest_route=\/wp\/v2\/media\/13184"}],"wp:attachment":[{"href":"https:\/\/busondakika.com.tr\/index.php?rest_route=%2Fwp%2Fv2%2Fmedia&parent=13183"}],"wp:term":[{"taxonomy":"category","embeddable":true,"href":"https:\/\/busondakika.com.tr\/index.php?rest_route=%2Fwp%2Fv2%2Fcategories&post=13183"},{"taxonomy":"post_tag","embeddable":true,"href":"https:\/\/busondakika.com.tr\/index.php?rest_route=%2Fwp%2Fv2%2Ftags&post=13183"}],"curies":[{"name":"wp","href":"https:\/\/api.w.org\/{rel}","templated":true}]}}