{"id":13186,"date":"2026-04-26T12:30:23","date_gmt":"2026-04-26T12:30:23","guid":{"rendered":"https:\/\/busondakika.com.tr\/?p=13186"},"modified":"2026-04-26T12:30:24","modified_gmt":"2026-04-26T12:30:24","slug":"eglenirken-ogreten-atolyeler-ilgi-goruyor","status":"publish","type":"post","link":"https:\/\/busondakika.com.tr\/?p=13186","title":{"rendered":"E\u011flenirken \u00f6\u011freten at\u00f6lyeler ilgi g\u00f6r\u00fcyor"},"content":{"rendered":"<p> B\u00fcy\u00fck\u015fehir Belediyesi\u2019nin \u00e7ocuklar\u0131 bulu\u015fturdu\u011fu 23 Nisan \u015eenlikleri t\u00fcm h\u0131z\u0131yla devam ediyor. Birbirinden farkl\u0131 ve keyifli at\u00f6lyelerde bulu\u015fan \u00e7ocuklar e\u011flenirken \u00f6\u011frenme imkan\u0131 elde ediyor, muhte\u015fem an\u0131lar biriktiriyor.<\/p>\n<p><b>HEM E\u011eLEN\u0130YORLAR HEM GEL\u0130\u015e\u0130YORLAR<\/b><\/p>\n<p>Kocaeli B\u00fcy\u00fck\u015fehir Belediyesi\u2019nin \u00e7ocuklara \u00f6zel olarak d\u00fczenledi\u011fi 23 Nisan \u015eenlikleri t\u00fcm h\u0131z\u0131yla ve b\u00fcy\u00fck ilgiyle hafta sonu da devam ediyor. Bir\u00e7ok farkl\u0131 etkinliklerin yap\u0131ld\u0131\u011f\u0131 \u0130zmit Milli \u0130rade Meydan\u0131\u2019ndaki \u015fenlik alan\u0131nda, \u00e7ocuklar\u0131n geli\u015fimine katk\u0131 sunan hem \u00f6\u011freten hem de el becerilerini geli\u015ftiren at\u00f6lye etkinlikleri ger\u00e7ekle\u015ftiriliyor. Bu kapsamda \u00e7ocuklar \u201cBez \u00c7anta Boyama\u201d, \u201cBask\u0131 Boyama\u201d ve \u201c3D Boyama\u201d at\u00f6lyelerinde farkl\u0131 fig\u00fcr ve yaz\u0131lar\u0131 renklendirerek birbirinden g\u00fczel boyamalar yap\u0131yor.\u00a0\u00a0\u00a0\u00a0<\/p>\n<p><b>EL BECER\u0130LER\u0130 \u0130LE \u00dcRET\u0130YORLAR<\/b><\/p>\n<p>\u00c7ocuk \u015fenli\u011finin en g\u00fczel at\u00f6lyelerinden olan \u201cAh\u015fap Topa\u00e7 Yap\u0131m\u0131\u201d at\u00f6lyesinde \u00e7ocuklar, el becerilerini geli\u015ftirirken ayn\u0131 zamanda tecr\u00fcbe ederek topa\u00e7 yap\u0131m\u0131n\u0131 \u00f6\u011freniyor. \u201cBirle\u015ftir ve Kazan\u201d at\u00f6lyesinde zamana kar\u015f\u0131 yar\u0131\u015f\u0131l\u0131rken \u201cKil Tablet\u201d at\u00f6lyesinde dikkatli ve el g\u00f6z koordinasyonuna adapte olarak g\u00fczel eserler ortaya \u00e7\u0131kar\u0131l\u0131yor. Pazar g\u00fcn\u00fc ak\u015fam\u0131 saat 19.00\u2019a kadar s\u00fcrecek olan etkinliklere t\u00fcm \u00e7ocuklar davetli.<\/p>\n<p>Kaynak: (BYZHA) Beyaz Haber Ajans\u0131<\/p>\n","protected":false},"excerpt":{"rendered":"<p>B\u00fcy\u00fck\u015fehir Belediyesi\u2019nin \u00e7ocuklar\u0131 bulu\u015fturdu\u011fu 23 Nisan \u015eenlikleri t\u00fcm h\u0131z\u0131yla devam ediyor.<\/p>\n","protected":false},"author":1,"featured_media":13187,"comment_status":"open","ping_status":"open","sticky":false,"template":"","format":"standard","meta":{"footnotes":""},"categories":[21],"tags":[],"class_list":["post-13186","post","type-post","status-publish","format-standard","has-post-thumbnail","hentry","category-gundem"],"_links":{"self":[{"href":"https:\/\/busondakika.com.tr\/index.php?rest_route=\/wp\/v2\/posts\/13186","targetHints":{"allow":["GET"]}}],"collection":[{"href":"https:\/\/busondakika.com.tr\/index.php?rest_route=\/wp\/v2\/posts"}],"about":[{"href":"https:\/\/busondakika.com.tr\/index.php?rest_route=\/wp\/v2\/types\/post"}],"author":[{"embeddable":true,"href":"https:\/\/busondakika.com.tr\/index.php?rest_route=\/wp\/v2\/users\/1"}],"replies":[{"embeddable":true,"href":"https:\/\/busondakika.com.tr\/index.php?rest_route=%2Fwp%2Fv2%2Fcomments&post=13186"}],"version-history":[{"count":1,"href":"https:\/\/busondakika.com.tr\/index.php?rest_route=\/wp\/v2\/posts\/13186\/revisions"}],"predecessor-version":[{"id":13188,"href":"https:\/\/busondakika.com.tr\/index.php?rest_route=\/wp\/v2\/posts\/13186\/revisions\/13188"}],"wp:featuredmedia":[{"embeddable":true,"href":"https:\/\/busondakika.com.tr\/index.php?rest_route=\/wp\/v2\/media\/13187"}],"wp:attachment":[{"href":"https:\/\/busondakika.com.tr\/index.php?rest_route=%2Fwp%2Fv2%2Fmedia&parent=13186"}],"wp:term":[{"taxonomy":"category","embeddable":true,"href":"https:\/\/busondakika.com.tr\/index.php?rest_route=%2Fwp%2Fv2%2Fcategories&post=13186"},{"taxonomy":"post_tag","embeddable":true,"href":"https:\/\/busondakika.com.tr\/index.php?rest_route=%2Fwp%2Fv2%2Ftags&post=13186"}],"curies":[{"name":"wp","href":"https:\/\/api.w.org\/{rel}","templated":true}]}}