{"id":13189,"date":"2026-04-26T12:30:28","date_gmt":"2026-04-26T12:30:28","guid":{"rendered":"https:\/\/busondakika.com.tr\/?p=13189"},"modified":"2026-04-26T12:30:29","modified_gmt":"2026-04-26T12:30:29","slug":"23-nisan-coskusu-konaktan-yayildi-cocuk-senligine-yogun-ilgi","status":"publish","type":"post","link":"https:\/\/busondakika.com.tr\/?p=13189","title":{"rendered":"23 Nisan co\u015fkusu Konak\u2019tan yay\u0131ld\u0131: \u00c7ocuk \u015eenli\u011fi\u2019ne yo\u011fun ilgi"},"content":{"rendered":"<p> <b>Konak Belediyesi\u2019nin 23 Nisan Ulusal Egemenlik ve \u00c7ocuk Bayram\u0131 etkinliklerine Karantina Meydan\u0131\u2019nda ger\u00e7ekle\u015ftirilen 23 Nisan \u00c7ocuk \u015eenli\u011fi damgas\u0131n\u0131 vurdu. \u00c7ocuklar, Mustafa Kemal Atat\u00fcrk\u2019\u00fcn kendilerine arma\u011fan etti\u011fi bayramlar\u0131n\u0131 spor, m\u00fczik ve at\u00f6lye etkinliklerinin g\u00fcn boyu s\u00fcrd\u00fc\u011f\u00fc \u015fenlikte g\u00f6n\u00fcllerince kutlad\u0131.<\/b><\/p>\n<p>Konak Belediyesi\u2019nin 23 Nisan Ulusal Egemenlik ve \u00c7ocuk Bayram\u0131 etkinlikleri kapsam\u0131nda d\u00fczenledi\u011fi \u00c7ocuk \u015eenli\u011fi, bayram co\u015fkusunu Karantina Meydan\u0131\u2019nda ya\u015fatt\u0131. \u00c7ocuklar\u0131n g\u00f6n\u00fcllerince e\u011flendi\u011fi \u015fenlikte konserlerden dans g\u00f6sterilerine, at\u00f6lye \u00e7al\u0131\u015fmalar\u0131ndan spor aktivitelerine, meydan\u0131n her noktas\u0131nda renkli etkinlikler yer ald\u0131. Meydanda kurulan sahnede g\u00fcn boyu m\u00fczik sesi hi\u00e7 kesilmedi. \u0130zmir B\u00fcy\u00fck\u015fehir Belediyesi Bandosu, Roman K\u00fclt\u00fcr \u00c7ocuk Orkestras\u0131, Konak Belediyesi \u00c7ocuk Korosu, Selin \u00c7etin ile Zumba Kids, Sinan \u00d6zdemir ve G\u00f6n\u00fcl Toker ile Caminito Art Tango Kul\u00fcb\u00fc s\u0131rayla sahne al\u0131rken \u015fenlik Vokal \u0130zmir Pop\u00fcler M\u00fczik Korosu\u2019nun \u015fahane konseriyle noktaland\u0131. Sahnedeki etkinliklerin yan\u0131 s\u0131ra \u00e7ocuklar, Y\u00fcz Boyama, Ta\u00e7 Boyama, Duyu Organlar\u0131, Bileklik, Ak\u0131l Zeka Oyunlar\u0131, Boyama, T\u00fcrk Bayra\u011f\u0131 Boyama ve Kitap Ayrac\u0131 at\u00f6lyelerinde e\u011flenceli aktivitelere kat\u0131ld\u0131. \u00c7ocuklara \u00f6zel haz\u0131rlanan spor alan\u0131 ise bir an bile bo\u015f kalmad\u0131. \u00c7ocuklar, Konak Belediyesi\u2019nin deneyimli spor e\u011fitmenleriyle birlikte voleybol, basketbol ve futbolun yan\u0131 s\u0131ra \u00e7e\u015fitli parkurlarda spor oyunlar\u0131na kat\u0131ld\u0131.<\/p>\n<p><b>Roman K\u00fclt\u00fcr \u00c7ocuk Orkestras\u0131 hayran b\u0131rakt\u0131<\/b><\/p>\n<p>\u0130zmir B\u00fcy\u00fck\u015fehir Belediyesi Bandosu\u2019nun 23 Nisan Ulusal Egemenlik ve \u00c7ocuk Bayram\u0131 g\u00f6sterisinin ard\u0131ndan Konak Belediyesi Roman K\u00fclt\u00fcr Merkezi\u2019nde e\u011fitim alan \u00e7ocuklar\u0131n olu\u015fturdu\u011fu Roman K\u00fclt\u00fcr \u00c7ocuk Orkestras\u0131 sahne ald\u0131. Valsten klasi\u011fe, farkl\u0131 tarzlarda m\u00fczik eserlerini ba\u015far\u0131yla sahneleyen \u00e7ocuklar yetenekleriyle g\u00f6z doldurdu. Konak Roman K\u00fclt\u00fcr Merkezi\u2019nin en yeni \u00fcyelerinden 14 ya\u015f\u0131ndaki Ayhan Duymu\u015f ise \u00e7ok k\u0131sa s\u00fcrede haz\u0131rland\u0131\u011f\u0131 klavye solosuyla be\u011feni toplad\u0131.<\/p>\n<p><b>Meydanda \u00e7ocuklar\u0131n sesi yank\u0131land\u0131<\/b><\/p>\n<p>Konak Belediyesi \u00c7ocuk Korosu ise \u015eef U\u011fur Say\u0131nbatur y\u00f6netiminde seslendirdikleri 23 Nisan ruhunu ya\u015fatan mar\u015flar, 23 Nisan \u015fark\u0131lar\u0131, T\u00fcrk\u00e7e ve yabanc\u0131 pop \u015fark\u0131larla co\u015fku dolu anlar ya\u015fatt\u0131. Konserde misafir solist Do\u011fa Filiz ve Yal\u0131n Y\u00fcksel\u2019in caz d\u00fceti izleyenlerin alk\u0131\u015f\u0131n\u0131 al\u0131rken, koronun UNICEF\u2019in d\u00fcnya \u00e7ocuklar\u0131na ithafen bestelenmi\u015f \u015fark\u0131y\u0131 ba\u015far\u0131yla seslendirmesi, dinleyenleri duyguland\u0131rd\u0131.<\/p>\n<p><b>\u201cKonak Belediyesi\u2019nin etkinliklerini \u00e7ok seviyorum\u201d<\/b><\/p>\n<p>23 Nisan Ulusal Egemenlik ve \u00c7ocuk Bayram\u0131\u2019na \u00f6zel \u00c7ocuk \u015eenli\u011fi\u2019nde doyas\u0131ya e\u011flenen 9 ya\u015f\u0131ndaki Asl\u0131 Yelo\u011flu, \u201c\u00c7ok e\u011fleniyorum. \u00c7ok g\u00fczel bir 23 Nisan oldu. Konak Belediyesi\u2019nin bu etkinliklerini ben \u00e7ok seviyorum. \u00c7ok heyecanl\u0131 ve mutlu bir g\u00fcn ge\u00e7iriyorum. Ben de Konak Belediyesi \u00c7ok Sesli \u00c7ocuk Korosu\u2019nday\u0131m\u201d ifadelerini kulland\u0131.<\/p>\n<p><b>\u00a0\u201cB\u00fct\u00fcn \u00e7ocuklar\u0131n 23 Nisan\u2019\u0131 kutlu olsun\u201d<\/b><\/p>\n<p>At\u00f6lye \u00e7al\u0131\u015fmas\u0131nda arkada\u015f\u0131yla birlikte yapt\u0131klar\u0131 puzzle ile alk\u0131\u015flar\u0131 toplayan 13 ya\u015f\u0131ndaki \u0130dil Yavuz da, \u201cArkada\u015f\u0131mla geldik. Voleybol oynayaca\u011f\u0131z. \u0130kimiz puzzle yapt\u0131k ve alk\u0131\u015f koptu. \u00c7ok g\u00fczel etkinlikler. B\u00fct\u00fcn \u00e7ocuklar\u0131n 23 Nisan\u2019\u0131 kutlu olsun\u201d diyerek mutlulu\u011funu dile getirdi.<\/p>\n<p><b>\u201cNil\u00fcfer Han\u0131m\u2019a \u00e7ok te\u015fekk\u00fcr ediyoruz\u201d<\/b><\/p>\n<p>K\u0131z\u0131n\u0131 \u015fenli\u011fe getiren Faruk Kay\u0131ran, 23 Nisan co\u015fkusunu ya\u015fatan etkinliklerden \u00f6vg\u00fcyle s\u00f6z etti ve \u201c\u00c7ok g\u00fczeldi, \u00e7ok e\u011flendik. Parkur k\u0131sm\u0131, boyama at\u00f6lyesi hepsi \u00e7ok g\u00fczeldi. Ba\u015fkan\u0131m\u0131z Nil\u00fcfer Han\u0131m\u2019a \u00e7ok te\u015fekk\u00fcr ediyoruz\u201d diye konu\u015ftu.<\/p>\n<p><b>\u201c\u00c7ocuklar i\u00e7in g\u00fczel bir g\u00fcnd\u00fc\u201d<\/b><\/p>\n<p>7 ya\u015f\u0131ndaki Simay\u2019\u0131n annesi Miray \u00d6zen de \u00e7ocuklar\u0131n \u00e7ok e\u011flendi\u011fini vurgulayarak, \u201c\u00c7ok e\u011flenceliydi. K\u0131z\u0131m \u00e7ok e\u011flendi, onun i\u00e7in g\u00fczel bir g\u00fcnd\u00fc\u201d dedi.<\/p>\n<p>Kaynak: (BYZHA) Beyaz Haber Ajans\u0131<\/p>\n","protected":false},"excerpt":{"rendered":"<p>Konak Belediyesi\u2019nin 23 Nisan Ulusal Egemenlik ve \u00c7ocuk Bayram\u0131 etkinliklerine Karantina Meydan\u0131\u2019nda ger\u00e7ekle\u015ftirilen 23 Nisan \u00c7ocuk \u015eenli\u011fi damgas\u0131n\u0131 vurdu.<\/p>\n","protected":false},"author":1,"featured_media":13190,"comment_status":"open","ping_status":"open","sticky":false,"template":"","format":"standard","meta":{"footnotes":""},"categories":[20],"tags":[],"class_list":["post-13189","post","type-post","status-publish","format-standard","has-post-thumbnail","hentry","category-kultur-sanat"],"_links":{"self":[{"href":"https:\/\/busondakika.com.tr\/index.php?rest_route=\/wp\/v2\/posts\/13189","targetHints":{"allow":["GET"]}}],"collection":[{"href":"https:\/\/busondakika.com.tr\/index.php?rest_route=\/wp\/v2\/posts"}],"about":[{"href":"https:\/\/busondakika.com.tr\/index.php?rest_route=\/wp\/v2\/types\/post"}],"author":[{"embeddable":true,"href":"https:\/\/busondakika.com.tr\/index.php?rest_route=\/wp\/v2\/users\/1"}],"replies":[{"embeddable":true,"href":"https:\/\/busondakika.com.tr\/index.php?rest_route=%2Fwp%2Fv2%2Fcomments&post=13189"}],"version-history":[{"count":1,"href":"https:\/\/busondakika.com.tr\/index.php?rest_route=\/wp\/v2\/posts\/13189\/revisions"}],"predecessor-version":[{"id":13191,"href":"https:\/\/busondakika.com.tr\/index.php?rest_route=\/wp\/v2\/posts\/13189\/revisions\/13191"}],"wp:featuredmedia":[{"embeddable":true,"href":"https:\/\/busondakika.com.tr\/index.php?rest_route=\/wp\/v2\/media\/13190"}],"wp:attachment":[{"href":"https:\/\/busondakika.com.tr\/index.php?rest_route=%2Fwp%2Fv2%2Fmedia&parent=13189"}],"wp:term":[{"taxonomy":"category","embeddable":true,"href":"https:\/\/busondakika.com.tr\/index.php?rest_route=%2Fwp%2Fv2%2Fcategories&post=13189"},{"taxonomy":"post_tag","embeddable":true,"href":"https:\/\/busondakika.com.tr\/index.php?rest_route=%2Fwp%2Fv2%2Ftags&post=13189"}],"curies":[{"name":"wp","href":"https:\/\/api.w.org\/{rel}","templated":true}]}}