{"id":13195,"date":"2026-04-26T20:32:35","date_gmt":"2026-04-26T20:32:35","guid":{"rendered":"https:\/\/busondakika.com.tr\/?p=13195"},"modified":"2026-04-26T20:32:35","modified_gmt":"2026-04-26T20:32:35","slug":"iki-yil-icinde-evlerine-kavusacaklar","status":"publish","type":"post","link":"https:\/\/busondakika.com.tr\/?p=13195","title":{"rendered":"\u0130ki y\u0131l i\u00e7inde evlerine kavu\u015facaklar"},"content":{"rendered":"<p> \u0130zmir B\u00fcy\u00fck\u015fehir Belediyesi taraf\u0131ndan dar ve orta gelirli vatanda\u015flar\u0131 ev sahibi yapmak i\u00e7in ba\u015flat\u0131lan 3 bin 100 konutluk Ege\u015fehir Menemen Konutlar\u0131 Projesi\u2019nde, temel atma t\u00f6reninin ard\u0131ndan saha \u00e7al\u0131\u015fmalar\u0131 h\u0131z kazand\u0131. T\u00fcrkiye\u2019ye \u00f6rnek nitelikteki sosyal konut modelinde, ilk iki etapta \u00fcretim ba\u015flarken, hak sahiplerinin iki y\u0131l i\u00e7inde konutlar\u0131na kavu\u015fmas\u0131 hedefleniyor.<\/p>\n<p>\u0130zmir B\u00fcy\u00fck\u015fehir Belediye Ba\u015fkan\u0131 Dr. Cemil Tugay\u2019\u0131n g\u00f6reve gelmesiyle ba\u015flat\u0131lan sosyal konut projesinde \u00e7al\u0131\u015fmalar h\u0131zland\u0131r\u0131ld\u0131. \u0130lk iki etab\u0131n temeli at\u0131lan Ege\u015fehir Menemen Konutlar\u0131 Projesi\u2019nde toplam 3 bin 100 konut in\u015fa edilecek. \u0130zmir B\u00fcy\u00fck\u015fehir Belediyesi b\u00fcnyesinde faaliyet g\u00f6steren Ege\u015fehir A\u015e taraf\u0131ndan y\u00fcr\u00fct\u00fclen proje kapsam\u0131nda ilk etapta 410, ikinci etapta ise 1100 konut i\u00e7in hafriyat, fore kaz\u0131k ve donat\u0131 imalatlar\u0131 ba\u015flad\u0131. \u0130ki etaptaki toplam 1510 konutun iki y\u0131l i\u00e7inde tamamlanmas\u0131 planlan\u0131yor.<\/p>\n<p><strong>\u201c\u00c7ok disiplinli \u00e7al\u0131\u015fman\u0131n \u00fcr\u00fcn\u00fc\u201d<\/strong><\/p>\n<p>Ege\u015fehir A\u015e Genel M\u00fcd\u00fcr Yard\u0131mc\u0131s\u0131 Ali San\u00e7m\u0131\u015f, do\u011fayla uyum i\u00e7inde bir proje tasarlad\u0131klar\u0131n\u0131 belirterek \u201cBunu b\u00fcy\u00fck \u00f6l\u00e7\u00fcde ba\u015fard\u0131\u011f\u0131m\u0131z\u0131 d\u00fc\u015f\u00fcn\u00fcyoruz. Zemin et\u00fcd\u00fcnden deprem g\u00fcvenli\u011fine, altyap\u0131dan \u00e7evresel s\u00fcrd\u00fcr\u00fclebilirli\u011fe kadar \u00e7ok disiplinli bir \u00e7al\u0131\u015fman\u0131n \u00fcr\u00fcn\u00fc. Saha uygulamas\u0131n\u0131 ger\u00e7ekle\u015ftiriyoruz. \u0130ki y\u0131l i\u00e7inde vatanda\u015flar\u0131m\u0131z\u0131 konutlara yerle\u015ftirece\u011fiz\u201d dedi.\u00a0\u00a0<\/p>\n<p>Projede klasik sosyal konut anlay\u0131\u015f\u0131n\u0131n \u00f6tesine ge\u00e7ildi\u011fini belirten San\u00e7m\u0131\u015f, \u201cDaha ya\u015fanabilir, modern, s\u00fcrd\u00fcr\u00fclebilir ve sosyal donat\u0131lar\u0131 g\u00fc\u00e7l\u00fc bir ya\u015fam alan\u0131 olu\u015fturmay\u0131 hedefledik. Bu proje yaln\u0131zca bar\u0131nma ihtiyac\u0131n\u0131 kar\u015f\u0131layan bir yap\u0131 de\u011fil, b\u00fct\u00fcnc\u00fcl bir ya\u015fam alan\u0131 sunuyor. Ege\u015fehir olarak site ve tesis y\u00f6netimini de \u00fcstlenecek, ya\u015fam kalitesinin s\u00fcreklili\u011fini sa\u011flayaca\u011f\u0131z\u201d ifadelerini kulland\u0131.<\/p>\n<p><strong>\u201cYeni ve sa\u011fl\u0131kl\u0131 bir ya\u015fam alan\u0131 olu\u015fturmak istiyoruz\u201d<\/strong><\/p>\n<p>Ege\u015fehir A\u015e Et\u00fct Proje M\u00fcd\u00fcr\u00fc Bu\u011fra G\u00fcng\u00f6r de, \u201cProjemiz d\u00f6rt etap konut, bir etap rekreasyon alan\u0131 ve sosyal ya\u015fam merkezi olmak \u00fczere be\u015f etaptan olu\u015fuyor. 370 bin metrekare in\u015faat alan\u0131m\u0131z bulunuyor. Buna ek olarak 12 bin metrekare sosyal donat\u0131 alan\u0131 ve 48 bin metrekare ye\u015fil alan\u0131m\u0131z var. Konut etaplar\u0131m\u0131z\u0131n ard\u0131ndan 105 bin metrekare rekreasyon alan\u0131n\u0131 vatanda\u015flar\u0131m\u0131z\u0131n hizmetine sunaca\u011f\u0131z. Spor, kre\u015f ve ya\u015fl\u0131 bak\u0131m hizmetleriyle kentle g\u00fc\u00e7l\u00fc ba\u011f kuran, sa\u011fl\u0131kl\u0131 bir ya\u015fam alan\u0131 olu\u015fturmay\u0131 ama\u00e7l\u0131yoruz\u201d diye konu\u015ftu.\u00a0<\/p>\n<p><strong>Uzman kadroyla g\u00fcvenlik konusunda y\u00fcksek hassasiyet<\/strong><\/p>\n<p>Ege\u015fehir A\u015e Yap\u0131m \u0130\u015fleri M\u00fcd\u00fcr\u00fc Asl\u0131 \u00d6zmen \u015eim\u015fek ise, \u201cProjenin birinci ve ikinci etab\u0131nda yap\u0131m s\u00fcre\u00e7leri ba\u015flad\u0131. Alan\u0131nda nitelikli ve uzman kontrol te\u015fkilat\u0131 olarak imalat\u0131n her a\u015famas\u0131n\u0131 takip ediyoruz. Amac\u0131m\u0131z; i\u015f g\u00fcvenli\u011fi mevzuat\u0131 \u00e7er\u00e7evesinde t\u00fcm m\u00fchendislik ilkelerine uygun, afetlere kar\u015f\u0131 diren\u00e7li, g\u00fcvenli ve nitelikli yap\u0131lar in\u015fa etmek\u201d dedi.\u00a0<\/p>\n<p><strong>Ev sahibi olmak art\u0131k hayal de\u011fil<\/strong><\/p>\n<p>Ege\u015fehir Menemen Konutlar\u0131, yaln\u0131zca konut \u00fcretimiyle de\u011fil, sundu\u011fu finansman modeliyle de dikkat \u00e7ekiyor. Projede yer alan 1+1, 2+1 ve 3+1 daireler, 120 aya varan vade ve asgari \u00fccrete endeksli \u00f6deme plan\u0131 ile yurtta\u015flara sunuluyor. Konutlar; 300.000 TL\u2019den ba\u015flayan pe\u015finat, ev teslimine kadar ara \u00f6demesiz ve ortalama 19.000 TL, 26.000 TL, 29.000 TL\u2019den ba\u015flayan ayl\u0131k taksitlerle Ege\u015fehir finansman\u0131yla sunuluyor. \u0130zmir B\u00fcy\u00fck\u015fehir Belediye Ba\u015fkan\u0131 Dr. Cemil Tugay, nisan ay\u0131n\u0131n ba\u015f\u0131nda Menemen Konutlar\u0131 Projesi\u2019nde 2\u2019nci etapta pe\u015finat\u0131 y\u00fczde 20\u2019den y\u00fczde 10\u2019a d\u00fc\u015f\u00fcrm\u00fc\u015ft\u00fc. Kiralanabilir konut stoku da y\u00fczde 5\u2019ten, y\u00fczde 10\u2019a \u00e7\u0131kar\u0131ld\u0131.\u00a0\u00a0<\/p>\n<p><strong>Sosyal donat\u0131larla nitelikli ya\u015fam alan\u0131<\/strong><\/p>\n<p>Toplam 370 bin metrekare in\u015faat alan\u0131 \u00fczerinde planlanan proje kapsam\u0131nda 4 etapta 3 bin 100 konut \u00fcretilecek. Projenin 5. etab\u0131 ise rekreasyon alan\u0131 olarak d\u00fczenlenerek b\u00f6lgeye nefes ald\u0131racak sosyal ya\u015fam alanlar\u0131 kazand\u0131r\u0131lacak.<\/p>\n<p>Projede, ev sahibi olamayacak durumdaki dar gelirli vatanda\u015flar da unutulmad\u0131. Bu kapsamda kiralanabilir konut stoku olu\u015fturularak daha geni\u015f bir kesimin bar\u0131nma ihtiyac\u0131na \u00e7\u00f6z\u00fcm sunulmas\u0131 planlan\u0131yor.\u00a0<\/p>\n<p>Ege\u015fehir Menemen Konutlar\u0131, sadece bar\u0131nma ihtiyac\u0131n\u0131 kar\u015f\u0131layan bir proje olman\u0131n \u00f6tesinde, modern ve s\u00fcrd\u00fcr\u00fclebilir bir ya\u015fam alan\u0131 sunmay\u0131 ama\u00e7l\u0131yor. Proje i\u00e7erisinde ye\u015fil alanlar, \u00e7ocuk oyun alanlar\u0131, spor sahalar\u0131, y\u00fcr\u00fcy\u00fc\u015f yollar\u0131, sosyal ve k\u00fclt\u00fcrel alanlar ile kre\u015f ve sa\u011fl\u0131k birimleri yer alacak. Ayr\u0131ca konutlar\u0131n teslim edilmesinin ard\u0131ndan site y\u00f6netiminin de Ege\u015fehir taraf\u0131ndan y\u00fcr\u00fct\u00fclmesi planlan\u0131yor. Bu sayede ya\u015fam alanlar\u0131n\u0131n d\u00fczenli, g\u00fcvenli ve s\u00fcrd\u00fcr\u00fclebilir \u015fekilde i\u015fletilmesi hedefleniyor.<\/p>\n<p>Kaynak: (BYZHA) Beyaz Haber Ajans\u0131<\/p>\n","protected":false},"excerpt":{"rendered":"<p>\u0130zmir B\u00fcy\u00fck\u015fehir Belediyesi taraf\u0131ndan dar ve orta gelirli vatanda\u015flar\u0131 ev sahibi yapmak i\u00e7in ba\u015flat\u0131lan 3 bin 100 konutluk Ege\u015fehir Menemen Konutlar\u0131 Projesi\u2019nde, temel atma t\u00f6reninin ard\u0131ndan saha \u00e7al\u0131\u015fmalar\u0131 h\u0131z kazand\u0131.<\/p>\n","protected":false},"author":1,"featured_media":13196,"comment_status":"open","ping_status":"open","sticky":false,"template":"","format":"standard","meta":{"footnotes":""},"categories":[21],"tags":[],"class_list":["post-13195","post","type-post","status-publish","format-standard","has-post-thumbnail","hentry","category-gundem"],"_links":{"self":[{"href":"https:\/\/busondakika.com.tr\/index.php?rest_route=\/wp\/v2\/posts\/13195","targetHints":{"allow":["GET"]}}],"collection":[{"href":"https:\/\/busondakika.com.tr\/index.php?rest_route=\/wp\/v2\/posts"}],"about":[{"href":"https:\/\/busondakika.com.tr\/index.php?rest_route=\/wp\/v2\/types\/post"}],"author":[{"embeddable":true,"href":"https:\/\/busondakika.com.tr\/index.php?rest_route=\/wp\/v2\/users\/1"}],"replies":[{"embeddable":true,"href":"https:\/\/busondakika.com.tr\/index.php?rest_route=%2Fwp%2Fv2%2Fcomments&post=13195"}],"version-history":[{"count":1,"href":"https:\/\/busondakika.com.tr\/index.php?rest_route=\/wp\/v2\/posts\/13195\/revisions"}],"predecessor-version":[{"id":13197,"href":"https:\/\/busondakika.com.tr\/index.php?rest_route=\/wp\/v2\/posts\/13195\/revisions\/13197"}],"wp:featuredmedia":[{"embeddable":true,"href":"https:\/\/busondakika.com.tr\/index.php?rest_route=\/wp\/v2\/media\/13196"}],"wp:attachment":[{"href":"https:\/\/busondakika.com.tr\/index.php?rest_route=%2Fwp%2Fv2%2Fmedia&parent=13195"}],"wp:term":[{"taxonomy":"category","embeddable":true,"href":"https:\/\/busondakika.com.tr\/index.php?rest_route=%2Fwp%2Fv2%2Fcategories&post=13195"},{"taxonomy":"post_tag","embeddable":true,"href":"https:\/\/busondakika.com.tr\/index.php?rest_route=%2Fwp%2Fv2%2Ftags&post=13195"}],"curies":[{"name":"wp","href":"https:\/\/api.w.org\/{rel}","templated":true}]}}