{"id":13198,"date":"2026-04-26T20:32:36","date_gmt":"2026-04-26T20:32:36","guid":{"rendered":"https:\/\/busondakika.com.tr\/?p=13198"},"modified":"2026-04-26T20:32:37","modified_gmt":"2026-04-26T20:32:37","slug":"gencler-surdurulebilir-bir-gelecek-icin-bir-araya-geldi","status":"publish","type":"post","link":"https:\/\/busondakika.com.tr\/?p=13198","title":{"rendered":"Gen\u00e7ler s\u00fcrd\u00fcr\u00fclebilir bir gelecek i\u00e7in bir araya geldi"},"content":{"rendered":"<p> <b>\u00c7ankaya\u2019da gen\u00e7lere y\u00f6nelik \u00e7evre odakl\u0131 e\u011fitim program\u0131 kapsam\u0131nda \u00f6nemli bir etkinlik daha tamamland\u0131. \u00c7ankaya Belediyesi ile Haydi Yapal\u0131m Derne\u011fi (Let&#8217;s Do It T\u00fcrkiye) i\u015f birli\u011finde y\u00fcr\u00fct\u00fclen Gen\u00e7 Eko Akademi 2026 Program\u0131\u2019n\u0131n 10. hafta e\u011fitimi 100. Y\u0131l \u00c7ankaya Evi\u2019nde ger\u00e7ekle\u015ftirildi.<\/b><\/p>\n<p>\u00c7ankaya Belediyesinin deste\u011fi ve Haydi Yapal\u0131m Derne\u011fi (Let&#8217;s Do It T\u00fcrkiye) i\u015f birli\u011finde y\u00fcr\u00fct\u00fclen Gen\u00e7 Eko Akademi 2026 Program\u0131 son hafta e\u011fitimiyle tamamland\u0131. 100. Y\u0131l \u00c7ankaya Evi\u2019nde ger\u00e7ekle\u015fen e\u011fitimde \u00c7ankaya Belediyesi \u0130klim De\u011fi\u015fikli\u011fi ve S\u0131f\u0131r At\u0131k M\u00fcd\u00fcr\u00fc Dr. Filiz Ayd\u0131n, \u201c\u00c7evreci \u015eehir Planlamalar\u0131\u201d ba\u015fl\u0131\u011f\u0131yla kat\u0131l\u0131mc\u0131lara hitap etti. 15-24 ya\u015f aras\u0131 35 gencin yer ald\u0131\u011f\u0131 programda, s\u00fcrd\u00fcr\u00fclebilir kentle\u015fme, \u00e7evre dostu \u015fehir tasar\u0131m\u0131 ve iklim de\u011fi\u015fikli\u011fine uyumlu planlama konular\u0131 ele al\u0131nd\u0131.<\/p>\n<p><b>\u00c7EVRE SORUNLARINA \u00c7\u00d6Z\u00dcM ODAKLI YAKLA\u015eIMLAR<\/b><\/p>\n<p>Programda teorik bilgilerin yan\u0131 s\u0131ra uygulamaya d\u00f6n\u00fck \u00f6rnekler de payla\u015f\u0131ld\u0131. Kat\u0131l\u0131mc\u0131lar, \u00e7evresel sorunlara y\u00f6nelik \u00e7\u00f6z\u00fcm odakl\u0131 yakla\u015f\u0131mlar geli\u015ftirme konusunda bilgi edinme f\u0131rsat\u0131 buldu.<\/p>\n<p>\u00c7ankaya Belediyesi\u2019nin deste\u011fiyle hayata ge\u00e7irilen Gen\u00e7 Eko Akademi 2026 Program\u0131; gen\u00e7lerin s\u00fcrd\u00fcr\u00fclebilirlik, ekoloji, s\u0131f\u0131r at\u0131k ve d\u00f6ng\u00fcsel ekonomi alanlar\u0131nda bilgi ve becerilerini geli\u015ftirmeyi ama\u00e7l\u0131yor. Ayr\u0131ca program; e\u011fitim, at\u00f6lye ve proje s\u00fcre\u00e7leri ile gen\u00e7lerin liderlik y\u00f6nlerinin g\u00fc\u00e7lendirilmesine de katk\u0131 sa\u011flamay\u0131 hedefliyor.<\/p>\n<p>Kaynak: (BYZHA) Beyaz Haber Ajans\u0131<\/p>\n","protected":false},"excerpt":{"rendered":"<p>\u00c7ankaya\u2019da gen\u00e7lere y\u00f6nelik \u00e7evre odakl\u0131 e\u011fitim program\u0131 kapsam\u0131nda \u00f6nemli bir etkinlik daha tamamland\u0131.<\/p>\n","protected":false},"author":1,"featured_media":13199,"comment_status":"open","ping_status":"open","sticky":false,"template":"","format":"standard","meta":{"footnotes":""},"categories":[21],"tags":[],"class_list":["post-13198","post","type-post","status-publish","format-standard","has-post-thumbnail","hentry","category-gundem"],"_links":{"self":[{"href":"https:\/\/busondakika.com.tr\/index.php?rest_route=\/wp\/v2\/posts\/13198","targetHints":{"allow":["GET"]}}],"collection":[{"href":"https:\/\/busondakika.com.tr\/index.php?rest_route=\/wp\/v2\/posts"}],"about":[{"href":"https:\/\/busondakika.com.tr\/index.php?rest_route=\/wp\/v2\/types\/post"}],"author":[{"embeddable":true,"href":"https:\/\/busondakika.com.tr\/index.php?rest_route=\/wp\/v2\/users\/1"}],"replies":[{"embeddable":true,"href":"https:\/\/busondakika.com.tr\/index.php?rest_route=%2Fwp%2Fv2%2Fcomments&post=13198"}],"version-history":[{"count":1,"href":"https:\/\/busondakika.com.tr\/index.php?rest_route=\/wp\/v2\/posts\/13198\/revisions"}],"predecessor-version":[{"id":13200,"href":"https:\/\/busondakika.com.tr\/index.php?rest_route=\/wp\/v2\/posts\/13198\/revisions\/13200"}],"wp:featuredmedia":[{"embeddable":true,"href":"https:\/\/busondakika.com.tr\/index.php?rest_route=\/wp\/v2\/media\/13199"}],"wp:attachment":[{"href":"https:\/\/busondakika.com.tr\/index.php?rest_route=%2Fwp%2Fv2%2Fmedia&parent=13198"}],"wp:term":[{"taxonomy":"category","embeddable":true,"href":"https:\/\/busondakika.com.tr\/index.php?rest_route=%2Fwp%2Fv2%2Fcategories&post=13198"},{"taxonomy":"post_tag","embeddable":true,"href":"https:\/\/busondakika.com.tr\/index.php?rest_route=%2Fwp%2Fv2%2Ftags&post=13198"}],"curies":[{"name":"wp","href":"https:\/\/api.w.org\/{rel}","templated":true}]}}