{"id":13201,"date":"2026-04-26T20:32:39","date_gmt":"2026-04-26T20:32:39","guid":{"rendered":"https:\/\/busondakika.com.tr\/?p=13201"},"modified":"2026-04-26T20:32:40","modified_gmt":"2026-04-26T20:32:40","slug":"kecioren-belediyesi-ozel-guvenlik-personeline-narko-kaan-egitimi","status":"publish","type":"post","link":"https:\/\/busondakika.com.tr\/?p=13201","title":{"rendered":"Ke\u00e7i\u00f6ren Belediyesi \u00d6zel G\u00fcvenlik Personeline Narko Kaan E\u011fitimi"},"content":{"rendered":"<br \/>\n<article>Ke\u00e7i\u00f6ren Belediyesi b\u00fcnyesinde g\u00f6rev yapan \u00f6zel g\u00fcvenlik personeline y\u00f6nelik uyu\u015fturucuyla m\u00fccadele kapsam\u0131nda \u00f6nemli bir e\u011fitim program\u0131 d\u00fczenlendi. Belediye Meclis Toplant\u0131 Salonu\u2019nda ger\u00e7ekle\u015ftirilen e\u011fitimler, \u00fc\u00e7 grup halinde tamamland\u0131. Program kapsam\u0131nda personele, Ankara \u0130l Emniyet M\u00fcd\u00fcrl\u00fc\u011f\u00fc Narkotik Su\u00e7larla M\u00fccadele \u015eube M\u00fcd\u00fcrl\u00fc\u011f\u00fc uzman ekipleri taraf\u0131ndan NARKO KAAN e\u011fitimi verildi.<\/p>\n<p>Uyu\u015fturucu ile m\u00fccadeleye kolluk kuvvetleri d\u0131\u015f\u0131nda \u00f6zel g\u00fcvenlik g\u00f6revlileri gibi bir\u00e7ok meslek grubunu da d\u00e2hil etmek amac\u0131yla ger\u00e7ekle\u015ftirilen proje kapsam\u0131ndaki e\u011fitimde, madde kullan\u0131m\u0131n\u0131n ve ba\u011f\u0131ml\u0131l\u0131\u011f\u0131n fiziksel belirtilerinden ba\u011f\u0131ml\u0131l\u0131k yapan maddelerin tan\u0131t\u0131m\u0131na kadar bir\u00e7ok ba\u015fl\u0131k ele al\u0131nd\u0131. Ayr\u0131ca bu maddelerin sokakta hangi isimlerle an\u0131ld\u0131\u011f\u0131, kullan\u0131m s\u0131ras\u0131nda tercih edilen materyaller, s\u0131k kullan\u0131lan mek\u00e2nlar ve sat\u0131c\u0131 profilleri hakk\u0131nda da detayl\u0131 bilgiler payla\u015f\u0131ld\u0131.<\/p>\n<p><b>Ba\u011f\u0131ml\u0131l\u0131kla m\u00fccadelede fark\u0131ndal\u0131k art\u0131r\u0131ld\u0131<\/b><\/p>\n<p>Programda, uyu\u015fturucu madde kullanan ki\u015filer ile sat\u0131c\u0131lar a\u00e7\u0131s\u0131ndan T\u00fcrk Ceza Kanunu kapsam\u0131nda yer alan hukuki yapt\u0131r\u0131mlar hakk\u0131nda da bilgilendirme yap\u0131ld\u0131. Kat\u0131l\u0131mc\u0131lara ba\u011f\u0131ml\u0131l\u0131ktan kurtulma y\u00f6ntemleri, tedavi s\u00fcre\u00e7leri ve m\u00fccadelede kurumlar aras\u0131 i\u015f birli\u011finin \u00f6nemi anlat\u0131ld\u0131.<\/p>\n<p><b>UYUMA aplikasyonu tan\u0131t\u0131ld\u0131<\/b><\/p>\n<p>E\u011fitimin dikkat \u00e7eken ba\u015fl\u0131klar\u0131ndan biri de \u0130\u00e7i\u015fleri Bakanl\u0131\u011f\u0131 taraf\u0131ndan geli\u015ftirilen UYUMA aplikasyonu oldu. UYUMA, vatanda\u015flar\u0131n sokakta g\u00f6rd\u00fc\u011f\u00fc uyu\u015fturucu ticaretini tek tu\u015fla, konum bilgisiyle ve kimliklerini gizli tutarak emniyet birimlerine bildirmesine olanak sa\u011fl\u0131yor. Toplumsal deste\u011fi art\u0131rmay\u0131 hedefleyen uygulama sayesinde, uyu\u015fturucu su\u00e7lar\u0131na kar\u015f\u0131 daha h\u0131zl\u0131 m\u00fcdahale edilmesi ama\u00e7lan\u0131yor. E\u011fitimde \u00f6zel g\u00fcvenlik personeline de uygulaman\u0131n kullan\u0131m \u015fekli anlat\u0131larak, sahada kar\u015f\u0131la\u015f\u0131labilecek durumlarda nas\u0131l hareket edilmesi gerekti\u011fi aktar\u0131ld\u0131.<\/p>\n<p>Kaynak: (BYZHA) Beyaz Haber Ajans\u0131<\/p>\n<\/article>\n","protected":false},"excerpt":{"rendered":"<p>Ke\u00e7i\u00f6ren Belediyesi b\u00fcnyesinde g\u00f6rev yapan \u00f6zel g\u00fcvenlik personeline y\u00f6nelik uyu\u015fturucuyla m\u00fccadele kapsam\u0131nda \u00f6nemli bir e\u011fitim program\u0131 d\u00fczenlendi.<\/p>\n","protected":false},"author":1,"featured_media":13202,"comment_status":"open","ping_status":"open","sticky":false,"template":"","format":"standard","meta":{"footnotes":""},"categories":[21],"tags":[],"class_list":["post-13201","post","type-post","status-publish","format-standard","has-post-thumbnail","hentry","category-gundem"],"_links":{"self":[{"href":"https:\/\/busondakika.com.tr\/index.php?rest_route=\/wp\/v2\/posts\/13201","targetHints":{"allow":["GET"]}}],"collection":[{"href":"https:\/\/busondakika.com.tr\/index.php?rest_route=\/wp\/v2\/posts"}],"about":[{"href":"https:\/\/busondakika.com.tr\/index.php?rest_route=\/wp\/v2\/types\/post"}],"author":[{"embeddable":true,"href":"https:\/\/busondakika.com.tr\/index.php?rest_route=\/wp\/v2\/users\/1"}],"replies":[{"embeddable":true,"href":"https:\/\/busondakika.com.tr\/index.php?rest_route=%2Fwp%2Fv2%2Fcomments&post=13201"}],"version-history":[{"count":1,"href":"https:\/\/busondakika.com.tr\/index.php?rest_route=\/wp\/v2\/posts\/13201\/revisions"}],"predecessor-version":[{"id":13203,"href":"https:\/\/busondakika.com.tr\/index.php?rest_route=\/wp\/v2\/posts\/13201\/revisions\/13203"}],"wp:featuredmedia":[{"embeddable":true,"href":"https:\/\/busondakika.com.tr\/index.php?rest_route=\/wp\/v2\/media\/13202"}],"wp:attachment":[{"href":"https:\/\/busondakika.com.tr\/index.php?rest_route=%2Fwp%2Fv2%2Fmedia&parent=13201"}],"wp:term":[{"taxonomy":"category","embeddable":true,"href":"https:\/\/busondakika.com.tr\/index.php?rest_route=%2Fwp%2Fv2%2Fcategories&post=13201"},{"taxonomy":"post_tag","embeddable":true,"href":"https:\/\/busondakika.com.tr\/index.php?rest_route=%2Fwp%2Fv2%2Ftags&post=13201"}],"curies":[{"name":"wp","href":"https:\/\/api.w.org\/{rel}","templated":true}]}}