{"id":13204,"date":"2026-04-26T20:32:45","date_gmt":"2026-04-26T20:32:45","guid":{"rendered":"https:\/\/busondakika.com.tr\/?p=13204"},"modified":"2026-04-26T20:32:46","modified_gmt":"2026-04-26T20:32:46","slug":"hasan-ali-yucel-kutuphanesi-yogun-ilgi-goruyor","status":"publish","type":"post","link":"https:\/\/busondakika.com.tr\/?p=13204","title":{"rendered":"Hasan Ali Y\u00fccel K\u00fct\u00fcphanesi yo\u011fun ilgi g\u00f6r\u00fcyor"},"content":{"rendered":"<p> \u0130zmir B\u00fcy\u00fck\u015fehir Belediyesi\u2019nin K\u00fclt\u00fcrpark\u2019ta hizmete a\u00e7t\u0131\u011f\u0131 Hasan Ali Y\u00fccel K\u00fct\u00fcphanesi; zengin koleksiyonu, modern \u00e7al\u0131\u015fma alanlar\u0131 ve eri\u015filebilir yap\u0131s\u0131yla \u00f6\u011frencilerden emeklilere kadar her kesimin u\u011frak adresi haline geldi.<\/p>\n<p>K\u00fclt\u00fcrpark\u2019ta \u0130zmir B\u00fcy\u00fck\u015fehir Belediyesi taraf\u0131ndan hizmete a\u00e7\u0131lan Hasan Ali Y\u00fccel K\u00fct\u00fcphanesi, Prof. Dr. \u0130lber Ortayl\u0131 K\u00fct\u00fcphanesi gibi \u0130zmirlilerin yo\u011fun ilgisini g\u00f6r\u00fcyor. Toplam 2 bin metrekarelik alana sahip k\u00fct\u00fcphane; modern yap\u0131s\u0131, 20 bin kitapl\u0131k koleksiyonu ve 250 ki\u015filik kapasitesiyle dikkat \u00e7ekiyor. Pazar hari\u00e7 her g\u00fcn 08.00-23.00 saatleri aras\u0131nda a\u00e7\u0131k olan k\u00fct\u00fcphanede; sesli ve sessiz \u00e7al\u0131\u015fma odalar\u0131, bilgisayar b\u00f6l\u00fcm\u00fc, g\u00f6rme engelliler i\u00e7in eri\u015filebilir alanlar ve \u00fccretsiz internet hizmeti bulunuyor. \u00d6zellikle gen\u00e7lerin tercih etti\u011fi k\u00fct\u00fcphane, merkezi konumu ve do\u011fayla i\u00e7 i\u00e7e ortam\u0131yla her ya\u015ftan \u0130zmirlilere hitap ediyor.<\/p>\n<p><strong>\u0130htiya\u00e7lara g\u00f6re tasarland\u0131<\/strong><\/p>\n<p>K\u00fct\u00fcphaneler \u015eube M\u00fcd\u00fcr\u00fc Burcu \u00d6nen\u00e7, Hasan Ali Y\u00fccel K\u00fct\u00fcphanesi\u2019nin 3 Nisan\u2019da hizmete a\u00e7\u0131ld\u0131\u011f\u0131n\u0131 belirterek, K\u00fclt\u00fcrpark\u2019taki Prof. Dr. \u0130lber Ortayl\u0131 K\u00fct\u00fcphanesi\u2019nden edinilen deneyimin projeye yans\u0131t\u0131ld\u0131\u011f\u0131n\u0131 s\u00f6yledi. \u00d6nen\u00e7, yap\u0131lan memnuniyet anketleri ve ihtiya\u00e7 analizlerinde \u00f6zellikle gen\u00e7lerin farkl\u0131 \u00e7al\u0131\u015fma alanlar\u0131na ihtiya\u00e7 duydu\u011funun g\u00f6r\u00fcld\u00fc\u011f\u00fcn\u00fc ifade etti. Bu do\u011frultuda sesli ve sessiz \u00e7al\u0131\u015fma odalar\u0131, bireysel alanlar ve tam donan\u0131ml\u0131 bilgisayar b\u00f6l\u00fcm\u00fc olu\u015fturuldu\u011funu aktard\u0131. Eri\u015filebilirli\u011fe de \u00f6nem verdiklerini vurgulayan \u00d6nen\u00e7, eri\u015filebilir alan\u0131 g\u00f6rme engellilere y\u00f6nelik d\u00fczenlediklerini, bu alan\u0131 farkl\u0131 engel gruplar\u0131n\u0131 kapsayacak \u015fekilde geni\u015fleteceklerini s\u00f6yledi.\u00a0<\/p>\n<p><strong>\u201c\u0130zmir art\u0131k kesinlikle bir k\u00fct\u00fcphane kenti\u201d<\/strong><\/p>\n<p>Hasan Ali Y\u00fccel K\u00fct\u00fcphanesi\u2019nde \u00fcniversite s\u0131nav\u0131na haz\u0131rlanan Elif T\u00fcrk\u00f6z, evde ders \u00e7al\u0131\u015famad\u0131\u011f\u0131n\u0131, k\u00fct\u00fcphane ortam\u0131nda ise daha verimli oldu\u011funu s\u00f6yledi. Ye\u015fil alanlar\u0131n mola anlar\u0131nda sosyal bir ortam sa\u011flad\u0131\u011f\u0131n\u0131 belirten T\u00fcrk\u00f6z, merkezin ula\u015f\u0131m kolayl\u0131\u011f\u0131 ve uzun \u00e7al\u0131\u015fma saatlerinin de \u00f6nemli bir avantaj oldu\u011funu ifade etti.<\/p>\n<p>YKS\u2019ye haz\u0131rlanan Kemal Efe Kuyumcu ise k\u00fct\u00fcphanenin geni\u015f ve ferah yap\u0131s\u0131yla yer bulma sorunu ya\u015fatmad\u0131\u011f\u0131n\u0131, g\u00fcn i\u00e7inde \u00e7orba ikram\u0131 ve ge\u00e7 kapanma saatinin \u00f6\u011frenciler i\u00e7in b\u00fcy\u00fck kolayl\u0131k sa\u011flad\u0131\u011f\u0131n\u0131 dile getirdi. Kuyumcu, ula\u015f\u0131m\u0131n rahat oldu\u011funu vurgulayarak \u201c\u0130zmir art\u0131k kesinlikle bir k\u00fct\u00fcphane kenti\u201d dedi.<\/p>\n<p><strong>\u201cTam da ihtiyac\u0131m\u0131z olan bir hizmet\u201d<\/strong><\/p>\n<p>K\u00fct\u00fcphaneyi d\u00fczenli olarak kullanan Sude Ayt\u00fcrk,\u00a0 \u201cEvde ders \u00e7al\u0131\u015famad\u0131\u011f\u0131m i\u00e7in her g\u00fcn k\u00fct\u00fcphaneye gelmek zorunday\u0131m. Buras\u0131 a\u00e7\u0131ld\u0131\u011f\u0131 g\u00fcnden beri buraday\u0131m. Hem b\u00fcy\u00fck hem de K\u00fclt\u00fcrpark gibi i\u015flek bir yerde. Ula\u015f\u0131m\u0131 kolay. K\u00fct\u00fcphanede bilgisayar odas\u0131 olmas\u0131 bizim i\u00e7in bir avantaj. \u00c7\u00fcnk\u00fc matematik ile ilgili olan bir uygulamaya bilgisayarla girilebiliyor\u201d dedi.\u00a0<\/p>\n<p>Mert A\u015fk\u0131n da \u201cYKS\u2019ye haz\u0131rlan\u0131yorum. K\u00fct\u00fcphanenin K\u00fclt\u00fcrpark i\u00e7inde olmas\u0131, ula\u015f\u0131m\u0131n\u0131n kolay olmas\u0131, yemek yiyebilece\u011fimiz alanlara yak\u0131n olmas\u0131 \u00e7ok g\u00fczel. Do\u011fayla i\u00e7 i\u00e7e bulundu\u011fumuz bir ortam. \u0130zmir\u2019de tam da ihtiyac\u0131m\u0131z olan bir hizmet. Buras\u0131 b\u00fcy\u00fck bir k\u00fct\u00fcphane. Dolay\u0131s\u0131yla hem YKS hem KPSS \u00f6\u011frencilerinin hem de kitap okumaya gelen ki\u015filerin kapasitesini kar\u015f\u0131l\u0131yor\u201d diye kaydetti.\u00a0<\/p>\n<p><strong>\u201cEmeklilere tavsiye ederim\u201d<\/strong><\/p>\n<p>Hasan Ali Y\u00fccel K\u00fct\u00fcphanesi\u2019ni yaln\u0131zca s\u0131navlara haz\u0131rlanan \u00f6\u011frenciler de\u011fil, farkl\u0131 ya\u015f gruplar\u0131ndan \u0130zmirliler de kullan\u0131yor. K\u00fct\u00fcphanede kitap okumay\u0131 al\u0131\u015fkanl\u0131k haline getiren 76 ya\u015f\u0131ndaki Mustafa Asil Boyac\u0131o\u011flu, \u201c\u0130zmir\u2019in farkl\u0131 yerlerindeki k\u00fct\u00fcphanelerin hepsini ziyaret ettim ama buras\u0131 ola\u011fan\u00fcst\u00fc derecede g\u00fczel. \u00c7ok huzurlu bir ortam var.\u00a0 Kendimi burada \u00f6zg\u00fcr hissediyorum ve istedi\u011fim kitab\u0131 buluyorum. Personel \u00e7ok yard\u0131mc\u0131 oluyor. \u00d6zellikle emeklilere bu k\u00fct\u00fcphaneye gelmelerini tavsiye ederim. Buray\u0131 yapanlara, d\u00fc\u015f\u00fcnenlere binlerce te\u015fekk\u00fcr ederiz\u201d ifadelerini kulland\u0131.<\/p>\n<p><strong>K\u00fclt\u00fcrpark\u2019ta \u00f6nce antrenman sonra k\u00fct\u00fcphane\u00a0<\/strong><\/p>\n<p>K\u00fclt\u00fcrpark\u2019ta ko\u015fu antrenman\u0131 yapan Remzi Y\u0131ld\u0131r\u0131m ve \u00d6zg\u00fcr Do\u011fan, sporun ard\u0131ndan Hasan Ali Y\u00fccel K\u00fct\u00fcphanesi\u2019ni ziyaret ediyor. Remzi Y\u0131ld\u0131r\u0131m, K\u00fclt\u00fcrpark\u2019\u0131 \u00e7ok ama\u00e7l\u0131 kulland\u0131klar\u0131n\u0131 belirterek, \u201c\u0130zmir B\u00fcy\u00fck\u015fehir Belediyesi\u2019nin K\u00fclt\u00fcrpark\u2019ta Hasan Ali Y\u00fccel ad\u0131n\u0131 ta\u015f\u0131yan bir k\u00fct\u00fcphane yapmas\u0131 \u00e7ok k\u0131ymetli. Okuduk\u00e7a umar\u0131m birbirimizi anlayabilmenin bir yolunu bulabiliriz\u201d dedi. \u00d6zg\u00fcr Do\u011fan da \u201cK\u00fclt\u00fcrpark\u2019ta d\u00fczenli olarak antrenman yap\u0131yoruz. \u00d6nce \u0130lber Ortayl\u0131 K\u00fct\u00fcphanesi\u2019ne u\u011fruyoruz ard\u0131ndan Hasan Ali Y\u00fccel K\u00fct\u00fcphanesi\u2019ne geliyoruz. Harika bir yap\u0131, m\u00fckemmel bir tesis. \u0130zmir B\u00fcy\u00fck\u015fehir Belediyesi\u2019ne \u00e7ok te\u015fekk\u00fcr ediyoruz. Bizim i\u00e7in bulunmaz bir nimet\u201d diye konu\u015ftu.<\/p>\n<p>Kaynak: (BYZHA) Beyaz Haber Ajans\u0131<\/p>\n","protected":false},"excerpt":{"rendered":"<p>\u0130zmir B\u00fcy\u00fck\u015fehir Belediyesi\u2019nin K\u00fclt\u00fcrpark\u2019ta hizmete a\u00e7t\u0131\u011f\u0131 Hasan Ali Y\u00fccel K\u00fct\u00fcphanesi; zengin koleksiyonu, modern \u00e7al\u0131\u015fma alanlar\u0131 ve eri\u015filebilir yap\u0131s\u0131yla \u00f6\u011frencilerden emeklilere kadar her kesimin u\u011frak adresi haline geldi.<\/p>\n","protected":false},"author":1,"featured_media":13205,"comment_status":"open","ping_status":"open","sticky":false,"template":"","format":"standard","meta":{"footnotes":""},"categories":[20],"tags":[],"class_list":["post-13204","post","type-post","status-publish","format-standard","has-post-thumbnail","hentry","category-kultur-sanat"],"_links":{"self":[{"href":"https:\/\/busondakika.com.tr\/index.php?rest_route=\/wp\/v2\/posts\/13204","targetHints":{"allow":["GET"]}}],"collection":[{"href":"https:\/\/busondakika.com.tr\/index.php?rest_route=\/wp\/v2\/posts"}],"about":[{"href":"https:\/\/busondakika.com.tr\/index.php?rest_route=\/wp\/v2\/types\/post"}],"author":[{"embeddable":true,"href":"https:\/\/busondakika.com.tr\/index.php?rest_route=\/wp\/v2\/users\/1"}],"replies":[{"embeddable":true,"href":"https:\/\/busondakika.com.tr\/index.php?rest_route=%2Fwp%2Fv2%2Fcomments&post=13204"}],"version-history":[{"count":1,"href":"https:\/\/busondakika.com.tr\/index.php?rest_route=\/wp\/v2\/posts\/13204\/revisions"}],"predecessor-version":[{"id":13206,"href":"https:\/\/busondakika.com.tr\/index.php?rest_route=\/wp\/v2\/posts\/13204\/revisions\/13206"}],"wp:featuredmedia":[{"embeddable":true,"href":"https:\/\/busondakika.com.tr\/index.php?rest_route=\/wp\/v2\/media\/13205"}],"wp:attachment":[{"href":"https:\/\/busondakika.com.tr\/index.php?rest_route=%2Fwp%2Fv2%2Fmedia&parent=13204"}],"wp:term":[{"taxonomy":"category","embeddable":true,"href":"https:\/\/busondakika.com.tr\/index.php?rest_route=%2Fwp%2Fv2%2Fcategories&post=13204"},{"taxonomy":"post_tag","embeddable":true,"href":"https:\/\/busondakika.com.tr\/index.php?rest_route=%2Fwp%2Fv2%2Ftags&post=13204"}],"curies":[{"name":"wp","href":"https:\/\/api.w.org\/{rel}","templated":true}]}}