{"id":13207,"date":"2026-04-26T20:32:51","date_gmt":"2026-04-26T20:32:51","guid":{"rendered":"https:\/\/busondakika.com.tr\/?p=13207"},"modified":"2026-04-26T20:32:52","modified_gmt":"2026-04-26T20:32:52","slug":"engeller-kalkti-saglik-ayaga-geldi","status":"publish","type":"post","link":"https:\/\/busondakika.com.tr\/?p=13207","title":{"rendered":"Engeller kalkt\u0131, sa\u011fl\u0131k aya\u011fa geldi"},"content":{"rendered":"<p> \u0130zmir B\u00fcy\u00fck\u015fehir Belediyesi, sa\u011f\u0131r ve k\u00f6r kad\u0131nlar\u0131 KETEM\u2019le bulu\u015fturdu. Mamografi ve HPV taramalar\u0131 i\u00e7in refakatli, eri\u015filebilir hizmet devreye girdi; hedef en az 400 kad\u0131na ula\u015fmak.<\/p>\n<p>Engelli kad\u0131nlar\u0131n sa\u011fl\u0131k bilgisine eri\u015fimde ya\u015fad\u0131\u011f\u0131 e\u015fitsizlikleri azaltmak amac\u0131yla ba\u015flat\u0131lan Kad\u0131n Sa\u011fl\u0131\u011f\u0131 At\u00f6lyeleri, yeni bir a\u015famaya ta\u015f\u0131nd\u0131. \u0130zmir B\u00fcy\u00fck\u015fehir Belediyesi Engelli \u00c7al\u0131\u015fmalar\u0131 \u015eube M\u00fcd\u00fcrl\u00fc\u011f\u00fc personeli Emel Pektezel, \u00d6zlem \u00d6zer ve Melek Uslular taraf\u0131ndan y\u00fcr\u00fct\u00fclen \u00e7al\u0131\u015fmalar kapsam\u0131nda, Konak KETEM i\u015f birli\u011fiyle sa\u011f\u0131r ve k\u00f6r kad\u0131nlar\u0131n mamografi \u00e7ekimi ve HPV taramalar\u0131yla do\u011frudan sa\u011fl\u0131k hizmetine eri\u015fmesi sa\u011fland\u0131. Kad\u0131nlar\u0131n yaln\u0131zca bilgiye de\u011fil, ayn\u0131 zamanda eri\u015filebilir sa\u011fl\u0131k hizmetlerine de ula\u015fabilmesini hedefleyen uygulama, kapsay\u0131c\u0131 bir sa\u011fl\u0131k modeli sunuyor. At\u00f6lye s\u00fcrecine kat\u0131lan engelli kad\u0131nlar, y\u00f6nlendirme ve refakat deste\u011fiyle tarama hizmetlerinden faydaland\u0131. \u00c7al\u0131\u015fmada, sa\u011fl\u0131k hizmetlerine eri\u015fimde kar\u015f\u0131la\u015f\u0131lan fiziksel, ileti\u015fimsel ve bilgi temelli engeller azalt\u0131ld\u0131.\u00a0<\/p>\n<p><strong>Hedef, en az 400 engelli kad\u0131na ula\u015fmak<\/strong><\/p>\n<p>Proje hakk\u0131nda bilgi veren Engelli \u00c7al\u0131\u015fmalar\u0131 \u015eube M\u00fcd\u00fcrl\u00fc\u011f\u00fc personeli Emel Pektezel, \u201cEngelli \u00c7al\u0131\u015fmalar\u0131 \u015eube M\u00fcd\u00fcrl\u00fc\u011f\u00fc olarak engelli kad\u0131nlar\u0131n sa\u011fl\u0131k bilgisine eri\u015fimde ya\u015fad\u0131\u011f\u0131 e\u015fitsizlikleri azaltmak i\u00e7in Kad\u0131n Sa\u011fl\u0131\u011f\u0131 At\u00f6lyelerini ba\u015flatm\u0131\u015ft\u0131k. Bu \u00e7al\u0131\u015fmay\u0131 bir ad\u0131m ileriye ta\u015f\u0131yarak sa\u011f\u0131r ve k\u00f6r kad\u0131nlar\u0131n kanser taramalar\u0131yla sa\u011fl\u0131k hizmetine eri\u015fimini g\u00fc\u00e7lendirmeyi ama\u00e7lad\u0131k. Bilginin de, sa\u011fl\u0131k hizmetlerinin de herkes i\u00e7in e\u015fit, eri\u015filebilir ve kapsay\u0131c\u0131 oldu\u011fu bir modeli yayg\u0131nla\u015ft\u0131rmay\u0131 hedefliyoruz. Kent genelinde en az 400 engelli kad\u0131n\u0131n eri\u015filebilir sa\u011fl\u0131k hizmetlerinden faydalanmas\u0131n\u0131 sa\u011flamak istiyoruz\u201d dedi.\u00a0<\/p>\n<p><strong>Engelli kad\u0131nlar sa\u011fl\u0131\u011fa eri\u015fti<\/strong><\/p>\n<p>Konak KETEM\u2019de mamografi \u00e7ekimi ve HPV taramas\u0131na kat\u0131lan Bornova Sessizler Derne\u011fi \u00dcyesi Ay\u015fe \u00d6zen, \u201cDaha \u00f6nce kad\u0131n sa\u011fl\u0131\u011f\u0131 e\u011fitimlerine gidiyordum. Bug\u00fcn de mamografi \u00e7ektirip HPV testi yapt\u0131rd\u0131k. Muayenelerimiz yap\u0131ld\u0131, \u00e7ok memnun olduk. \u0130zmir B\u00fcy\u00fck\u015fehir Belediyesi\u2019ne \u00e7ok te\u015fekk\u00fcr ederiz\u201d derken, bir di\u011fer sa\u011f\u0131r kat\u0131l\u0131mc\u0131 Z\u00fcmr\u00fct Baysal da \u201cHerkese \u00e7ok te\u015fekk\u00fcr ediyoruz. \u2018Yard\u0131m eden biri olsa da doktora gitsem\u2019 diye d\u00fc\u015f\u00fcn\u00fcyordum. Terc\u00fcmanlar\u0131m\u0131za te\u015fekk\u00fcr ederim. Mamografi ve HPV testi yapt\u0131rd\u0131m\u201d diye konu\u015ftu. Karaba\u011flar Rehberlik Ara\u015ft\u0131rma Merkezi\u2019nde \u00f6\u011fretmen olan g\u00f6rme engelli Song\u00fcl Parlak, \u201c\u00c7ok verimli bir \u015fekilde e\u011fitim ald\u0131k. Buraya da tarama i\u00e7in geldik. Engelliler i\u00e7in eri\u015filebilir bir hizmet oldu. Herkese te\u015fekk\u00fcr ediyoruz. Tek ba\u015f\u0131ma olsam gelemezdim, korkard\u0131m ama bu \u00e7al\u0131\u015fma benim motivasyonumu art\u0131rd\u0131\u201d ifadelerini kulland\u0131.\u00a0<\/p>\n<p>Kaynak: (BYZHA) Beyaz Haber Ajans\u0131<\/p>\n","protected":false},"excerpt":{"rendered":"<p>\u0130zmir B\u00fcy\u00fck\u015fehir Belediyesi, sa\u011f\u0131r ve k\u00f6r kad\u0131nlar\u0131 KETEM\u2019le bulu\u015fturdu.<\/p>\n","protected":false},"author":1,"featured_media":13208,"comment_status":"open","ping_status":"open","sticky":false,"template":"","format":"standard","meta":{"footnotes":""},"categories":[23],"tags":[],"class_list":["post-13207","post","type-post","status-publish","format-standard","has-post-thumbnail","hentry","category-saglik"],"_links":{"self":[{"href":"https:\/\/busondakika.com.tr\/index.php?rest_route=\/wp\/v2\/posts\/13207","targetHints":{"allow":["GET"]}}],"collection":[{"href":"https:\/\/busondakika.com.tr\/index.php?rest_route=\/wp\/v2\/posts"}],"about":[{"href":"https:\/\/busondakika.com.tr\/index.php?rest_route=\/wp\/v2\/types\/post"}],"author":[{"embeddable":true,"href":"https:\/\/busondakika.com.tr\/index.php?rest_route=\/wp\/v2\/users\/1"}],"replies":[{"embeddable":true,"href":"https:\/\/busondakika.com.tr\/index.php?rest_route=%2Fwp%2Fv2%2Fcomments&post=13207"}],"version-history":[{"count":1,"href":"https:\/\/busondakika.com.tr\/index.php?rest_route=\/wp\/v2\/posts\/13207\/revisions"}],"predecessor-version":[{"id":13209,"href":"https:\/\/busondakika.com.tr\/index.php?rest_route=\/wp\/v2\/posts\/13207\/revisions\/13209"}],"wp:featuredmedia":[{"embeddable":true,"href":"https:\/\/busondakika.com.tr\/index.php?rest_route=\/wp\/v2\/media\/13208"}],"wp:attachment":[{"href":"https:\/\/busondakika.com.tr\/index.php?rest_route=%2Fwp%2Fv2%2Fmedia&parent=13207"}],"wp:term":[{"taxonomy":"category","embeddable":true,"href":"https:\/\/busondakika.com.tr\/index.php?rest_route=%2Fwp%2Fv2%2Fcategories&post=13207"},{"taxonomy":"post_tag","embeddable":true,"href":"https:\/\/busondakika.com.tr\/index.php?rest_route=%2Fwp%2Fv2%2Ftags&post=13207"}],"curies":[{"name":"wp","href":"https:\/\/api.w.org\/{rel}","templated":true}]}}