{"id":13216,"date":"2026-04-26T20:40:31","date_gmt":"2026-04-26T20:40:31","guid":{"rendered":"https:\/\/busondakika.com.tr\/?p=13216"},"modified":"2026-04-26T20:40:32","modified_gmt":"2026-04-26T20:40:32","slug":"baskan-altay-otogar-kavsaginda-karayolunu-ve-rayli-sistemi-uste-alacak-bir-koprulu-kavsak-calismasi-yurutuyoruz","status":"publish","type":"post","link":"https:\/\/busondakika.com.tr\/?p=13216","title":{"rendered":"Ba\u015fkan Altay: &#8216;Otogar Kav\u015fa\u011f\u0131\u2019nda Karayolunu ve Rayl\u0131 Sistemi \u00dcste Alacak Bir K\u00f6pr\u00fcl\u00fc Kav\u015fak \u00c7al\u0131\u015fmas\u0131 Y\u00fcr\u00fct\u00fcyoruz&#8217;"},"content":{"rendered":"\n<p data-asw-org-font-size=\"14\"><strong>Konya B\u00fcy\u00fck\u015fehir Belediye Ba\u015fkan\u0131 U\u011fur \u0130brahim Altay, Stadyum-\u015eehir Hastanesi Tramvay Hatt\u0131 ikinci etap \u00e7al\u0131\u015fmalar\u0131 kapsam\u0131nda in\u015fas\u0131 s\u00fcren Otogar kav\u015fa\u011f\u0131nda incelemelerde bulundu. Ba\u015fkan Altay, \u201cHalil \u00dcr\u00fcn Caddesi&#8217;nden Sad\u0131k Ahmet Caddesi&#8217;ne ge\u00e7i\u015flerde karayolunu ve rayl\u0131 sistemi \u00fcste alacak bir k\u00f6pr\u00fcl\u00fc kav\u015fak \u00e7al\u0131\u015fmas\u0131 y\u00fcr\u00fct\u00fcyoruz. Tamamland\u0131\u011f\u0131nda \u00fc\u00e7 kotta kav\u015fa\u011f\u0131 olan bir yap\u0131ya kavu\u015fmu\u015f olaca\u011f\u0131z. \u015eu anda a\u011f\u0131rl\u0131kl\u0131 bir \u015fekilde Asl\u0131m Caddesi kav\u015fa\u011f\u0131nda ve Otogar kav\u015fa\u011f\u0131nda \u00e7al\u0131\u015fmalar\u0131m\u0131z\u0131 devam ettiriyoruz. \u0130n\u015fallah tamamland\u0131\u011f\u0131nda Stadyum\u2019dan \u015eehir Hastanesi&#8217;ne kadar \u015fehrimiz 21.1 kilometrelik yeni bir rayl\u0131 sistemi hatt\u0131na kavu\u015fmu\u015f olacak. Ula\u015ft\u0131rma ve Altyap\u0131 Bakan\u0131m\u0131z Say\u0131n Abd\u00fclkadir Uralo\u011flu&#8217;na, Altyap\u0131 Genel M\u00fcd\u00fcr\u00fcm\u00fcz Say\u0131n Yal\u00e7\u0131n Eyg\u00fcn Bey&#8217;e te\u015fekk\u00fcr ediyorum\u201d dedi.<\/strong><\/p>\n<p data-asw-org-font-size=\"14\">\u00a0<\/p>\n<p data-asw-org-font-size=\"14\">Ula\u015ft\u0131rma ve Altyap\u0131 Bakanl\u0131\u011f\u0131 ile Konya B\u00fcy\u00fck\u015fehir Belediyesi taraf\u0131ndan y\u00fcr\u00fct\u00fclen Stadyum-\u015eehir Hastanesi Tramvay Hatt\u0131 ikinci etab\u0131 kapsam\u0131nda \u015fehre kazand\u0131r\u0131lacak Otogar kav\u015fa\u011f\u0131n\u0131n yap\u0131m \u00e7al\u0131\u015fmalar\u0131 son s\u00fcrat devam ediyor.<\/p>\n<p data-asw-org-font-size=\"14\">Konya B\u00fcy\u00fck\u015fehir Belediye Ba\u015fkan\u0131 U\u011fur \u0130brahim Altay, in\u015fas\u0131 s\u00fcren Otogar kav\u015fa\u011f\u0131nda incelemelerde bulunarak son durumu hakk\u0131nda a\u00e7\u0131klamalarda bulundu.<\/p>\n<p data-asw-org-font-size=\"14\">Konya tarihine ge\u00e7ecek \u00f6nemli altyap\u0131 ve ula\u015f\u0131m yat\u0131r\u0131mlar\u0131 ger\u00e7ekle\u015ftirdiklerini kaydeden Ba\u015fkan Altay, \u015fehir trafi\u011finin en yo\u011fun oldu\u011fu alanlardan birine de \u00fcst ge\u00e7it kazand\u0131rmak i\u00e7in \u00e7al\u0131\u015fmalar\u0131n yo\u011fun \u015fekilde s\u00fcrd\u00fc\u011f\u00fcn\u00fc s\u00f6yledi.<\/p>\n<p data-asw-org-font-size=\"14\"><strong>\u201cTAMAMLANDI\u011eINDA \u00dc\u00c7 KOTTA KAV\u015eA\u011eI OLAN B\u0130R YAPIYA KAVU\u015eMU\u015e OLACA\u011eIZ\u201d<\/strong><\/p>\n<p data-asw-org-font-size=\"14\">Ba\u015fkan Altay, \u201cHalil \u00dcr\u00fcn Caddesi&#8217;nden Sad\u0131k Ahmet Caddesi&#8217;ne ge\u00e7i\u015flerde karayolunu ve rayl\u0131 sistemi \u00fcste alacak bir k\u00f6pr\u00fcl\u00fc kav\u015fak \u00e7al\u0131\u015fmas\u0131 y\u00fcr\u00fct\u00fcyoruz. Tamamland\u0131\u011f\u0131nda \u00fc\u00e7 kotta kav\u015fa\u011f\u0131 olan bir yap\u0131ya kavu\u015fmu\u015f olaca\u011f\u0131z. Hem eksi kottan \u0130stanbul yolu devam edecek hem zeminde otogar istikametine gelenler devam ederken \u00fcst kattan da hem rayl\u0131 sistemimiz hem ta\u015f\u0131tlar\u0131m\u0131z ge\u00e7mi\u015f olacak. \u015eehir Hastanesi-Stadyum Tramvay Hatt\u0131 kapsam\u0131nda 10 kilometrelik k\u0131sm\u0131n\u0131 Ula\u015ft\u0131rma ve Altyap\u0131 Bakanl\u0131\u011f\u0131m\u0131z, Altyap\u0131 Genel M\u00fcd\u00fcrl\u00fc\u011f\u00fcm\u00fcz y\u00fcr\u00fct\u00fcyor. Kalan 11.1 kilometrelik k\u0131sm\u0131n\u0131 da biz y\u00fcr\u00fct\u00fcyoruz. \u015eu anda a\u011f\u0131rl\u0131kl\u0131 bir \u015fekilde Asl\u0131m Caddesi kav\u015fa\u011f\u0131nda ve Otogar kav\u015fa\u011f\u0131nda \u00e7al\u0131\u015fmalar\u0131m\u0131z\u0131 devam ettiriyoruz. \u0130n\u015fallah tamamland\u0131\u011f\u0131nda Stadyum\u2019dan \u015eehir Hastanesi&#8217;ne kadar \u015fehrimiz 21.1 kilometrelik yeni bir rayl\u0131 sistemi hatt\u0131na kavu\u015fmu\u015f olacak\u201d ifadelerini kulland\u0131.<\/p>\n<p data-asw-org-font-size=\"14\"><strong>ULA\u015eTIRMA VE ALTYAPI BAKANI ABD\u00dcLKAD\u0130R URALO\u011eLU&#8217;NA TE\u015eEKK\u00dcR ETT\u0130<\/strong><\/p>\n<p data-asw-org-font-size=\"14\">Trafi\u011fe en az rahats\u0131zl\u0131k vermek i\u00e7in gerekli yan yol d\u00fczenlemelerini yaparak bu \u00e7al\u0131\u015fmalar\u0131 y\u00fcr\u00fctt\u00fcklerini vurgulayan Ba\u015fkan Altay, \u201c\u0130n\u015faat\u0131n en k\u0131sa s\u00fcrede tamamlanmas\u0131 i\u00e7in yo\u011fun bir gayret i\u00e7erisindeyiz. Tamamland\u0131\u011f\u0131nda \u015fehrimiz yeni 21.1 kilometrelik bir rayl\u0131 sistem hatt\u0131na kavu\u015fmu\u015f olacak. Ula\u015ft\u0131rma ve Altyap\u0131 Bakan\u0131m\u0131z Say\u0131n Abd\u00fclkadir Uralo\u011flu&#8217;na, Altyap\u0131 Genel M\u00fcd\u00fcr\u00fcm\u00fcz Say\u0131n Yal\u00e7\u0131n Eyg\u00fcn Bey&#8217;e ve \u00e7al\u0131\u015fan t\u00fcm arkada\u015flar\u0131m\u0131za te\u015fekk\u00fcr ediyorum. Konya&#8217;n\u0131n tarihine ge\u00e7ecek bu yat\u0131r\u0131mlar i\u00e7in gece g\u00fcnd\u00fcz demeden gayret ediyoruz. \u015eehrimize hay\u0131rl\u0131, m\u00fcbarek olsun\u201d diye konu\u015ftu.<\/p>\n<p>Kaynak: (BYZHA) Beyaz Haber Ajans\u0131<\/p>\n","protected":false},"excerpt":{"rendered":"<p>Konya B\u00fcy\u00fck\u015fehir Belediye Ba\u015fkan\u0131 U\u011fur \u0130brahim Altay, Stadyum-\u015eehir Hastanesi Tramvay Hatt\u0131 ikinci etap \u00e7al\u0131\u015fmalar\u0131 kapsam\u0131nda in\u015fas\u0131 s\u00fcren Otogar kav\u015fa\u011f\u0131nda incelemelerde bulundu.<\/p>\n","protected":false},"author":1,"featured_media":13217,"comment_status":"open","ping_status":"open","sticky":false,"template":"","format":"standard","meta":{"footnotes":""},"categories":[21],"tags":[],"class_list":["post-13216","post","type-post","status-publish","format-standard","has-post-thumbnail","hentry","category-gundem"],"_links":{"self":[{"href":"https:\/\/busondakika.com.tr\/index.php?rest_route=\/wp\/v2\/posts\/13216","targetHints":{"allow":["GET"]}}],"collection":[{"href":"https:\/\/busondakika.com.tr\/index.php?rest_route=\/wp\/v2\/posts"}],"about":[{"href":"https:\/\/busondakika.com.tr\/index.php?rest_route=\/wp\/v2\/types\/post"}],"author":[{"embeddable":true,"href":"https:\/\/busondakika.com.tr\/index.php?rest_route=\/wp\/v2\/users\/1"}],"replies":[{"embeddable":true,"href":"https:\/\/busondakika.com.tr\/index.php?rest_route=%2Fwp%2Fv2%2Fcomments&post=13216"}],"version-history":[{"count":1,"href":"https:\/\/busondakika.com.tr\/index.php?rest_route=\/wp\/v2\/posts\/13216\/revisions"}],"predecessor-version":[{"id":13218,"href":"https:\/\/busondakika.com.tr\/index.php?rest_route=\/wp\/v2\/posts\/13216\/revisions\/13218"}],"wp:featuredmedia":[{"embeddable":true,"href":"https:\/\/busondakika.com.tr\/index.php?rest_route=\/wp\/v2\/media\/13217"}],"wp:attachment":[{"href":"https:\/\/busondakika.com.tr\/index.php?rest_route=%2Fwp%2Fv2%2Fmedia&parent=13216"}],"wp:term":[{"taxonomy":"category","embeddable":true,"href":"https:\/\/busondakika.com.tr\/index.php?rest_route=%2Fwp%2Fv2%2Fcategories&post=13216"},{"taxonomy":"post_tag","embeddable":true,"href":"https:\/\/busondakika.com.tr\/index.php?rest_route=%2Fwp%2Fv2%2Ftags&post=13216"}],"curies":[{"name":"wp","href":"https:\/\/api.w.org\/{rel}","templated":true}]}}