{"id":13219,"date":"2026-04-26T20:40:33","date_gmt":"2026-04-26T20:40:33","guid":{"rendered":"https:\/\/busondakika.com.tr\/?p=13219"},"modified":"2026-04-26T20:40:33","modified_gmt":"2026-04-26T20:40:33","slug":"buyuksehir-sahilleri-yaza-hazirliyor","status":"publish","type":"post","link":"https:\/\/busondakika.com.tr\/?p=13219","title":{"rendered":"B\u00fcy\u00fck\u015fehir sahilleri yaza haz\u0131rl\u0131yor"},"content":{"rendered":"<p> Kocaeli B\u00fcy\u00fck\u015fehir Belediyesi, yaz sezonu \u00f6ncesinde sahil b\u00f6lgelerinde bak\u0131m ve yenileme \u00e7al\u0131\u015fmalar\u0131na h\u0131z verdi. Kent genelinde y\u00fcr\u00fct\u00fclen \u00e7al\u0131\u015fmalarla sahillerin daha konforlu, g\u00fcvenli ve estetik bir g\u00f6r\u00fcn\u00fcme kavu\u015fmas\u0131 hedefleniyor.<\/p>\n<p><b>SAH\u0130LLER BA\u015eTAN SONA YEN\u0130LEN\u0130YOR<\/b><\/p>\n<p>Kocaeli B\u00fcy\u00fck\u015fehir Belediyesi Park ve Bah\u00e7eler Dairesi Ba\u015fkanl\u0131\u011f\u0131\u2019na ba\u011fl\u0131 ekipler; Kand\u0131ra Cebeci, Ba\u015fiskele, G\u00f6lc\u00fck ve Karam\u00fcrsel sahilleri ba\u015fta olmak \u00fczere bir\u00e7ok noktada bak\u0131m \u00e7al\u0131\u015fmalar\u0131n\u0131 s\u00fcrd\u00fcr\u00fcyor. \u00c7al\u0131\u015fmalar kapsam\u0131nda sahil alanlar\u0131ndaki donat\u0131 elemanlar\u0131 boyan\u0131p verniklenirken, zemin yaz\u0131lar\u0131 da yenileniyor.<\/p>\n<p><b>ESTET\u0130K VE \u0130\u015eLEVSELL\u0130K B\u0130R ARADA<\/b><\/p>\n<p>Ula\u015fl\u0131 Halk Plaj\u0131\u2019nda ise altyap\u0131 \u00e7al\u0131\u015fmalar\u0131 \u00f6ne \u00e7\u0131k\u0131yor. Ekipler; WC, du\u015f ve soyunma kabinleri i\u00e7in beton d\u00f6k\u00fcm i\u015flemlerini s\u00fcrd\u00fcr\u00fcrken, bu alanlarda deck montajlar\u0131 da e\u015f zamanl\u0131 ger\u00e7ekle\u015ftiriliyor. Sahil genelinde y\u00fcr\u00fct\u00fclen yenileme \u00e7al\u0131\u015fmalar\u0131yla hem estetik g\u00f6r\u00fcn\u00fcm g\u00fc\u00e7lendiriliyor hem de kullan\u0131m konforu art\u0131r\u0131l\u0131yor.<\/p>\n<p><b>G\u00dcVENL\u0130K VE H\u0130JYEN SA\u011eLANIYOR<\/b><\/p>\n<p>Yap\u0131lan d\u00fczenlemelerle sahillerde g\u00f6rsel b\u00fct\u00fcnl\u00fck sa\u011flan\u0131rken, hijyen ve g\u00fcvenlik standartlar\u0131 da \u00fcst seviyeye \u00e7\u0131kar\u0131l\u0131yor. Yetkililer, \u00e7al\u0131\u015fmalar\u0131n etap etap t\u00fcm sahil \u015feridinde devam edece\u011fini belirterek, Kocaeli k\u0131y\u0131lar\u0131n\u0131n yaz sezonuna eksiksiz haz\u0131rlanaca\u011f\u0131n\u0131 ifade etti.<\/p>\n<p>Kaynak: (BYZHA) Beyaz Haber Ajans\u0131<\/p>\n","protected":false},"excerpt":{"rendered":"<p>Kocaeli B\u00fcy\u00fck\u015fehir Belediyesi, yaz sezonu \u00f6ncesinde sahil b\u00f6lgelerinde bak\u0131m ve yenileme \u00e7al\u0131\u015fmalar\u0131na h\u0131z verdi.<\/p>\n","protected":false},"author":1,"featured_media":13220,"comment_status":"open","ping_status":"open","sticky":false,"template":"","format":"standard","meta":{"footnotes":""},"categories":[21],"tags":[],"class_list":["post-13219","post","type-post","status-publish","format-standard","has-post-thumbnail","hentry","category-gundem"],"_links":{"self":[{"href":"https:\/\/busondakika.com.tr\/index.php?rest_route=\/wp\/v2\/posts\/13219","targetHints":{"allow":["GET"]}}],"collection":[{"href":"https:\/\/busondakika.com.tr\/index.php?rest_route=\/wp\/v2\/posts"}],"about":[{"href":"https:\/\/busondakika.com.tr\/index.php?rest_route=\/wp\/v2\/types\/post"}],"author":[{"embeddable":true,"href":"https:\/\/busondakika.com.tr\/index.php?rest_route=\/wp\/v2\/users\/1"}],"replies":[{"embeddable":true,"href":"https:\/\/busondakika.com.tr\/index.php?rest_route=%2Fwp%2Fv2%2Fcomments&post=13219"}],"version-history":[{"count":1,"href":"https:\/\/busondakika.com.tr\/index.php?rest_route=\/wp\/v2\/posts\/13219\/revisions"}],"predecessor-version":[{"id":13221,"href":"https:\/\/busondakika.com.tr\/index.php?rest_route=\/wp\/v2\/posts\/13219\/revisions\/13221"}],"wp:featuredmedia":[{"embeddable":true,"href":"https:\/\/busondakika.com.tr\/index.php?rest_route=\/wp\/v2\/media\/13220"}],"wp:attachment":[{"href":"https:\/\/busondakika.com.tr\/index.php?rest_route=%2Fwp%2Fv2%2Fmedia&parent=13219"}],"wp:term":[{"taxonomy":"category","embeddable":true,"href":"https:\/\/busondakika.com.tr\/index.php?rest_route=%2Fwp%2Fv2%2Fcategories&post=13219"},{"taxonomy":"post_tag","embeddable":true,"href":"https:\/\/busondakika.com.tr\/index.php?rest_route=%2Fwp%2Fv2%2Ftags&post=13219"}],"curies":[{"name":"wp","href":"https:\/\/api.w.org\/{rel}","templated":true}]}}