{"id":13222,"date":"2026-04-26T20:40:36","date_gmt":"2026-04-26T20:40:36","guid":{"rendered":"https:\/\/busondakika.com.tr\/?p=13222"},"modified":"2026-04-26T20:40:36","modified_gmt":"2026-04-26T20:40:36","slug":"kartepede-genclik-ruzgari","status":"publish","type":"post","link":"https:\/\/busondakika.com.tr\/?p=13222","title":{"rendered":"Kartepe\u2019de Gen\u00e7lik R\u00fczgar\u0131"},"content":{"rendered":"<br \/>\n<article>Kartepe Belediye Ba\u015fkan\u0131 Av. M. Mustafa Kocaman, &#8220;Gen\u00e7lik Bulu\u015fmalar\u0131&#8221; kapsam\u0131nda Pirelli Anadolu Lisesi \u00f6\u011frencileriyle bir araya geldi.<\/p>\n<p><strong>Ba\u015fkan Kocaman &#8220;Kartepe, Do\u011fas\u0131 ve Ruhuyla \u00c7ok \u00d6zel Bir \u0130l\u00e7e&#8221;<\/strong><\/p>\n<p>D\u00fczenli olarak gen\u00e7lerle bir araya gelen Kartepe Belediye Ba\u015fkan\u0131 Av. M. Mustafa Kocaman bu hafta Pirelli Anadolu Lisesi \u00d6\u011frencileri ile bir araya geldi. Kartepe\u2019nin do\u011fas\u0131yla, turizmiyle ve geli\u015fen vizyonuyla \u00e7ok g\u00fczel bir il\u00e7e oldu\u011funu belirten Ba\u015fkan Kocaman &#8220;B\u00f6ylesine \u00f6zel ve g\u00fczel bir il\u00e7ede ya\u015faman\u0131n, bu topraklar\u0131n bir par\u00e7as\u0131 olman\u0131n sorumlulu\u011fuyla \u00e7al\u0131\u015f\u0131yoruz. Siz gen\u00e7ler, bu g\u00fczelli\u011fi gelece\u011fe ta\u015f\u0131yacak olan en \u00f6nemli de\u011ferlerimizsiniz.&#8221; dedi.<\/p>\n<p><strong>Meslek Se\u00e7iminde Alt\u0131n \u00d6\u011f\u00fctler<\/strong><\/p>\n<p>Gen\u00e7lerin sorular\u0131n\u0131 yan\u0131tlayan Ba\u015fkan Kocaman, meslek se\u00e7iminin sadece bir i\u015f olmad\u0131\u011f\u0131n\u0131, asl\u0131nda bir gelecek tercihi oldu\u011funu belirtti. Gen\u00e7lere seslenen Kartepe Belediye Ba\u015fkan\u0131 Av. M. Mustafa Kocaman, mesleklerini s\u0131rf pop\u00fcler oldu\u011fu i\u00e7in de\u011fil ruhlar\u0131na hitap etti\u011fi i\u00e7in se\u00e7meleri gerekti\u011fini vurgularken; hangi i\u015fi yaparlarsa yaps\u0131nlar o alan\u0131n en iyisi olmak i\u00e7in \u00e7ok \u00e7al\u0131\u015fmalar\u0131 ve vicdanlar\u0131n\u0131 her zaman pusula yapmalar\u0131 gerekti\u011fini ifade etti. Avukatl\u0131\u011f\u0131n kendisine adaleti, belediye ba\u015fkanl\u0131\u011f\u0131n\u0131n ise hizmet etmeyi \u00f6\u011fretti\u011fini s\u00f6yleyen Ba\u015fkan Kocaman, etik de\u011ferlere ba\u011fl\u0131 kalman\u0131n \u00f6nemine dikkat \u00e7ekti.<\/p>\n<p><strong>G\u00fcn\u00fcn An\u0131s\u0131na Hat\u0131ra Foto\u011fraf\u0131<\/strong><\/p>\n<p>Okul M\u00fcd\u00fcr\u00fc Murtaza \u0130sot ve \u00f6\u011fretmenlerinde kat\u0131ld\u0131\u011f\u0131 program\u0131n sonunda \u00f6\u011frencilerin sorular\u0131n\u0131 tek tek yan\u0131tlayan ve onlarla yak\u0131ndan ilgilenen Belediye Ba\u015fkan\u0131 Av. M. Mustafa Kocaman g\u00fcn\u00fcn an\u0131s\u0131na bol bol hat\u0131ra foto\u011fraf\u0131 \u00e7ektirdi.<\/p>\n<\/article>\n<p>Kaynak: (BYZHA) Beyaz Haber Ajans\u0131<\/p>\n","protected":false},"excerpt":{"rendered":"<p>Kartepe Belediye Ba\u015fkan\u0131 Av.<\/p>\n","protected":false},"author":1,"featured_media":13223,"comment_status":"open","ping_status":"open","sticky":false,"template":"","format":"standard","meta":{"footnotes":""},"categories":[21],"tags":[],"class_list":["post-13222","post","type-post","status-publish","format-standard","has-post-thumbnail","hentry","category-gundem"],"_links":{"self":[{"href":"https:\/\/busondakika.com.tr\/index.php?rest_route=\/wp\/v2\/posts\/13222","targetHints":{"allow":["GET"]}}],"collection":[{"href":"https:\/\/busondakika.com.tr\/index.php?rest_route=\/wp\/v2\/posts"}],"about":[{"href":"https:\/\/busondakika.com.tr\/index.php?rest_route=\/wp\/v2\/types\/post"}],"author":[{"embeddable":true,"href":"https:\/\/busondakika.com.tr\/index.php?rest_route=\/wp\/v2\/users\/1"}],"replies":[{"embeddable":true,"href":"https:\/\/busondakika.com.tr\/index.php?rest_route=%2Fwp%2Fv2%2Fcomments&post=13222"}],"version-history":[{"count":1,"href":"https:\/\/busondakika.com.tr\/index.php?rest_route=\/wp\/v2\/posts\/13222\/revisions"}],"predecessor-version":[{"id":13224,"href":"https:\/\/busondakika.com.tr\/index.php?rest_route=\/wp\/v2\/posts\/13222\/revisions\/13224"}],"wp:featuredmedia":[{"embeddable":true,"href":"https:\/\/busondakika.com.tr\/index.php?rest_route=\/wp\/v2\/media\/13223"}],"wp:attachment":[{"href":"https:\/\/busondakika.com.tr\/index.php?rest_route=%2Fwp%2Fv2%2Fmedia&parent=13222"}],"wp:term":[{"taxonomy":"category","embeddable":true,"href":"https:\/\/busondakika.com.tr\/index.php?rest_route=%2Fwp%2Fv2%2Fcategories&post=13222"},{"taxonomy":"post_tag","embeddable":true,"href":"https:\/\/busondakika.com.tr\/index.php?rest_route=%2Fwp%2Fv2%2Ftags&post=13222"}],"curies":[{"name":"wp","href":"https:\/\/api.w.org\/{rel}","templated":true}]}}