{"id":13225,"date":"2026-04-26T20:40:40","date_gmt":"2026-04-26T20:40:40","guid":{"rendered":"https:\/\/busondakika.com.tr\/?p=13225"},"modified":"2026-04-26T20:40:41","modified_gmt":"2026-04-26T20:40:41","slug":"osmangazi-belediyesinden-cocuklara-unutulmaz-bayram","status":"publish","type":"post","link":"https:\/\/busondakika.com.tr\/?p=13225","title":{"rendered":"Osmangazi Belediyesi\u2019nden \u00c7ocuklara Unutulmaz Bayram"},"content":{"rendered":"<p> Osmangazi Belediyesi, 23 Nisan Ulusal Egemenlik ve \u00c7ocuk Bayram\u0131 dolay\u0131s\u0131yla d\u00fczenledi\u011fi kapsaml\u0131 etkinlik program\u0131yla \u00e7ocuklara unutulmaz bir bayram ya\u015fatt\u0131. Mustafa Kemal Atat\u00fcrk\u2019\u00fcn \u00e7ocuklara arma\u011fan etti\u011fi bu anlaml\u0131 g\u00fcn, Osmangazi\u2019de co\u015fku, ne\u015fe ve renkli g\u00f6r\u00fcnt\u00fcler e\u015fli\u011finde kutland\u0131.<\/p>\n<p>Osmangazi Belediyesi\u2019nin ger\u00e7ekle\u015ftirdi\u011fi etkinlikler kapsam\u0131nda Osmangazi Meydan\u0131, \u00e7ocuklar i\u00e7in adeta dev bir e\u011flence ve bulu\u015fma alan\u0131na d\u00f6n\u00fc\u015ft\u00fcr\u00fcld\u00fc. \u00dc\u00e7 g\u00fcn boyunca s\u00fcren programda birbirinden farkl\u0131 aktiviteler, sahne g\u00f6sterileri ve konserlerle \u00e7ocuklar bayram sevincini doyas\u0131ya ya\u015fad\u0131. G\u00fcn boyu devam eden etkinliklerde \u00e7ocuklar hem e\u011flendi, hem de sosyal ve k\u00fclt\u00fcrel a\u00e7\u0131dan zengin deneyimler kazand\u0131. Etkinlikler \u00e7er\u00e7evesinde sahne alan sanat\u00e7\u0131lar da bayram co\u015fkusunu zirveye ta\u015f\u0131d\u0131. Cahit Berkay ve Den Den konserinin ard\u0131ndan son g\u00fcn sahneye \u00e7\u0131kan \u015eubadap \u00c7ocuk, enerjik performans\u0131 ve e\u011flenceli \u015fark\u0131lar\u0131yla \u00e7ocuklara unutamayacaklar\u0131 anlar ya\u015fatt\u0131. Ritim dolu melodiler e\u015fli\u011finde dans eden \u00e7ocuklar, bayram\u0131n ruhunu doyas\u0131ya hissetti.<\/p>\n<p><b>Meydan \u00c7ocuklar\u0131n Mutluluk Merkezi Oldu<\/b><\/p>\n<p>\u00c7ocuklar\u0131n mutlulu\u011funu merkeze alan Osmangazi Belediyesi, meydanda olu\u015fturdu\u011fu \u00f6zel etkinlik alanlar\u0131yla bayram atmosferini daha da zenginle\u015ftirdi. \u00d6zenle haz\u0131rlanan oyun parkurlar\u0131, at\u00f6lyeler ve yar\u0131\u015fma alanlar\u0131 sayesinde \u00e7ocuklar g\u00fcn boyunca aktif ve keyifli vakit ge\u00e7irme imkan\u0131 buldu. Renkli dekorasyonlar ve tematik s\u00fcslemelerle donat\u0131lan Osmangazi Meydan\u0131, ziyaret\u00e7ilere g\u00f6rsel bir \u015f\u00f6len sunarken, alan\u0131n her k\u00f6\u015fesinde \u00e7ocuk kahkahalar\u0131 yank\u0131land\u0131.<\/p>\n<p>Bayram boyunca s\u00fcren etkinlikler sayesinde Osmangazi, \u00e7ocuklar\u0131n ne\u015fesiyle dolup ta\u015farken, 23 Nisan co\u015fkusu il\u00e7enin d\u00f6rt bir yan\u0131nda hissedildi.<\/p>\n<p>Kaynak: (BYZHA) Beyaz Haber Ajans\u0131<\/p>\n","protected":false},"excerpt":{"rendered":"<p>Osmangazi Belediyesi, 23 Nisan Ulusal Egemenlik ve \u00c7ocuk Bayram\u0131 dolay\u0131s\u0131yla d\u00fczenledi\u011fi kapsaml\u0131 etkinlik program\u0131yla \u00e7ocuklara unutulmaz bir bayram ya\u015fatt\u0131.<\/p>\n","protected":false},"author":1,"featured_media":13226,"comment_status":"open","ping_status":"open","sticky":false,"template":"","format":"standard","meta":{"footnotes":""},"categories":[20],"tags":[],"class_list":["post-13225","post","type-post","status-publish","format-standard","has-post-thumbnail","hentry","category-kultur-sanat"],"_links":{"self":[{"href":"https:\/\/busondakika.com.tr\/index.php?rest_route=\/wp\/v2\/posts\/13225","targetHints":{"allow":["GET"]}}],"collection":[{"href":"https:\/\/busondakika.com.tr\/index.php?rest_route=\/wp\/v2\/posts"}],"about":[{"href":"https:\/\/busondakika.com.tr\/index.php?rest_route=\/wp\/v2\/types\/post"}],"author":[{"embeddable":true,"href":"https:\/\/busondakika.com.tr\/index.php?rest_route=\/wp\/v2\/users\/1"}],"replies":[{"embeddable":true,"href":"https:\/\/busondakika.com.tr\/index.php?rest_route=%2Fwp%2Fv2%2Fcomments&post=13225"}],"version-history":[{"count":1,"href":"https:\/\/busondakika.com.tr\/index.php?rest_route=\/wp\/v2\/posts\/13225\/revisions"}],"predecessor-version":[{"id":13227,"href":"https:\/\/busondakika.com.tr\/index.php?rest_route=\/wp\/v2\/posts\/13225\/revisions\/13227"}],"wp:featuredmedia":[{"embeddable":true,"href":"https:\/\/busondakika.com.tr\/index.php?rest_route=\/wp\/v2\/media\/13226"}],"wp:attachment":[{"href":"https:\/\/busondakika.com.tr\/index.php?rest_route=%2Fwp%2Fv2%2Fmedia&parent=13225"}],"wp:term":[{"taxonomy":"category","embeddable":true,"href":"https:\/\/busondakika.com.tr\/index.php?rest_route=%2Fwp%2Fv2%2Fcategories&post=13225"},{"taxonomy":"post_tag","embeddable":true,"href":"https:\/\/busondakika.com.tr\/index.php?rest_route=%2Fwp%2Fv2%2Ftags&post=13225"}],"curies":[{"name":"wp","href":"https:\/\/api.w.org\/{rel}","templated":true}]}}