{"id":13237,"date":"2026-04-26T20:59:04","date_gmt":"2026-04-26T20:59:04","guid":{"rendered":"https:\/\/busondakika.com.tr\/?p=13237"},"modified":"2026-04-26T20:59:05","modified_gmt":"2026-04-26T20:59:05","slug":"kartepe-gastronomi-festivali-yemek-yarismasi-basvurulari-basladi","status":"publish","type":"post","link":"https:\/\/busondakika.com.tr\/?p=13237","title":{"rendered":"Kartepe Gastronomi Festivali Yemek Yar\u0131\u015fmas\u0131 Ba\u015fvurular\u0131 Ba\u015flad\u0131"},"content":{"rendered":"<br \/>\n<article>Kartepe Belediyesi ile Kocaeli \u00dcniversitesi i\u015f birli\u011finde, bu y\u0131l ikincisi d\u00fczenlenecek olan \u201cKartepe Gastronomi Festivali &#8211; Yemek Yar\u0131\u015fmas\u0131\u201d i\u00e7in ba\u015fvuru s\u00fcreci ba\u015flad\u0131. Y\u00f6resel mutfak de\u011ferlerini \u00f6n plana \u00e7\u0131karmay\u0131 ama\u00e7layan yar\u0131\u015fma, geleneksel lezzetleri modern yorumlarla bulu\u015fturmak isteyen kat\u0131l\u0131mc\u0131lar\u0131 bekliyor.<\/p>\n<p><strong>Ba\u015fvurular Ba\u015flad\u0131<\/strong><\/p>\n<p>\u00a0\u201cKartepe Gastronomi Festivali Yemek Yar\u0131\u015fmas\u0131\u201dna kat\u0131lmak isteyenler, 23 May\u0131s 2026 tarihine kadar Kartepe Belediyesi\u2019nin\u00a0yarisma.kartepe.bel.tr\u00a0internet adresi \u00fczerinden ba\u015fvuru yapabilecek. Adaylar\u0131n, sistemde yer alan Ba\u015fvuru Formu ile Yemek Tarifi Formunu eksiksiz doldurmalar\u0131, isim, soy isim ve ileti\u015fim bilgilerini girmeleri ve haz\u0131rlad\u0131klar\u0131 yemeklere ait g\u00f6rselleri y\u00fcklemeleri gerekiyor.<\/p>\n<p><strong>Gastronomi Festivali 7 Haziran\u2019da Ger\u00e7ekle\u015fecek<\/strong><\/p>\n<p>Kartepe\u2019de gastronomi r\u00fczg\u00e2r\u0131 7 Haziran 2026 tarihinde esecek. Ayn\u0131 g\u00fcn d\u00fczenlenecek olan Kartepe Gastronomi Festivali kapsam\u0131nda yemek yar\u0131\u015fmas\u0131 da ger\u00e7ekle\u015ftirilecek ve festival, y\u00f6resel lezzetlerin tan\u0131t\u0131ld\u0131\u011f\u0131 \u00f6nemli bir bulu\u015fma noktas\u0131 olacak.<\/p>\n<p><strong>\u00dc\u00e7 Ana Kategoride Yar\u0131\u015fma Heyecan\u0131<\/strong><\/p>\n<p>Yar\u0131\u015fma; Kartepe\u2019ye \u00f6zg\u00fc yemekler do\u011frultusunda \u201c\u00e7orba\u201d, \u201cana yemek\u201d ve \u201ctatl\u0131\u201d olmak \u00fczere \u00fc\u00e7 ana kategoride ger\u00e7ekle\u015ftirilecek. Kat\u0131l\u0131mc\u0131lar, hem geleneksel tarifleri ya\u015fatacak hem de \u00f6zg\u00fcn sunumlar\u0131yla j\u00fcri kar\u015f\u0131s\u0131na \u00e7\u0131kacak.<\/p>\n<p><strong>Sonu\u00e7lar Ayn\u0131 G\u00fcn A\u00e7\u0131klanacak<\/strong><\/p>\n<p>Yar\u0131\u015fma sonunda j\u00fcri de\u011ferlendirmeleri yine 7 Haziran 2026 tarihinde tamamlanarak sonu\u00e7lar kamuoyu ile payla\u015f\u0131lacak.<\/p>\n<p><strong>Gastronomi Tutkunlar\u0131na Davet<\/strong><\/p>\n<p>Kartepe Gastronomi Festivali ile birlikte d\u00fczenlenen bu yar\u0131\u015fma, b\u00f6lgenin zengin mutfak k\u00fclt\u00fcr\u00fcn\u00fc tan\u0131tmay\u0131 hedeflerken, t\u00fcm gastronomi merakl\u0131lar\u0131n\u0131 bu \u00f6zel etkinli\u011fe kat\u0131lmaya davet ediyor.<\/p>\n<\/article>\n<p>Kaynak: (BYZHA) Beyaz Haber Ajans\u0131<\/p>\n","protected":false},"excerpt":{"rendered":"<p>Kartepe Belediyesi ile Kocaeli \u00dcniversitesi i\u015f birli\u011finde, bu y\u0131l ikincisi d\u00fczenlenecek olan \u201cKartepe Gastronomi Festivali &#8211; Yemek Yar\u0131\u015fmas\u0131\u201d i\u00e7in ba\u015fvuru s\u00fcreci ba\u015flad\u0131.<\/p>\n","protected":false},"author":1,"featured_media":13238,"comment_status":"open","ping_status":"open","sticky":false,"template":"","format":"standard","meta":{"footnotes":""},"categories":[20],"tags":[],"class_list":["post-13237","post","type-post","status-publish","format-standard","has-post-thumbnail","hentry","category-kultur-sanat"],"_links":{"self":[{"href":"https:\/\/busondakika.com.tr\/index.php?rest_route=\/wp\/v2\/posts\/13237","targetHints":{"allow":["GET"]}}],"collection":[{"href":"https:\/\/busondakika.com.tr\/index.php?rest_route=\/wp\/v2\/posts"}],"about":[{"href":"https:\/\/busondakika.com.tr\/index.php?rest_route=\/wp\/v2\/types\/post"}],"author":[{"embeddable":true,"href":"https:\/\/busondakika.com.tr\/index.php?rest_route=\/wp\/v2\/users\/1"}],"replies":[{"embeddable":true,"href":"https:\/\/busondakika.com.tr\/index.php?rest_route=%2Fwp%2Fv2%2Fcomments&post=13237"}],"version-history":[{"count":1,"href":"https:\/\/busondakika.com.tr\/index.php?rest_route=\/wp\/v2\/posts\/13237\/revisions"}],"predecessor-version":[{"id":13239,"href":"https:\/\/busondakika.com.tr\/index.php?rest_route=\/wp\/v2\/posts\/13237\/revisions\/13239"}],"wp:featuredmedia":[{"embeddable":true,"href":"https:\/\/busondakika.com.tr\/index.php?rest_route=\/wp\/v2\/media\/13238"}],"wp:attachment":[{"href":"https:\/\/busondakika.com.tr\/index.php?rest_route=%2Fwp%2Fv2%2Fmedia&parent=13237"}],"wp:term":[{"taxonomy":"category","embeddable":true,"href":"https:\/\/busondakika.com.tr\/index.php?rest_route=%2Fwp%2Fv2%2Fcategories&post=13237"},{"taxonomy":"post_tag","embeddable":true,"href":"https:\/\/busondakika.com.tr\/index.php?rest_route=%2Fwp%2Fv2%2Ftags&post=13237"}],"curies":[{"name":"wp","href":"https:\/\/api.w.org\/{rel}","templated":true}]}}