{"id":13246,"date":"2026-04-26T21:09:23","date_gmt":"2026-04-26T21:09:23","guid":{"rendered":"https:\/\/busondakika.com.tr\/?p=13246"},"modified":"2026-04-26T21:09:24","modified_gmt":"2026-04-26T21:09:24","slug":"avrupa-genclik-haftasi-toplantisinda-ulkemizi-konyadan-murat-can-bulsan-temsil-etti","status":"publish","type":"post","link":"https:\/\/busondakika.com.tr\/?p=13246","title":{"rendered":"Avrupa Gen\u00e7lik Haftas\u0131 Toplant\u0131s\u0131nda \u00dclkemizi Konya\u2019dan Murat Can Bul\u015fan Temsil Etti"},"content":{"rendered":"\n<p data-asw-org-font-size=\"14\"><strong>Eurodesk Gen\u00e7lik Delegasyonu\u2019na T\u00fcrkiye\u2019den se\u00e7ilen tek temsilcisi olan Konya B\u00fcy\u00fck\u015fehir Belediyesi Eurodesk Atmosfer \u0130rtibat Ki\u015fisi Murat Can Bul\u015fan, Bel\u00e7ika\u2019daki Avrupa Parlamentosu\u2019nda ger\u00e7ekle\u015ftirilen Avrupa Gen\u00e7lik Haftas\u0131 a\u00e7\u0131l\u0131\u015f toplant\u0131s\u0131nda Konya\u2019y\u0131 ba\u015far\u0131yla temsil etti. Konya B\u00fcy\u00fck\u015fehir Belediye Ba\u015fkan\u0131 U\u011fur \u0130brahim Altay, \u201cKonya\u2019m\u0131z\u0131n gen\u00e7lerinin uluslararas\u0131 platformlarda aktif rol almas\u0131 bizler i\u00e7in b\u00fcy\u00fck bir gurur kayna\u011f\u0131d\u0131r. Murat Can Bul\u015fan karde\u015fimizi tebrik ediyorum\u201d dedi.\u00a0<\/strong><\/p>\n<p data-asw-org-font-size=\"14\">Konya B\u00fcy\u00fck\u015fehir Belediyesi Eurodesk Atmosfer \u0130rtibat Ki\u015fisi Murat Can Bul\u015fan, Eurodesk T\u00fcrkiye taraf\u0131ndan aday g\u00f6sterilerek, Eurodesk Gen\u00e7lik Delegasyonu\u2019na T\u00fcrkiye\u2019den se\u00e7ilen tek temsilci olmu\u015ftu.<\/p>\n<p data-asw-org-font-size=\"14\">Bul\u015fan, 24 Nisan 2026 tarihinde Bel\u00e7ika\u2019n\u0131n ba\u015fkenti Br\u00fcksel\u2019de bulunan Avrupa Parlamentosu\u2019nda ger\u00e7ekle\u015ftirilen European Youth Week (Avrupa Gen\u00e7lik Haftas\u0131) a\u00e7\u0131l\u0131\u015f toplant\u0131s\u0131nda d\u00fczenlenen etkinliklere kat\u0131larak Konya\u2019y\u0131 ve T\u00fcrkiye\u2019yi ba\u015far\u0131yla temsil etti. Programda gen\u00e7lerin g\u00f6r\u00fc\u015f ve \u00f6nerileri Avrupa d\u00fczeyindeki karar alma s\u00fcre\u00e7lerine do\u011frudan ta\u015f\u0131nd\u0131.<\/p>\n<p data-asw-org-font-size=\"14\"><strong>\u201cKONYA\u2019MIZIN GEN\u00c7LER\u0130N\u0130N ULUSLARARASI PLATFORMLARDA AKT\u0130F ROL ALMASI B\u0130ZLER \u0130\u00c7\u0130N B\u00dcY\u00dcK B\u0130R GURUR KAYNA\u011eIDIR\u201d<\/strong><\/p>\n<p data-asw-org-font-size=\"14\">Konya B\u00fcy\u00fck\u015fehir Belediye Ba\u015fkan\u0131 U\u011fur \u0130brahim Altay, \u201cKonya\u2019m\u0131z\u0131n gen\u00e7lerinin uluslararas\u0131 platformlarda aktif rol almas\u0131 bizler i\u00e7in b\u00fcy\u00fck bir gurur kayna\u011f\u0131d\u0131r. Murat Can Bul\u015fan karde\u015fimizi tebrik ediyorum. B\u00fcy\u00fck\u015fehir Belediyesi olarak gen\u00e7lerimizin her alanda geli\u015fimini desteklemeye ve onlar\u0131 k\u00fcresel \u00f6l\u00e7ekte s\u00f6z sahibi bireyler olarak yeti\u015fmesine katk\u0131 sa\u011flamaya devam edece\u011fiz\u201d diye konu\u015ftu.<\/p>\n<p data-asw-org-font-size=\"14\">European Commission ve European Parliament i\u015f birli\u011fiyle d\u00fczenlenen European Youth Week; gen\u00e7lerin demokratik kat\u0131l\u0131m\u0131n\u0131 art\u0131rmay\u0131, gen\u00e7lik politikalar\u0131na katk\u0131 sunmalar\u0131n\u0131 te\u015fvik etmeyi ve Avrupa genelinde i\u015f birli\u011fini g\u00fc\u00e7lendirmeyi ama\u00e7l\u0131yor.<\/p>\n<p data-asw-org-font-size=\"14\">Eurodesk Atmosfer de Konya\u2019daki gen\u00e7lere Avrupa f\u0131rsatlar\u0131 hakk\u0131nda bilgi sunman\u0131n yan\u0131 s\u0131ra uluslararas\u0131 projeler, e\u011fitim programlar\u0131 ve gen\u00e7lik faaliyetleriyle gen\u00e7lerin k\u00fcresel \u00f6l\u00e7ekte aktif rol almas\u0131na katk\u0131 sa\u011fl\u0131yor.<\/p>\n<p data-asw-org-font-size=\"14\">Konya B\u00fcy\u00fck\u015fehir Belediyesi, gen\u00e7lerin uluslararas\u0131 platformlarda daha fazla yer almas\u0131 ve \u015fehirde y\u00fcr\u00fct\u00fclen gen\u00e7lik \u00e7al\u0131\u015fmalar\u0131n\u0131n Avrupa d\u00fczeyinde g\u00f6r\u00fcn\u00fcrl\u00fc\u011f\u00fcn\u00fcn art\u0131r\u0131lmas\u0131 i\u00e7in \u00e7al\u0131\u015fmalar\u0131na kararl\u0131l\u0131kla devam edecek.<\/p>\n<p>Kaynak: (BYZHA) Beyaz Haber Ajans\u0131<\/p>\n","protected":false},"excerpt":{"rendered":"<p>Eurodesk Gen\u00e7lik Delegasyonu\u2019na T\u00fcrkiye\u2019den se\u00e7ilen tek temsilcisi olan Konya B\u00fcy\u00fck\u015fehir Belediyesi Eurodesk Atmosfer \u0130rtibat Ki\u015fisi Murat Can Bul\u015fan, Bel\u00e7ika\u2019daki Avrupa Parlamentosu\u2019nda ger\u00e7ekle\u015ftirilen Avrupa Gen\u00e7lik Haftas\u0131 a\u00e7\u0131l\u0131\u015f toplant\u0131s\u0131nda Konya\u2019y\u0131 ba\u015far\u0131yla temsil etti.<\/p>\n","protected":false},"author":1,"featured_media":13247,"comment_status":"open","ping_status":"open","sticky":false,"template":"","format":"standard","meta":{"footnotes":""},"categories":[21],"tags":[],"class_list":["post-13246","post","type-post","status-publish","format-standard","has-post-thumbnail","hentry","category-gundem"],"_links":{"self":[{"href":"https:\/\/busondakika.com.tr\/index.php?rest_route=\/wp\/v2\/posts\/13246","targetHints":{"allow":["GET"]}}],"collection":[{"href":"https:\/\/busondakika.com.tr\/index.php?rest_route=\/wp\/v2\/posts"}],"about":[{"href":"https:\/\/busondakika.com.tr\/index.php?rest_route=\/wp\/v2\/types\/post"}],"author":[{"embeddable":true,"href":"https:\/\/busondakika.com.tr\/index.php?rest_route=\/wp\/v2\/users\/1"}],"replies":[{"embeddable":true,"href":"https:\/\/busondakika.com.tr\/index.php?rest_route=%2Fwp%2Fv2%2Fcomments&post=13246"}],"version-history":[{"count":1,"href":"https:\/\/busondakika.com.tr\/index.php?rest_route=\/wp\/v2\/posts\/13246\/revisions"}],"predecessor-version":[{"id":13248,"href":"https:\/\/busondakika.com.tr\/index.php?rest_route=\/wp\/v2\/posts\/13246\/revisions\/13248"}],"wp:featuredmedia":[{"embeddable":true,"href":"https:\/\/busondakika.com.tr\/index.php?rest_route=\/wp\/v2\/media\/13247"}],"wp:attachment":[{"href":"https:\/\/busondakika.com.tr\/index.php?rest_route=%2Fwp%2Fv2%2Fmedia&parent=13246"}],"wp:term":[{"taxonomy":"category","embeddable":true,"href":"https:\/\/busondakika.com.tr\/index.php?rest_route=%2Fwp%2Fv2%2Fcategories&post=13246"},{"taxonomy":"post_tag","embeddable":true,"href":"https:\/\/busondakika.com.tr\/index.php?rest_route=%2Fwp%2Fv2%2Ftags&post=13246"}],"curies":[{"name":"wp","href":"https:\/\/api.w.org\/{rel}","templated":true}]}}