{"id":13252,"date":"2026-04-26T22:13:04","date_gmt":"2026-04-26T22:13:04","guid":{"rendered":"https:\/\/busondakika.com.tr\/?p=13252"},"modified":"2026-04-26T22:13:05","modified_gmt":"2026-04-26T22:13:05","slug":"baskan-buyukakina-cocuklardan-sevgi-seli","status":"publish","type":"post","link":"https:\/\/busondakika.com.tr\/?p=13252","title":{"rendered":"Ba\u015fkan B\u00fcy\u00fckak\u0131n\u2019a \u00e7ocuklardan sevgi seli"},"content":{"rendered":"<p> Kocaeli B\u00fcy\u00fck\u015fehir Belediye Ba\u015fkan\u0131 Tahir B\u00fcy\u00fckak\u0131n, Milli \u0130rade Meydan\u0131\u2019nda kurulan 23 Nisan \u015fenlik alan\u0131n\u0131 ziyaret etti. Ba\u015fkan B\u00fcy\u00fckak\u0131n\u2019\u0131 \u00e7ocuklar sevgi g\u00f6sterileri ile kar\u015f\u0131larken, ortaya \u00e7ok s\u0131cak g\u00f6r\u00fcnt\u00fcler \u00e7\u0131kt\u0131.<\/p>\n<p><b>AT\u00d6LYELER \u00c7OCUK SESLER\u0130YLE \u015eENLEND\u0130<\/b><\/p>\n<p>Kocaeli B\u00fcy\u00fck\u015fehir Belediyesi\u2019nin 23 Nisan Ulusal Egemenlik ve \u00c7ocuk Bayram\u0131 dolay\u0131s\u0131 ile Milli \u0130rade Meydan\u0131\u2019nda kap\u0131lar\u0131n\u0131 a\u00e7t\u0131\u011f\u0131 \u201cBi D\u00fcnya E\u011flence\u201d \u015fenlikleri, d\u00f6rt g\u00fcnd\u00fcr Kocaelililerin ak\u0131n\u0131na u\u011fruyor. 60\u2019tan fazla at\u00f6lyenin ve birbirinden e\u011flenceli etkinliklerin yer ald\u0131\u011f\u0131 \u015fenlikte \u00e7ocuklar sadece e\u011flenmekle kalmad\u0131 ayn\u0131 zamanda \u00f6\u011fretici deneyimler ya\u015fad\u0131.<\/p>\n<p><b>SEVG\u0130 G\u00d6STER\u0130LER\u0130 \u0130LE KAR\u015eILANDI<\/b><\/p>\n<p>Kocaeli B\u00fcy\u00fck\u015fehir Belediye Ba\u015fkan\u0131 Tahir B\u00fcy\u00fckak\u0131n, \u015fenli\u011fin son g\u00fcn\u00fcnde Milli \u0130rade Meydan\u0131\u2019na giderek \u00e7ocuklar\u0131n mutlulu\u011funa ortak oldu. Ba\u015fkan B\u00fcy\u00fckak\u0131n, stantlar\u0131 tek tek ziyaret etti, kimi e\u011flencelerde \u00e7ocuklarla birlikte yer ald\u0131. \u00c7ocuklar ve vatanda\u015flar\u0131n yo\u011fun ilgisiyle kar\u015f\u0131la\u015fan B\u00fcy\u00fckak\u0131n, ayn\u0131 sevgi g\u00f6sterileri ile kar\u015f\u0131l\u0131k verdi. G\u00f6sterilen ilgiden son derece memnun olan Ba\u015fkan B\u00fcy\u00fckak\u0131n, 23 Nisan \u00c7ocuk Bayram\u0131\u2019n\u0131 bir kez daha kutlad\u0131.<\/p>\n<p>Kaynak: (BYZHA) Beyaz Haber Ajans\u0131<\/p>\n","protected":false},"excerpt":{"rendered":"<p>Kocaeli B\u00fcy\u00fck\u015fehir Belediye Ba\u015fkan\u0131 Tahir B\u00fcy\u00fckak\u0131n, Milli \u0130rade Meydan\u0131\u2019nda kurulan 23 Nisan \u015fenlik alan\u0131n\u0131 ziyaret etti.<\/p>\n","protected":false},"author":1,"featured_media":13253,"comment_status":"open","ping_status":"open","sticky":false,"template":"","format":"standard","meta":{"footnotes":""},"categories":[21],"tags":[],"class_list":["post-13252","post","type-post","status-publish","format-standard","has-post-thumbnail","hentry","category-gundem"],"_links":{"self":[{"href":"https:\/\/busondakika.com.tr\/index.php?rest_route=\/wp\/v2\/posts\/13252","targetHints":{"allow":["GET"]}}],"collection":[{"href":"https:\/\/busondakika.com.tr\/index.php?rest_route=\/wp\/v2\/posts"}],"about":[{"href":"https:\/\/busondakika.com.tr\/index.php?rest_route=\/wp\/v2\/types\/post"}],"author":[{"embeddable":true,"href":"https:\/\/busondakika.com.tr\/index.php?rest_route=\/wp\/v2\/users\/1"}],"replies":[{"embeddable":true,"href":"https:\/\/busondakika.com.tr\/index.php?rest_route=%2Fwp%2Fv2%2Fcomments&post=13252"}],"version-history":[{"count":1,"href":"https:\/\/busondakika.com.tr\/index.php?rest_route=\/wp\/v2\/posts\/13252\/revisions"}],"predecessor-version":[{"id":13254,"href":"https:\/\/busondakika.com.tr\/index.php?rest_route=\/wp\/v2\/posts\/13252\/revisions\/13254"}],"wp:featuredmedia":[{"embeddable":true,"href":"https:\/\/busondakika.com.tr\/index.php?rest_route=\/wp\/v2\/media\/13253"}],"wp:attachment":[{"href":"https:\/\/busondakika.com.tr\/index.php?rest_route=%2Fwp%2Fv2%2Fmedia&parent=13252"}],"wp:term":[{"taxonomy":"category","embeddable":true,"href":"https:\/\/busondakika.com.tr\/index.php?rest_route=%2Fwp%2Fv2%2Fcategories&post=13252"},{"taxonomy":"post_tag","embeddable":true,"href":"https:\/\/busondakika.com.tr\/index.php?rest_route=%2Fwp%2Fv2%2Ftags&post=13252"}],"curies":[{"name":"wp","href":"https:\/\/api.w.org\/{rel}","templated":true}]}}