{"id":13255,"date":"2026-04-26T22:13:06","date_gmt":"2026-04-26T22:13:06","guid":{"rendered":"https:\/\/busondakika.com.tr\/?p=13255"},"modified":"2026-04-26T22:13:06","modified_gmt":"2026-04-26T22:13:06","slug":"yuzuncu-yil-bulvarinda-asfaltlama-calismasi-tamamlandi","status":"publish","type":"post","link":"https:\/\/busondakika.com.tr\/?p=13255","title":{"rendered":"Y\u00fcz\u00fcnc\u00fc Y\u0131l Bulvar\u0131\u2019nda asfaltlama \u00e7al\u0131\u015fmas\u0131 tamamland\u0131"},"content":{"rendered":"<p> Antalya B\u00fcy\u00fck\u015fehir Belediyesi, Y\u00fcz\u00fcnc\u00fc Y\u0131l Bulvar\u0131\u2019nda ba\u015flatt\u0131\u011f\u0131 asfaltlama \u00e7al\u0131\u015fmalar\u0131n\u0131n son etab\u0131 olan Antalyaspor ve Falez Kav\u015fa\u011f\u0131 aras\u0131n\u0131 kapsayan 6. etap asfalt \u00e7al\u0131\u015fmas\u0131yla birlikte b\u00fct\u00fcn etaplar\u0131 tamamlad\u0131. Yap\u0131lan bu \u00e7al\u0131\u015fmalarla birlikte Antalya\u2019n\u0131n en \u00f6nemli ana arteri olan Y\u00fcz\u00fcnc\u00fc Y\u0131l Bulvar\u0131\u2019n\u0131n asfalt\u0131 tamamen yenilendi.<\/p>\n<p>Antalya B\u00fcy\u00fck\u015fehir Belediyesi, altyap\u0131 \u00e7al\u0131\u015fmalar\u0131n\u0131n ard\u0131ndan bozulan ve zamanla deforme olan Y\u00fcz\u00fcnc\u00fc Y\u0131l Bulvar\u0131\u2019n\u0131 kapsayan yenileme \u00e7al\u0131\u015fmalar\u0131n\u0131 s\u00fcrd\u00fcr\u00fcyor. Etap etap yap\u0131lan \u00e7al\u0131\u015fmalar\u0131n son k\u0131sm\u0131 olan Antalyaspor ve Falez Kav\u015fa\u011f\u0131 aras\u0131nda yenileme \u00e7al\u0131\u015fmas\u0131 ger\u00e7ekle\u015ftirildi. Fen \u0130\u015fleri Daire Ba\u015fkanl\u0131\u011f\u0131 ekipleri, Sak\u0131p Sabanc\u0131 Bulvar\u0131\u2019n\u0131n Konyaalt\u0131 istikametinden \u015fehir merkezi gidi\u015f y\u00f6n\u00fcnde Falez Kav\u015fa\u011f\u0131 alt ge\u00e7idini 25 Nisan Cumartesi saat 23.00 itibariyle trafi\u011fe kapatarak \u00e7al\u0131\u015fmalara ba\u015flad\u0131. Kullan\u0131m \u00f6mr\u00fcn\u00fc dolduran asfalt kald\u0131r\u0131larak yerine yenisi serildi. Yakla\u015f\u0131k 600 metrelik alanda ger\u00e7ekle\u015ftirilen \u00e7al\u0131\u015fmalar, belediye ekipleri taraf\u0131ndan h\u0131zl\u0131 bir \u015fekilde y\u00fcr\u00fct\u00fcld\u00fc. K\u0131sa s\u00fcrede tamamlanan \u00e7al\u0131\u015fmalar\u0131n ard\u0131ndan yol yeniden ara\u00e7 trafi\u011fine a\u00e7\u0131ld\u0131. Yap\u0131lan bu \u00e7al\u0131\u015fmayla birlikte Antalya\u2019n\u0131n en \u00f6nemli ana arteri olan Y\u00fcz\u00fcnc\u00fc Y\u0131l Bulvar\u0131\u2019n\u0131n asfalt\u0131 ba\u015ftan sona yenilenmi\u015f oldu.<\/p>\n<p><strong>GECE MESA\u0130S\u0130 \u0130LE YOL VE KALDIRIM SEFERBERL\u0130\u011e\u0130<\/strong><\/p>\n<p>Fen \u0130\u015fleri Daire Ba\u015fkan\u0131 Serdar Oru\u00e7 G\u00fcn, 6 etap olarak planlad\u0131klar\u0131 asfalt \u00e7al\u0131\u015fmas\u0131n\u0131n son a\u015famas\u0131n\u0131 tamamlad\u0131klar\u0131n\u0131 belirterek, \u201cBu \u00e7al\u0131\u015fmay\u0131 yakla\u015f\u0131k 60 ara\u00e7 ve 100\u2019\u00fcn \u00fczerinde personelle y\u00fcr\u00fctt\u00fck. Trafik g\u00fcvenli\u011fini sa\u011flamak \u00f6nceli\u011fimiz oldu\u011fu i\u00e7in \u00e7al\u0131\u015fmalar\u0131m\u0131z\u0131 gece saatlerinde ger\u00e7ekle\u015ftirdik. Asfalt \u00e7al\u0131\u015fmalar\u0131n\u0131 tamamlamam\u0131z\u0131n ard\u0131ndan e\u015f zamanl\u0131 olarak kald\u0131r\u0131m d\u00fczenlemelerine de ba\u015flad\u0131k. Bizim i\u00e7in yaln\u0131zca ara\u00e7 ve trafik \u00f6nceli\u011fi de\u011fil, yaya \u00f6nceli\u011fi de b\u00fcy\u00fck \u00f6nem ta\u015f\u0131yor. Trafikte ara\u00e7lara sa\u011flad\u0131\u011f\u0131m\u0131z konforu yayalar\u0131m\u0131za da sunmam\u0131z gerekti\u011finin bilincindeyiz. Bu \u00e7al\u0131\u015fmalar kapsam\u0131nda ayd\u0131nlatma sistemlerimiz de yenileniyor. 100. Y\u0131l Bulvar\u0131\u2019n\u0131n karanl\u0131k noktalar\u0131 tamamen ayd\u0131nlat\u0131larak Antalya\u2019ya yak\u0131\u015f\u0131r, \u0131\u015f\u0131l \u0131\u015f\u0131l bir cadde haline gelecek. Bu s\u00fcre\u00e7te vatanda\u015flar\u0131m\u0131z\u0131 en az d\u00fczeyde etkileyecek \u015fekilde planlama yap\u0131yoruz. G\u00f6sterdikleri sab\u0131r i\u00e7in t\u00fcm vatanda\u015flar\u0131m\u0131za te\u015fekk\u00fcr ediyorum\u201d dedi.<\/p>\n<p>Kaynak: (BYZHA) Beyaz Haber Ajans\u0131<\/p>\n","protected":false},"excerpt":{"rendered":"<p>Antalya B\u00fcy\u00fck\u015fehir Belediyesi, Y\u00fcz\u00fcnc\u00fc Y\u0131l Bulvar\u0131\u2019nda ba\u015flatt\u0131\u011f\u0131 asfaltlama \u00e7al\u0131\u015fmalar\u0131n\u0131n son etab\u0131 olan Antalyaspor ve Falez Kav\u015fa\u011f\u0131 aras\u0131n\u0131 kapsayan 6.<\/p>\n","protected":false},"author":1,"featured_media":13256,"comment_status":"open","ping_status":"open","sticky":false,"template":"","format":"standard","meta":{"footnotes":""},"categories":[21],"tags":[],"class_list":["post-13255","post","type-post","status-publish","format-standard","has-post-thumbnail","hentry","category-gundem"],"_links":{"self":[{"href":"https:\/\/busondakika.com.tr\/index.php?rest_route=\/wp\/v2\/posts\/13255","targetHints":{"allow":["GET"]}}],"collection":[{"href":"https:\/\/busondakika.com.tr\/index.php?rest_route=\/wp\/v2\/posts"}],"about":[{"href":"https:\/\/busondakika.com.tr\/index.php?rest_route=\/wp\/v2\/types\/post"}],"author":[{"embeddable":true,"href":"https:\/\/busondakika.com.tr\/index.php?rest_route=\/wp\/v2\/users\/1"}],"replies":[{"embeddable":true,"href":"https:\/\/busondakika.com.tr\/index.php?rest_route=%2Fwp%2Fv2%2Fcomments&post=13255"}],"version-history":[{"count":1,"href":"https:\/\/busondakika.com.tr\/index.php?rest_route=\/wp\/v2\/posts\/13255\/revisions"}],"predecessor-version":[{"id":13257,"href":"https:\/\/busondakika.com.tr\/index.php?rest_route=\/wp\/v2\/posts\/13255\/revisions\/13257"}],"wp:featuredmedia":[{"embeddable":true,"href":"https:\/\/busondakika.com.tr\/index.php?rest_route=\/wp\/v2\/media\/13256"}],"wp:attachment":[{"href":"https:\/\/busondakika.com.tr\/index.php?rest_route=%2Fwp%2Fv2%2Fmedia&parent=13255"}],"wp:term":[{"taxonomy":"category","embeddable":true,"href":"https:\/\/busondakika.com.tr\/index.php?rest_route=%2Fwp%2Fv2%2Fcategories&post=13255"},{"taxonomy":"post_tag","embeddable":true,"href":"https:\/\/busondakika.com.tr\/index.php?rest_route=%2Fwp%2Fv2%2Ftags&post=13255"}],"curies":[{"name":"wp","href":"https:\/\/api.w.org\/{rel}","templated":true}]}}