{"id":13258,"date":"2026-04-26T22:13:07","date_gmt":"2026-04-26T22:13:07","guid":{"rendered":"https:\/\/busondakika.com.tr\/?p=13258"},"modified":"2026-04-26T22:13:08","modified_gmt":"2026-04-26T22:13:08","slug":"nevsehirde-8-mahallede-planli-su-kesintisi-yapilacak","status":"publish","type":"post","link":"https:\/\/busondakika.com.tr\/?p=13258","title":{"rendered":"Nev\u015fehir\u2019de 8 Mahallede Planl\u0131 Su Kesintisi Yap\u0131lacak"},"content":{"rendered":"<p> Nev\u015fehir Belediyesi taraf\u0131ndan 27 Nisan 2026 Pazartesi g\u00fcn\u00fc 09.00 \u2013 18.00 saatleri aras\u0131nda 8 Mahallede planl\u0131 su kesintisi yap\u0131lacak.<\/p>\n<p>Konuyla ilgili olarak Nev\u015fehir Belediyesi Su ve Kanalizasyon M\u00fcd\u00fcrl\u00fc\u011f\u00fc\u2019nden yap\u0131lan a\u00e7\u0131klamada \u201cVatanda\u015flar\u0131m\u0131za daha sa\u011fl\u0131kl\u0131 ve kesintisiz i\u00e7me suyu ula\u015ft\u0131rmak amac\u0131yla K\u0131ratl\u0131o\u011flu Mahallesi Beyaz\u0131t Sokak\u2019ta meydana gelen ar\u0131za sebebiyle 27 Nisan 2026 tarihinde 09.00 -18.00 saatleri aras\u0131nda planl\u0131 su kesintisi yap\u0131lacak.<\/p>\n<p>15 Temmuz Mahallesi, 2000 Evler Mahallesi, G\u00fczelyurt Mahallesi, Emek Mahallesi, Bah\u00e7elievler Mahallesi, 20 Temmuz Mahallesi, Cevher Dudayev Mahallesi ve K\u0131ratl\u0131oglu Mahallesi\u2019nde su kesintisi yap\u0131laca\u011f\u0131ndan ismi ge\u00e7en mahallelerimizde bulunan vatanda\u015flar\u0131m\u0131z\u0131n ma\u011fduriyet ya\u015famamalar\u0131 i\u00e7in tedbirli olmalar\u0131 gerekmektedir. Ekiplerin ba\u011flant\u0131y\u0131 yapmas\u0131 neticesinde hatta su verilecek\u201d denildi.<\/p>\n<p>Kaynak: (BYZHA) Beyaz Haber Ajans\u0131<\/p>\n","protected":false},"excerpt":{"rendered":"<p>Nev\u015fehir Belediyesi taraf\u0131ndan 27 Nisan 2026 Pazartesi g\u00fcn\u00fc 09.<\/p>\n","protected":false},"author":1,"featured_media":13259,"comment_status":"open","ping_status":"open","sticky":false,"template":"","format":"standard","meta":{"footnotes":""},"categories":[21],"tags":[],"class_list":["post-13258","post","type-post","status-publish","format-standard","has-post-thumbnail","hentry","category-gundem"],"_links":{"self":[{"href":"https:\/\/busondakika.com.tr\/index.php?rest_route=\/wp\/v2\/posts\/13258","targetHints":{"allow":["GET"]}}],"collection":[{"href":"https:\/\/busondakika.com.tr\/index.php?rest_route=\/wp\/v2\/posts"}],"about":[{"href":"https:\/\/busondakika.com.tr\/index.php?rest_route=\/wp\/v2\/types\/post"}],"author":[{"embeddable":true,"href":"https:\/\/busondakika.com.tr\/index.php?rest_route=\/wp\/v2\/users\/1"}],"replies":[{"embeddable":true,"href":"https:\/\/busondakika.com.tr\/index.php?rest_route=%2Fwp%2Fv2%2Fcomments&post=13258"}],"version-history":[{"count":1,"href":"https:\/\/busondakika.com.tr\/index.php?rest_route=\/wp\/v2\/posts\/13258\/revisions"}],"predecessor-version":[{"id":13260,"href":"https:\/\/busondakika.com.tr\/index.php?rest_route=\/wp\/v2\/posts\/13258\/revisions\/13260"}],"wp:featuredmedia":[{"embeddable":true,"href":"https:\/\/busondakika.com.tr\/index.php?rest_route=\/wp\/v2\/media\/13259"}],"wp:attachment":[{"href":"https:\/\/busondakika.com.tr\/index.php?rest_route=%2Fwp%2Fv2%2Fmedia&parent=13258"}],"wp:term":[{"taxonomy":"category","embeddable":true,"href":"https:\/\/busondakika.com.tr\/index.php?rest_route=%2Fwp%2Fv2%2Fcategories&post=13258"},{"taxonomy":"post_tag","embeddable":true,"href":"https:\/\/busondakika.com.tr\/index.php?rest_route=%2Fwp%2Fv2%2Ftags&post=13258"}],"curies":[{"name":"wp","href":"https:\/\/api.w.org\/{rel}","templated":true}]}}