{"id":13261,"date":"2026-04-26T22:13:09","date_gmt":"2026-04-26T22:13:09","guid":{"rendered":"https:\/\/busondakika.com.tr\/?p=13261"},"modified":"2026-04-26T22:13:10","modified_gmt":"2026-04-26T22:13:10","slug":"baskan-tugay-seflerle-lezzet-turuna-cikti","status":"publish","type":"post","link":"https:\/\/busondakika.com.tr\/?p=13261","title":{"rendered":"Ba\u015fkan Tugay \u015feflerle lezzet turuna \u00e7\u0131kt\u0131"},"content":{"rendered":"<p> \u0130zmir B\u00fcy\u00fck\u015fehir Belediye Ba\u015fkan\u0131 Dr. Cemil Tugay, K\u00fclt\u00fcrpark\u2019ta d\u00fczenlenen MasterChef \u015eeflerin Rotas\u0131 \u0130zmir ekinli\u011fini ziyaret etti. \u0130zmir B\u00fcy\u00fck\u015fehir Belediyesi ve i\u015ftiraki \u0130zmir K\u00fclt\u00fcr A\u015e taraf\u0131ndan d\u00fczenlenen MasterChef \u015eeflerin Rotas\u0131 \u0130zmir\u2019de \u015feflerle bulu\u015fan Ba\u015fkan Tugay, \u00f6zel lezzetleri vatanda\u015flara ikram etti.\u00a0<\/p>\n<p>\u0130zmir B\u00fcy\u00fck\u015fehir Belediyesi ve i\u015ftiraki \u0130zmir K\u00fclt\u00fcr A\u015e taraf\u0131ndan d\u00fczenlenen \u201cMasterChef \u015eeflerin Rotas\u0131 \u0130zmir\u201d etkinli\u011fi, K\u00fclt\u00fcrpark eski lunapark alan\u0131nda ikinci g\u00fcn\u00fcnde de \u0130zmirlilerin yo\u011fun ilgisiyle devam etti. \u0130zmir\u2019in mutfak k\u00fclt\u00fcr\u00fcn\u00fc \u00f6n plana \u00e7\u0131kar\u0131rken ziyaret\u00e7ilere festival havas\u0131 ya\u015fatan etkinli\u011fi ziyaret eden \u0130zmir B\u00fcy\u00fck\u015fehir Belediye Ba\u015fkan\u0131 Dr. Cemil Tugay, MasterChef yar\u0131\u015fmac\u0131s\u0131 \u015fefler ve \u0130zmirlilerle bulu\u015ftu. Ba\u015fkan Tugay, \u015feflerin lezzetlerini vatanda\u015flara ikram etti. Alandaki \u00e7ocuklar\u0131n yo\u011fun ilgisiyle kar\u015f\u0131la\u015fan Ba\u015fkan Tugay, \u015feflerle de sohbet etti. Etkinlikte \u0130zmir\u2019e \u00f6zg\u00fc lezzetlerin yan\u0131 s\u0131ra yar\u0131\u015fmaya kat\u0131lan \u015feflerin haz\u0131rlad\u0131\u011f\u0131 \u00f6zel tarifler ve kendilerine has dokunu\u015flarla ortaya \u00e7\u0131kan tatlar da b\u00fcy\u00fck ilgi g\u00f6rd\u00fc. \u0130zmirliler hem kentin geleneksel mutfak k\u00fclt\u00fcr\u00fcn\u00fc hem de MasterChef \u015feflerinin yorumlad\u0131\u011f\u0131 \u00f6zg\u00fcn lezzetleri deneyimleme f\u0131rsat\u0131 yakalad\u0131.<\/p>\n<p><strong>Tugay: \u0130nan\u0131yorum \u0130zmir sizler i\u00e7in de \u00e7ok \u00f6zel bir yer olacak<\/strong><\/p>\n<p>Ad\u0131n\u0131n yaz\u0131l\u0131 oldu\u011fu \u00f6nl\u00fckle MasterChef yar\u0131\u015fmas\u0131yla \u00f6zde\u015fle\u015fen oca\u011f\u0131n ba\u015f\u0131na ge\u00e7en \u0130zmir B\u00fcy\u00fck\u015fehir Belediye Ba\u015fkan\u0131 Dr. Cemil Tugay, \u201cBirer birer \u015feflerle tan\u0131\u015ft\u0131k. Bu keyifli ortam\u0131n haz\u0131rlanmas\u0131na katk\u0131da bulunan \u00e7ok de\u011ferli arkada\u015flar\u0131m var \u0130zmir B\u00fcy\u00fck\u015fehir Belediyesi\u2019nden. Bu t\u00fcr etkinlikler her zaman \u00e7ok seviliyor, tekrarlar\u0131n\u0131 yeniden bekliyoruz. Her birisi \u2018biz \u0130zmir\u2019e i\u015fyeri a\u00e7mak istiyoruz, bize d\u00fckkan laz\u0131m\u2019 diyor. Size en iyisi biz \u00e7ar\u015f\u0131 yapal\u0131m bir tane MasterChef \u00e7ar\u015f\u0131s\u0131. Bol keyif ve kazan\u00e7 diliyorum. Bizler sizleri seviyoruz, \u0130zmir seviyor. Bu t\u00fcr bulu\u015fmalarla inan\u0131yorum \u0130zmir sizler i\u00e7in de \u00e7ok \u00f6zel bir yer olacak\u201d \u015feklinde konu\u015ftu.\u00a0<\/p>\n<p><strong>\u201c\u0130zmir bizi \u00e7ok sevdi, biz de \u0130zmir\u2019i \u00e7ok sevdik\u201d<\/strong><\/p>\n<p>Etkinli\u011fe kat\u0131lan MasterChef yar\u0131\u015fmac\u0131s\u0131, \u015fef Semihcan Temiz, \u201cMuazzamd\u0131, b\u00fct\u00fcn belediye \u00e7al\u0131\u015fanlar\u0131na \u00e7ok te\u015fekk\u00fcr ediyoruz, her konuda \u00e7ok yard\u0131mc\u0131 oldular. Art\u0131k genelde b\u00fct\u00fcn arkada\u015flar\u0131mla birlikte \u0130zmir\u2019e bir d\u00fckkan plan\u0131m\u0131z var gibi. \u0130zmir bizi \u00e7ok sevdi, biz de \u0130zmir\u2019i \u00e7ok sevdik. \u00c7ok keyif ald\u0131k, \u00e7ok te\u015fekk\u00fcr ediyoruz\u201d dedi.\u00a0<br \/>Cumartesi ba\u015flayan ve vatanda\u015flar\u0131n yo\u011fun ilgisiyle kar\u015f\u0131lanan \u201cMasterChef \u015eeflerin Rotas\u0131 \u0130zmir\u201d etkinli\u011finde; aileler, gen\u00e7ler ve \u00e7ocuklar i\u00e7in haz\u0131rlanan \u00f6zel alanlarla renkli g\u00f6r\u00fcnt\u00fcler olu\u015ftu.\u00a0<\/p>\n<p>Kaynak: (BYZHA) Beyaz Haber Ajans\u0131<\/p>\n","protected":false},"excerpt":{"rendered":"<p>\u0130zmir B\u00fcy\u00fck\u015fehir Belediye Ba\u015fkan\u0131 Dr.<\/p>\n","protected":false},"author":1,"featured_media":13262,"comment_status":"open","ping_status":"open","sticky":false,"template":"","format":"standard","meta":{"footnotes":""},"categories":[21],"tags":[],"class_list":["post-13261","post","type-post","status-publish","format-standard","has-post-thumbnail","hentry","category-gundem"],"_links":{"self":[{"href":"https:\/\/busondakika.com.tr\/index.php?rest_route=\/wp\/v2\/posts\/13261","targetHints":{"allow":["GET"]}}],"collection":[{"href":"https:\/\/busondakika.com.tr\/index.php?rest_route=\/wp\/v2\/posts"}],"about":[{"href":"https:\/\/busondakika.com.tr\/index.php?rest_route=\/wp\/v2\/types\/post"}],"author":[{"embeddable":true,"href":"https:\/\/busondakika.com.tr\/index.php?rest_route=\/wp\/v2\/users\/1"}],"replies":[{"embeddable":true,"href":"https:\/\/busondakika.com.tr\/index.php?rest_route=%2Fwp%2Fv2%2Fcomments&post=13261"}],"version-history":[{"count":1,"href":"https:\/\/busondakika.com.tr\/index.php?rest_route=\/wp\/v2\/posts\/13261\/revisions"}],"predecessor-version":[{"id":13263,"href":"https:\/\/busondakika.com.tr\/index.php?rest_route=\/wp\/v2\/posts\/13261\/revisions\/13263"}],"wp:featuredmedia":[{"embeddable":true,"href":"https:\/\/busondakika.com.tr\/index.php?rest_route=\/wp\/v2\/media\/13262"}],"wp:attachment":[{"href":"https:\/\/busondakika.com.tr\/index.php?rest_route=%2Fwp%2Fv2%2Fmedia&parent=13261"}],"wp:term":[{"taxonomy":"category","embeddable":true,"href":"https:\/\/busondakika.com.tr\/index.php?rest_route=%2Fwp%2Fv2%2Fcategories&post=13261"},{"taxonomy":"post_tag","embeddable":true,"href":"https:\/\/busondakika.com.tr\/index.php?rest_route=%2Fwp%2Fv2%2Ftags&post=13261"}],"curies":[{"name":"wp","href":"https:\/\/api.w.org\/{rel}","templated":true}]}}