{"id":13267,"date":"2026-04-26T22:13:16","date_gmt":"2026-04-26T22:13:16","guid":{"rendered":"https:\/\/busondakika.com.tr\/?p=13267"},"modified":"2026-04-26T22:13:17","modified_gmt":"2026-04-26T22:13:17","slug":"edremit-belediyesi-geleneksel-ucurtma-senligi-yapildi","status":"publish","type":"post","link":"https:\/\/busondakika.com.tr\/?p=13267","title":{"rendered":"Edremit Belediyesi Geleneksel U\u00e7urtma \u015eenli\u011fi yap\u0131ld\u0131"},"content":{"rendered":"<p> Edremit Belediyesi taraf\u0131ndan 23 Nisan Ulusal Egemenlik ve \u00c7ocuk Bayram\u0131 kapsam\u0131nda d\u00fczenlenen 26. Geleneksel U\u00e7urtma \u015eenli\u011fi, binlerce \u00e7ocuk ve ailenin kat\u0131l\u0131m\u0131yla co\u015fku i\u00e7inde ger\u00e7ekle\u015ftirildi.<\/p>\n<p>Alt\u0131nkum Mahallesi Dalyan Sahili\u2019nde d\u00fczenlenen etkinli\u011fe, Edremit Belediye Ba\u015fkan\u0131 Mehmet Erta\u015f, belediye ba\u015fkan yard\u0131mc\u0131lar\u0131, meclis \u00fcyeleri, CHP Edremit \u0130l\u00e7e Ba\u015fkan\u0131 Emin Yal\u00e7\u0131nta\u015f, muhtarlar ve \u00e7ok say\u0131da vatanda\u015f kat\u0131ld\u0131.<\/p>\n<p>G\u00fcn boyu devam eden \u015fenlikte g\u00f6ky\u00fcz\u00fc rengarenk u\u00e7urtmalarla dolarken, \u00e7ocuklar i\u00e7in birbirinden e\u011flenceli etkinlikler d\u00fczenlendi. Yumurta yar\u0131\u015f\u0131, \u00e7uval yar\u0131\u015f\u0131 ve u\u00e7urtma yar\u0131\u015flar\u0131n\u0131n yan\u0131 s\u0131ra y\u00fcz boyama etkinlikleri de b\u00fcy\u00fck ilgi g\u00f6rd\u00fc.<\/p>\n<p>Aileleriyle birlikte alana gelen \u00e7ocuklar, u\u00e7urtmalar\u0131n\u0131 g\u00f6ky\u00fcz\u00fcne co\u015fkuyla u\u00e7urarak bayram\u0131n tad\u0131n\u0131 doyas\u0131ya \u00e7\u0131kard\u0131. Farkl\u0131 ya\u015f kategorilerinde d\u00fczenlenen yar\u0131\u015fmalarda dereceye giren \u00e7ocuklara \u00f6d\u00fclleri protokol \u00fcyeleri taraf\u0131ndan verildi.<\/p>\n<p>\u015eenlikte konu\u015fan Edremit Belediye Ba\u015fkan\u0131 Mehmet Erta\u015f, etkinlikte \u00e7ocuklarla bir arada olmaktan duydu\u011fu memnuniyeti dile getirdi. Ba\u015fkan Erta\u015f, 23 Nisan\u2019\u0131n millet egemenli\u011finin ilan edildi\u011fi \u00e7ok \u00f6zel bir g\u00fcn oldu\u011funu vurgulayarak, Mustafa Kemal Atat\u00fcrk\u2019\u00fcn bu anlaml\u0131 g\u00fcn\u00fc \u00e7ocuklara arma\u011fan etmesinin gelece\u011fe duyulan g\u00fcvenin en g\u00fczel g\u00f6stergesi oldu\u011funu ifade etti.<\/p>\n<p>Erta\u015f konu\u015fmas\u0131nda, g\u00f6ky\u00fcz\u00fcn\u00fc s\u00fcsleyen u\u00e7urtmalar\u0131n \u00e7ocuklar\u0131n hayallerini, umutlar\u0131n\u0131 ve \u00f6zg\u00fcr yar\u0131nlara olan inanc\u0131n\u0131 simgeledi\u011fini belirterek, \u00e7ocuklar\u0131n daha mutlu ve g\u00fcvenli bir \u015fehirde b\u00fcy\u00fcmesi i\u00e7in \u00e7al\u0131\u015fmalar\u0131n\u0131 s\u00fcrd\u00fcreceklerini s\u00f6yledi.<\/p>\n<p>\u015eenlik, g\u00fcn boyu s\u00fcren etkinlikler ve renkli g\u00f6r\u00fcnt\u00fcler e\u015fli\u011finde sona erdi.<\/p>\n<p>Kaynak: (BYZHA) Beyaz Haber Ajans\u0131<\/p>\n","protected":false},"excerpt":{"rendered":"<p>Edremit Belediyesi taraf\u0131ndan 23 Nisan Ulusal Egemenlik ve \u00c7ocuk Bayram\u0131 kapsam\u0131nda d\u00fczenlenen 26.<\/p>\n","protected":false},"author":1,"featured_media":13268,"comment_status":"open","ping_status":"open","sticky":false,"template":"","format":"standard","meta":{"footnotes":""},"categories":[20],"tags":[],"class_list":["post-13267","post","type-post","status-publish","format-standard","has-post-thumbnail","hentry","category-kultur-sanat"],"_links":{"self":[{"href":"https:\/\/busondakika.com.tr\/index.php?rest_route=\/wp\/v2\/posts\/13267","targetHints":{"allow":["GET"]}}],"collection":[{"href":"https:\/\/busondakika.com.tr\/index.php?rest_route=\/wp\/v2\/posts"}],"about":[{"href":"https:\/\/busondakika.com.tr\/index.php?rest_route=\/wp\/v2\/types\/post"}],"author":[{"embeddable":true,"href":"https:\/\/busondakika.com.tr\/index.php?rest_route=\/wp\/v2\/users\/1"}],"replies":[{"embeddable":true,"href":"https:\/\/busondakika.com.tr\/index.php?rest_route=%2Fwp%2Fv2%2Fcomments&post=13267"}],"version-history":[{"count":1,"href":"https:\/\/busondakika.com.tr\/index.php?rest_route=\/wp\/v2\/posts\/13267\/revisions"}],"predecessor-version":[{"id":13269,"href":"https:\/\/busondakika.com.tr\/index.php?rest_route=\/wp\/v2\/posts\/13267\/revisions\/13269"}],"wp:featuredmedia":[{"embeddable":true,"href":"https:\/\/busondakika.com.tr\/index.php?rest_route=\/wp\/v2\/media\/13268"}],"wp:attachment":[{"href":"https:\/\/busondakika.com.tr\/index.php?rest_route=%2Fwp%2Fv2%2Fmedia&parent=13267"}],"wp:term":[{"taxonomy":"category","embeddable":true,"href":"https:\/\/busondakika.com.tr\/index.php?rest_route=%2Fwp%2Fv2%2Fcategories&post=13267"},{"taxonomy":"post_tag","embeddable":true,"href":"https:\/\/busondakika.com.tr\/index.php?rest_route=%2Fwp%2Fv2%2Ftags&post=13267"}],"curies":[{"name":"wp","href":"https:\/\/api.w.org\/{rel}","templated":true}]}}