{"id":13270,"date":"2026-04-26T22:13:20","date_gmt":"2026-04-26T22:13:20","guid":{"rendered":"https:\/\/busondakika.com.tr\/?p=13270"},"modified":"2026-04-26T22:13:20","modified_gmt":"2026-04-26T22:13:20","slug":"nr1-turk-magazin-yine-sahane","status":"publish","type":"post","link":"https:\/\/busondakika.com.tr\/?p=13270","title":{"rendered":"NR1 T\u00fcrk Magazin yine \u015fahane"},"content":{"rendered":"<p> Magazin d\u00fcnyas\u0131n\u0131n nabz\u0131n\u0131 tutan NR1 T\u00fcrk Magazin, bu hafta da g\u00fcndem yaratacak \u00f6zel dosyalar\u0131yla ekranlara geliyor. Fedon&#8217;un zehir zemberek a\u00e7\u0131klamalar\u0131ndan Ebru G\u00fcnde\u015f\u2019in Y\u0131lmaz Erdo\u011fan\u2019a yapt\u0131\u011f\u0131 s\u00fcrpriz \u00e7a\u011fr\u0131ya kadar her \u015fey bu b\u00f6l\u00fcmde!<\/p>\n<p>Haftan\u0131n \u00d6ne \u00c7\u0131kanlar\u0131:<\/p>\n<p>\u2022 Fedon\u2019dan Cover Ele\u015ftirisi: \u00dcnl\u00fc sanat\u00e7\u0131, \u015fark\u0131lar\u0131 cover&#8217;layan isimleri neden topa tuttu?<\/p>\n<p>\u2022 Bostanc\u0131&#8217;da Renkli G\u00f6r\u00fcnt\u00fcler: Deha Bilimlier ve k\u0131zlar\u0131n\u0131n sahne performans\u0131, Merve \u00d6zbey&#8217;in anlaml\u0131 sosyal sorumluluk projesi.<\/p>\n<p>\u2022 N\u00fckhet Duru G\u00fczelli\u011fi: \u0130stanbul sahnelerinin tozunu yutturan usta sanat\u00e7\u0131n\u0131n kusursuz g\u00f6r\u00fcn\u00fcm\u00fc.<\/p>\n<p dir=\"auto\">\u2022 St\u00fcdyo Konu\u011fu: Sevilen sanat\u00e7\u0131 Bahad\u0131r Tatl\u0131\u00f6z, yeni \u00e7al\u0131\u015fmas\u0131 &#8220;Ahkam&#8221; ve samimi a\u00e7\u0131klamalar\u0131yla st\u00fcdyoda.<\/p>\n<p dir=\"auto\"><strong>\u00a0NR1 T\u00dcRK MAGAZ\u0130N YAYIN SAATLER\u0130:<\/strong><\/p>\n<p>Haftan\u0131n magazin turunu sak\u0131n ka\u00e7\u0131rmay\u0131n! NR1 T\u00fcrk Magazin, yeni b\u00f6l\u00fcm\u00fcyle Cuma saat 20:00&#8217;de NR1 T\u00fcrk kanal\u0131nda!<\/p>\n<p>Ka\u00e7\u0131ranlar ve yeniden izlemek isteyenler i\u00e7in program\u0131n tekrar b\u00f6l\u00fcmleri Cumartesi 16:00 ve Pazar 13:00 saatlerinde yine NR1 T\u00fcrk ekranlar\u0131nda olacak.<\/p>\n<p>Magazin d\u00fcnyas\u0131ndan en taze haberler ve \u00f6zel r\u00f6portajlar i\u00e7in g\u00f6z\u00fcn\u00fcz NR1 T\u00fcrk\u2019te olsun!<\/p>\n<p>Kaynak: (BYZHA) Beyaz Haber Ajans\u0131<\/p>\n","protected":false},"excerpt":{"rendered":"<p>Magazin d\u00fcnyas\u0131n\u0131n nabz\u0131n\u0131 tutan NR1 T\u00fcrk Magazin, bu hafta da g\u00fcndem yaratacak \u00f6zel dosyalar\u0131yla ekranlara geliyor.<\/p>\n","protected":false},"author":1,"featured_media":13271,"comment_status":"open","ping_status":"open","sticky":false,"template":"","format":"standard","meta":{"footnotes":""},"categories":[1],"tags":[],"class_list":["post-13270","post","type-post","status-publish","format-standard","has-post-thumbnail","hentry","category-magazin"],"_links":{"self":[{"href":"https:\/\/busondakika.com.tr\/index.php?rest_route=\/wp\/v2\/posts\/13270","targetHints":{"allow":["GET"]}}],"collection":[{"href":"https:\/\/busondakika.com.tr\/index.php?rest_route=\/wp\/v2\/posts"}],"about":[{"href":"https:\/\/busondakika.com.tr\/index.php?rest_route=\/wp\/v2\/types\/post"}],"author":[{"embeddable":true,"href":"https:\/\/busondakika.com.tr\/index.php?rest_route=\/wp\/v2\/users\/1"}],"replies":[{"embeddable":true,"href":"https:\/\/busondakika.com.tr\/index.php?rest_route=%2Fwp%2Fv2%2Fcomments&post=13270"}],"version-history":[{"count":1,"href":"https:\/\/busondakika.com.tr\/index.php?rest_route=\/wp\/v2\/posts\/13270\/revisions"}],"predecessor-version":[{"id":13272,"href":"https:\/\/busondakika.com.tr\/index.php?rest_route=\/wp\/v2\/posts\/13270\/revisions\/13272"}],"wp:featuredmedia":[{"embeddable":true,"href":"https:\/\/busondakika.com.tr\/index.php?rest_route=\/wp\/v2\/media\/13271"}],"wp:attachment":[{"href":"https:\/\/busondakika.com.tr\/index.php?rest_route=%2Fwp%2Fv2%2Fmedia&parent=13270"}],"wp:term":[{"taxonomy":"category","embeddable":true,"href":"https:\/\/busondakika.com.tr\/index.php?rest_route=%2Fwp%2Fv2%2Fcategories&post=13270"},{"taxonomy":"post_tag","embeddable":true,"href":"https:\/\/busondakika.com.tr\/index.php?rest_route=%2Fwp%2Fv2%2Ftags&post=13270"}],"curies":[{"name":"wp","href":"https:\/\/api.w.org\/{rel}","templated":true}]}}