{"id":13273,"date":"2026-04-26T22:13:26","date_gmt":"2026-04-26T22:13:26","guid":{"rendered":"https:\/\/busondakika.com.tr\/?p=13273"},"modified":"2026-04-26T22:13:27","modified_gmt":"2026-04-26T22:13:27","slug":"61-cumhurbaskanligi-turkiye-bisiklet-turu-basladi","status":"publish","type":"post","link":"https:\/\/busondakika.com.tr\/?p=13273","title":{"rendered":"61.Cumhurba\u015fkanl\u0131\u011f\u0131 T\u00fcrkiye Bisiklet Turu Ba\u015flad\u0131"},"content":{"rendered":"<p> 61.Cumhurba\u015fkanl\u0131\u011f\u0131 T\u00fcrkiye Bisiklet Turu&#8217;nun 154.7 kilometrelik \u00c7e\u015fme-Sel\u00e7uk etab\u0131n\u0131 Team Flanders-Baloise Tak\u0131m\u0131&#8217;ndan Tom Crabbe 3 saat 23 dakika 57 saniye ile kazand\u0131. Konya B\u00fcy\u00fck\u015fehir Belediyespor Tak\u0131m\u0131&#8217;ndan Ramazan Y\u0131lmaz tekerlek fark\u0131 ile 4&#8217;\u00fcnc\u00fc olarak daima hat\u0131rlanacak bir ba\u015far\u0131 elde etti ve 12 puan kazanarak mayo \u015fans\u0131n\u0131 art\u0131rd\u0131.<\/p>\n<p><strong>PROTOKOL START ALANINDA HAZIR BULUNDU<\/strong><\/p>\n<p>27 farkl\u0131 \u00fclkeden 23 tak\u0131m ve 158 sporcunun kat\u0131l\u0131m\u0131 ile turun ilk start\u0131 verildi. Start alan\u0131nda Gen\u00e7lik ve Spor Bakanl\u0131\u011f\u0131, Spor Hizmetleri Genel M\u00fcd\u00fcr\u00fc, ayn\u0131 zamanda TMOK Ba\u015fkan\u0131 Veli Ozan \u00c7ak\u0131r, AK Parti \u0130zmir Milletvekili Ceyda B\u00f6l\u00fcnmez \u00c7ank\u0131r\u0131, MHP \u0130zmir Milletvekili Tamer Osmana\u011fao\u011flu, \u0130zmir Valisi Dr. S\u00fcleyman Elban, \u00c7e\u015fme Kaymakam\u0131 Mehmet Mara\u015fl\u0131, Bisiklet Federasyonu Ba\u015fkan\u0131 Emin M\u00fcft\u00fco\u011flu, Bisiklet Federasyonu Ba\u015fkanvekili Fikret Hayali, Bisiklet Federasyonu Asba\u015fkan\u0131 Metin Cengiz, Bisiklet Federasyonu Genel Sekreteri Sedat F\u0131rat haz\u0131r bulundu. Toplam uzunlu\u011fu 1133 kilometre olan 61.Cumhurba\u015fkanl\u0131\u011f\u0131 T\u00fcrkiye Bisiklet turuna 27 farkl\u0131 \u00fclkeden 23 tak\u0131m ve 158 sporcu i\u015ftirak ediyor. Yar\u0131\u015f 3 May\u0131s Pazar g\u00fcn\u00fc Ankara&#8217;da sona erecek. Ankara fini\u015fi b\u00f6ylece 27 y\u0131l sonra ger\u00e7ekle\u015fmi\u015f olacak.<\/p>\n<p><strong>3 PR\u0130M KAPISI GE\u00c7\u0130LECEK<\/strong><\/p>\n<p>Etab\u0131n 27.4&#8217;\u00fcnc\u00fc kilometresinde 3.kategori t\u0131rman\u0131\u015f, 54.6&#8217;nc\u0131 kilometrede T\u00fcrkiye G\u00fczellikleri ve son olarak 111.3&#8217;\u00fcnc\u00fc kilometrede sprint prim kap\u0131s\u0131 ge\u00e7ildi. 6 kilometrelik n\u00f6tral start\u0131n ard\u0131ndan 10.59&#8217;da yar\u0131\u015f direkt\u00f6r\u00fc Mutlu Er\u00e7evik&#8217;in sallad\u0131\u011f\u0131 damal\u0131 bayrak sonras\u0131 161 sporcu ger\u00e7ek startla etaba ba\u015flad\u0131.<\/p>\n<p><strong>KA\u00c7I\u015eLAR BA\u015eLIYOR, FARK B\u00dcY\u00dcYOR<\/strong><\/p>\n<p>3, 4 ve 7&#8217;nci kilometreler toplu halde ge\u00e7ildikten sonra 5 sporcudan olu\u015fan bir ka\u00e7\u0131\u015f grubu olu\u015ftu. Team \u0130stanbul\u2019dan Mewael Girmay, Konya B\u00fcy\u00fck\u015fehir Belediyesi&#8217;nden Ahmet Akp\u0131nar, Spor Toto&#8217;dan Kaan \u00d6zkalbim ve (ATT)&#8217;den Michal Pomorski ve Mu\u011fla B\u00fcy\u00fck\u015fehir Belediye&#8217;den Halil Do\u011fan \u00f6ne \u00e7\u0131kt\u0131. Bu grup peloton ile 55 saniyelik bir fark olu\u015fturdu. Daha sonra bu grup 15. kilometrede fark\u0131 1 dakikan\u0131n \u00fczerine \u00e7\u0131kard\u0131. Ka\u00e7\u0131\u015f grubunun s\u0131cak ve yak\u0131c\u0131 bir g\u00fcne\u015fli havaya ra\u011fmen gittik\u00e7e artan temposu fark\u0131 daha da a\u00e7t\u0131 ve yeni zaman fark\u0131 3 dakika 55 saniye olarak verildi.<\/p>\n<p><strong>ASTANA&#8217;NIN G\u00d6ZDE SPORCULARI<\/strong><\/p>\n<p>Astana&#8217;n\u0131n ge\u00e7en y\u0131l Wout Poels ve Harold Lopez ile kazand\u0131\u011f\u0131 birincilik ve ikincilikten sonra bu y\u0131l daha g\u00fc\u00e7lenen kadrosuyla yine Genel Ferdi Klasman birincili\u011fi konusunda hayli iddial\u0131lar. Nicolas Vinokurov, Matteo Scalco ve Henok Mulubrahan Turkuaz Mayoyu kazanmak i\u00e7in rakiplerini hayli zorlayacak.<\/p>\n<p><strong>\u0130LK TIRMANI\u015e PR\u0130M\u0130 POMORSKI&#8217;N\u0130N<\/strong><\/p>\n<p>27.4\u2019\u00fcnc\u00fc kilometrede kategori 3&#8217;ten puan veren t\u0131rman\u0131\u015f kap\u0131s\u0131 ge\u00e7ildi. Sonu\u00e7lar \u015f\u00f6yle;<\/p>\n<p><strong>1-<\/strong>Michal Pomorski (ATT Investments)<\/p>\n<p><strong>2-<\/strong>Mewael Girmay (\u0130stanbul Tak\u0131m\u0131)<\/p>\n<p><strong>3-<\/strong>Kaan \u00d6zkalbim (Spor Toto)<\/p>\n<p>Pomorski etab\u0131 zaman fark\u0131 i\u00e7in tamamlarsa ilk etab\u0131n sonunda Da\u011flar\u0131n Kral\u0131 olan K\u0131rm\u0131z\u0131 Mayoyu \u00f6n\u00fcm\u00fczdeki etapta giymeye hak kazanacak. Ayr\u0131ca Pomorski\u2019nin yar\u0131\u015ft\u0131\u011f\u0131 ATT Investments tak\u0131m\u0131n\u0131n sportif direkt\u00f6rl\u00fc\u011f\u00fcn\u00fc, d\u00fcnyaca \u00fcnl\u00fc bisiklet\u00e7i Peter Sagan\u2019\u0131m karde\u015fi Juraj Sagan yap\u0131yor.<\/p>\n<p><strong>SAMET BULUT, &#8220;FORMDAYIM ZORLAYACA\u011eIM&#8221;<\/strong><\/p>\n<p>Mu\u011fla B\u00fcy\u00fck\u015fehir Belediyespor bisiklet\u00e7isi Samet Bulut yar\u0131\u015f \u00f6ncesi verdi\u011fi r\u00f6portajda, &#8220;Bir sin\u00fcs ameliyat\u0131 ge\u00e7irdim. Tur i\u00e7in iyi bir form ve y\u00fcksek bir motivasyonla geri d\u00f6nd\u00fcm. Formday\u0131m ve zorlayaca\u011f\u0131m&#8221; dedi.<\/p>\n<p><strong>FARK 4 DAK\u0130KAYA \u00c7IKTI<\/strong><\/p>\n<p>A\u015f\u0131r\u0131 s\u0131cak havada ka\u00e7\u0131\u015f grubu s\u00fcrekli tempo artt\u0131r\u0131rken, pelotonun beklenmeyen bir temposuzluk i\u00e7inde yar\u0131\u015fa devam etmesi fark\u0131 4 dakikan\u0131n \u00fczerine \u00e7\u0131kard\u0131. Etapta bir saat ge\u00e7tikten sonra 5&#8217;li ka\u00e7\u0131\u015f grubu 40.8 kilometrelik yol katetti ve zaman fark\u0131n\u0131 giderek art\u0131rmay\u0131 ba\u015fard\u0131.<\/p>\n<p><strong>POMORSKI \u0130K\u0130DE \u0130K\u0130 YAPTI<\/strong><\/p>\n<p>54.6&#8217;nc\u0131 kilometre ge\u00e7ilirken etab\u0131n T\u00fcrkiye G\u00fczellikleri prim kap\u0131s\u0131 sonu\u00e7lar\u0131 da belli oldu.<\/p>\n<p>Sonu\u00e7lar \u015f\u00f6yle:<\/p>\n<p><strong>1<\/strong>-Michal Pomorski (ATT Investments)<\/p>\n<p><strong>2-<\/strong>Kaan \u00d6zkalbim (Spor-Toto)<\/p>\n<p><strong>3-<\/strong>\u00a0Mewael Girmay (\u0130stanbul tak\u0131m\u0131)<\/p>\n<p>Kap\u0131 ge\u00e7ildikten sonra pelotonun tempoyu art\u0131rd\u0131\u011f\u0131 g\u00f6r\u00fcld\u00fc. Zaman fark\u0131n\u0131n da 4 dakikan\u0131n alt\u0131na d\u00fc\u015ft\u00fc\u011f\u00fc g\u00f6r\u00fcld\u00fc.<\/p>\n<p><strong>FARK \u0130Y\u0130CE ER\u0130D\u0130<\/strong><\/p>\n<p>Fini\u015fe 35 kilometre kala 5&#8217;li grupla pelotonun aras\u0131ndaki zaman fark\u0131 ilk kez 1 dakikan\u0131n alt\u0131na d\u00fc\u015ft\u00fc. Peloton ne kadar h\u0131zland\u0131ysa, ka\u00e7\u0131\u015f grubunun pedal bas\u0131\u015f\u0131 o kadar geriledi. Bir ara 45 saniyeye kadar d\u00fc\u015fen fark yeniden 1 dakika 33 saniyeye \u00e7\u0131kt\u0131. Bu zaman fark\u0131 fini\u015fe 28 kilometre kala verildi. Fini\u015fe 15 kilometre kala peloton ile ka\u00e7\u0131\u015f grubundaki fark 20 saniyeye kadar indi. Bu da fini\u015fin toplu olarak ger\u00e7ekle\u015febilece\u011fi sinyalini veriyordu. Ve beklenen oldu. Ka\u00e7\u0131\u015f grubu ile peloton fini\u015fe 7 kilometre kala birle\u015fti. Fini\u015fe peloton toplu girdi ve Tom Crabbe m\u00fckemmel sprintiyle etab\u0131 kazand\u0131.<\/p>\n<p><strong>SPR\u0130NT PR\u0130M KAPISINI GE\u00c7EN POMORSK\u0130 3&#8217;TE 3 YAPTI<\/strong><\/p>\n<p>Etab\u0131n 111&#8217;inci kilometresinde son prim kap\u0131s\u0131 olan sprint prim kap\u0131s\u0131 da ge\u00e7ildi. Michal Pomorski (ATT Investments) b\u00f6ylece \u00e7izgiyi birinci ge\u00e7erek 3 prim kap\u0131s\u0131ndaki puanlar\u0131 toplay\u0131p m\u00fcthi\u015f bir ba\u015far\u0131 \u00f6yk\u00fcs\u00fc yazd\u0131.<\/p>\n<p><strong>MAYOLAR SAH\u0130PLER\u0130N\u0130 BULDU<\/strong><\/p>\n<p>T\u00fcrk Telekom Sponsorlu\u011fundaki Turkuaz Mayo Tom Crabbe\u2019ye \u0130zmir Valisi Dr. S\u00fcleyman Elban ve T\u00fcrkiye Bisiklet Federasyonu Ba\u015fkan\u0131 Emin M\u00fcft\u00fco\u011flu taraf\u0131ndan takdim edildi.<\/p>\n<p>Spor Toto Sponsorlu\u011fundaki Ye\u015fil Mayoyu Tom Crabbe\u2019ye Bisiklet Federasyonu Ba\u015fkan Vekili Fikret Hayali taraf\u0131ndan takdim edildi.<\/p>\n<p>T\u00fcrk Hava Yollar\u0131 Sponsorlu\u011fundaki K\u0131rm\u0131z\u0131 Mayo Michael Pomorski\u2019ye \u0130zmir Cumhuriyet Ba\u015fsavc\u0131s\u0131 Ali Yeldan taraf\u0131ndan takdim edildi.<\/p>\n<p>TGA \u2013 GoT\u00fcrkiye Sponsorlu\u011fundaki Beyaz Mayo Michal Pomorski\u2019ye, Sel\u00e7uk Belediye Ba\u015fkan\u0131 Filiz Cerito\u011flu Sengel ve \u0130zmir Gen\u00e7lik ve Spor \u0130l M\u00fcd\u00fcr\u00fc Murat Eskici taraf\u0131ndan takdim edildi.<\/p>\n<p><strong>TURDA YARIN AYDIN-MARMAR\u0130S ETABI KO\u015eULACAK<\/strong><\/p>\n<p>61.Cumhurba\u015fkanl\u0131\u011f\u0131 T\u00fcrkiye Bisiklet Turu&#8217;nda yar\u0131n 162.8 kilometrelik Ayd\u0131n-Marmaris etab\u0131 ko\u015fulacak. Turkuaz Mayoyu Team Flanders-Baloise tak\u0131m\u0131ndan Tom Crabbe giyecek&#8230;<\/p>\n<p>Kaynak: (BYZHA) Beyaz Haber Ajans\u0131<\/p>\n","protected":false},"excerpt":{"rendered":"<p>61.<\/p>\n","protected":false},"author":1,"featured_media":13274,"comment_status":"open","ping_status":"open","sticky":false,"template":"","format":"standard","meta":{"footnotes":""},"categories":[24],"tags":[],"class_list":["post-13273","post","type-post","status-publish","format-standard","has-post-thumbnail","hentry","category-spor"],"_links":{"self":[{"href":"https:\/\/busondakika.com.tr\/index.php?rest_route=\/wp\/v2\/posts\/13273","targetHints":{"allow":["GET"]}}],"collection":[{"href":"https:\/\/busondakika.com.tr\/index.php?rest_route=\/wp\/v2\/posts"}],"about":[{"href":"https:\/\/busondakika.com.tr\/index.php?rest_route=\/wp\/v2\/types\/post"}],"author":[{"embeddable":true,"href":"https:\/\/busondakika.com.tr\/index.php?rest_route=\/wp\/v2\/users\/1"}],"replies":[{"embeddable":true,"href":"https:\/\/busondakika.com.tr\/index.php?rest_route=%2Fwp%2Fv2%2Fcomments&post=13273"}],"version-history":[{"count":1,"href":"https:\/\/busondakika.com.tr\/index.php?rest_route=\/wp\/v2\/posts\/13273\/revisions"}],"predecessor-version":[{"id":13275,"href":"https:\/\/busondakika.com.tr\/index.php?rest_route=\/wp\/v2\/posts\/13273\/revisions\/13275"}],"wp:featuredmedia":[{"embeddable":true,"href":"https:\/\/busondakika.com.tr\/index.php?rest_route=\/wp\/v2\/media\/13274"}],"wp:attachment":[{"href":"https:\/\/busondakika.com.tr\/index.php?rest_route=%2Fwp%2Fv2%2Fmedia&parent=13273"}],"wp:term":[{"taxonomy":"category","embeddable":true,"href":"https:\/\/busondakika.com.tr\/index.php?rest_route=%2Fwp%2Fv2%2Fcategories&post=13273"},{"taxonomy":"post_tag","embeddable":true,"href":"https:\/\/busondakika.com.tr\/index.php?rest_route=%2Fwp%2Fv2%2Ftags&post=13273"}],"curies":[{"name":"wp","href":"https:\/\/api.w.org\/{rel}","templated":true}]}}