{"id":13282,"date":"2026-04-26T22:21:29","date_gmt":"2026-04-26T22:21:29","guid":{"rendered":"https:\/\/busondakika.com.tr\/?p=13282"},"modified":"2026-04-26T22:21:30","modified_gmt":"2026-04-26T22:21:30","slug":"bursanin-fethinin-700uncu-yilinda-rahvan-at-yarislari-heyecani","status":"publish","type":"post","link":"https:\/\/busondakika.com.tr\/?p=13282","title":{"rendered":"Bursa\u2019n\u0131n Fethi\u2019nin 700\u2019\u00fcnc\u00fc Y\u0131l\u0131\u2019nda Rahvan At Yar\u0131\u015flar\u0131 Heyecan\u0131\u00a0"},"content":{"rendered":"<p> Osmangazi Belediyesi taraf\u0131ndan bu y\u0131l 21\u2019incisi d\u00fczenlenen Osman Gazi&#8217;yi Anma ve Bursa\u2019n\u0131n Fetih G\u00fcn\u00fc Ekinlikleri, T\u00fcrkiye\u2019nin d\u00f6rt bir yan\u0131ndan gelen rahvan atlar\u0131 ve binicilerin k\u0131yas\u0131ya m\u00fccadele etti\u011fi Rahvan At Yar\u0131\u015flar\u0131 ile devam etti. B\u00fcy\u00fck bir co\u015fku ve heyecan\u0131n ya\u015fand\u0131\u011f\u0131 yar\u0131\u015flarda 11 farkl\u0131 kategoride toplam 78 at, birincilik i\u00e7in ko\u015ftu.<\/p>\n<p>K\u00f6kl\u00fc k\u00fclt\u00fcrel miras\u0131 ya\u015fatmaya y\u00f6nelik \u00e7al\u0131\u015fmalar\u0131nda geleneksel spor dallar\u0131na da ayr\u0131 bir \u00f6nem veren Osmangazi Belediyesi, bu y\u0131l 21\u2019incisi d\u00fczenlenen Osman Gazi&#8217;yi Anma ve Bursa\u2019n\u0131n Fetih G\u00fcn\u00fc Ekinlikleri kapsam\u0131nda Bursa\u2019n\u0131n Fethi\u2019nin 700. Y\u0131l\u0131\u2019na ithafen Rahvan At Yar\u0131\u015flar\u0131\u2019n\u0131 ger\u00e7ekle\u015ftirdi. Armutk\u00f6y Mahallesi Ata Sporlar\u0131 Park\u0131\u2019ndaki yar\u0131\u015flar\u0131 Osmangazi Belediye Ba\u015fkan\u0131 Erkan Ayd\u0131n\u2019\u0131n yan\u0131 s\u0131ra; MHP Genel Sekreteri ve Bursa Milletvekili \u0130smet B\u00fcy\u00fckataman, CHP Osmangazi \u0130l\u00e7e Ba\u015fkan\u0131 Ra\u015fit G\u00fcrb\u00fcz, Osmangazi Belediyesi ba\u015fkan yard\u0131mc\u0131lar\u0131, meclis \u00fcyeleri, muhtarlar ve \u00e7ok say\u0131da sporsever izledi.<\/p>\n<p><b>11 Kategoride 78 At Yar\u0131\u015ft\u0131<\/b><\/p>\n<p>T\u00fcrkiye Geleneksel Atl\u0131 Spor Dallar\u0131 Federasyonu kurallar\u0131n\u0131n ge\u00e7erli oldu\u011fu Rahvan At Yar\u0131\u015flar\u0131\u2019nda ikili taylar, \u00fc\u00e7l\u00fc taylar, d\u00f6rtl\u00fc taylar, deste, k\u00fc\u00e7\u00fck orta, b\u00fcy\u00fck orta, ba\u015falt\u0131, ba\u015f, taze be\u015fli, yerli doludizgin ve k\u0131zlar olmak \u00fczere toplamda 11 kategoride, T\u00fcrkiye\u2019nin farkl\u0131 illerinden gelen 78 at birincilik i\u00e7in k\u0131yas\u0131ya m\u00fccadele etti. Rahvan At Yar\u0131\u015flar\u0131, izleyicilere heyecan dolu anlar ya\u015fat\u0131rken, yar\u0131\u015f anlar\u0131 b\u00fcy\u00fck bir rekabete sahne oldu.<\/p>\n<p><b>Ba\u015fkan Erkan Ayd\u0131n At S\u0131rt\u0131nda Geldi<\/b><\/p>\n<p>Osmangazi\u2019de gelene\u011fi devam ettiren Osmangazi Belediye Ba\u015fkan\u0131 Erkan Ayd\u0131n, rahvan at\u0131yla alana giri\u015f yapt\u0131. Yar\u0131\u015flara kat\u0131lan t\u00fcm at sahiplerine ve binicilerine kat\u0131l\u0131mlar\u0131ndan dolay\u0131 te\u015fekk\u00fcrlerini sunan Ba\u015fkan Ayd\u0131n, \u015f\u00f6yle konu\u015ftu;<\/p>\n<p>\u201cBu y\u0131l Bursa\u2019n\u0131n Fethi\u2019nin 700. Y\u0131l\u0131, Aral\u0131k ay\u0131nda b\u00fct\u00fcn bir y\u0131l boyunca yapaca\u011f\u0131m\u0131z etkinliklerin lansman\u0131n\u0131 payla\u015ft\u0131k. Rahvan At Yar\u0131\u015flar\u0131 da, 700. Y\u0131l etkinlikleri kapsam\u0131nda geleneksel hale gelen bir etkinli\u011fimiz, ata sporumuz. Atla birlikte geldi\u011fimiz bu topraklar\u0131n 7 bin y\u0131ld\u0131r, Bursa\u2019n\u0131n da 700 y\u0131ld\u0131r bize yurt olmas\u0131n\u0131 sa\u011flayan ba\u015fta Osman Gazi, Orhan Gazi ve b\u00fct\u00fcn b\u00fcy\u00fcklerimiz olmak \u00fczere; Yunan komutan taraf\u0131ndan Osman Gazi\u2019nin kabri tekmelendi\u011finde meclis k\u00fcrs\u00fcs\u00fcne p\u00fb\u015fide-i siyah konarak, 2 y\u0131l, 2 ay, 2 g\u00fcn\u00fcn ard\u0131ndan 11 Eyl\u00fcl 1922\u2019de Bursa\u2019n\u0131n d\u00fc\u015fman i\u015fgalinden kurtulmas\u0131yla o \u00f6rt\u00fcy\u00fc kald\u0131ran Gazi Mustafa Kemal Atat\u00fcrk olmak \u00fczere b\u00fct\u00fcn atalar\u0131m\u0131z\u0131, ecdad\u0131m\u0131z\u0131, b\u00fcy\u00fcklerimizi sayg\u0131 ve rahmetle an\u0131yorum. \u0130yi ki onlar bizlere buralar\u0131 yurt edindiler, biz de onlar sayesinde bu etkinlikleri yeni nesillere aktar\u0131yor ve bu ata sporunun devam etmesi i\u00e7in ilgililere sunma f\u0131rsat\u0131 buluyoruz. Eme\u011fi ge\u00e7en rahvan at\u00e7\u0131lar\u0131m\u0131za, yar\u0131\u015fmac\u0131lara, onlarla b\u00fct\u00fcnle\u015fmi\u015f bir hayat s\u00fcren de\u011ferli kat\u0131l\u0131mc\u0131lara te\u015fekk\u00fcr ediyorum.\u201d<\/p>\n<p>Her biri b\u00fcy\u00fck bir rekabete sahne olan Rahvan At Yar\u0131\u015flar\u0131 sonunda, 11 kategoride dereceye giren at sahiplerine kupa ve para \u00f6d\u00fclleri protokol \u00fcyeleri taraf\u0131ndan takdim edildi.<\/p>\n<p>Kaynak: (BYZHA) Beyaz Haber Ajans\u0131<\/p>\n","protected":false},"excerpt":{"rendered":"<p>Osmangazi Belediyesi taraf\u0131ndan bu y\u0131l 21\u2019incisi d\u00fczenlenen Osman Gazi&#8217;yi Anma ve Bursa\u2019n\u0131n Fetih G\u00fcn\u00fc Ekinlikleri, T\u00fcrkiye\u2019nin d\u00f6rt bir yan\u0131ndan gelen rahvan atlar\u0131 ve binicilerin k\u0131yas\u0131ya m\u00fccadele etti\u011fi Rahvan At Yar\u0131\u015flar\u0131 ile devam etti.<\/p>\n","protected":false},"author":1,"featured_media":13283,"comment_status":"open","ping_status":"open","sticky":false,"template":"","format":"standard","meta":{"footnotes":""},"categories":[24],"tags":[],"class_list":["post-13282","post","type-post","status-publish","format-standard","has-post-thumbnail","hentry","category-spor"],"_links":{"self":[{"href":"https:\/\/busondakika.com.tr\/index.php?rest_route=\/wp\/v2\/posts\/13282","targetHints":{"allow":["GET"]}}],"collection":[{"href":"https:\/\/busondakika.com.tr\/index.php?rest_route=\/wp\/v2\/posts"}],"about":[{"href":"https:\/\/busondakika.com.tr\/index.php?rest_route=\/wp\/v2\/types\/post"}],"author":[{"embeddable":true,"href":"https:\/\/busondakika.com.tr\/index.php?rest_route=\/wp\/v2\/users\/1"}],"replies":[{"embeddable":true,"href":"https:\/\/busondakika.com.tr\/index.php?rest_route=%2Fwp%2Fv2%2Fcomments&post=13282"}],"version-history":[{"count":1,"href":"https:\/\/busondakika.com.tr\/index.php?rest_route=\/wp\/v2\/posts\/13282\/revisions"}],"predecessor-version":[{"id":13284,"href":"https:\/\/busondakika.com.tr\/index.php?rest_route=\/wp\/v2\/posts\/13282\/revisions\/13284"}],"wp:featuredmedia":[{"embeddable":true,"href":"https:\/\/busondakika.com.tr\/index.php?rest_route=\/wp\/v2\/media\/13283"}],"wp:attachment":[{"href":"https:\/\/busondakika.com.tr\/index.php?rest_route=%2Fwp%2Fv2%2Fmedia&parent=13282"}],"wp:term":[{"taxonomy":"category","embeddable":true,"href":"https:\/\/busondakika.com.tr\/index.php?rest_route=%2Fwp%2Fv2%2Fcategories&post=13282"},{"taxonomy":"post_tag","embeddable":true,"href":"https:\/\/busondakika.com.tr\/index.php?rest_route=%2Fwp%2Fv2%2Ftags&post=13282"}],"curies":[{"name":"wp","href":"https:\/\/api.w.org\/{rel}","templated":true}]}}