{"id":13288,"date":"2026-04-26T22:33:20","date_gmt":"2026-04-26T22:33:20","guid":{"rendered":"https:\/\/busondakika.com.tr\/?p=13288"},"modified":"2026-04-26T22:33:22","modified_gmt":"2026-04-26T22:33:22","slug":"cocuklar-eglenceye-doydu","status":"publish","type":"post","link":"https:\/\/busondakika.com.tr\/?p=13288","title":{"rendered":"\u00c7ocuklar e\u011flenceye doydu"},"content":{"rendered":"<p> B\u00fcy\u00fck\u015fehir Belediyesi\u2019nin \u0130zmit Milli \u0130rade Meydan\u0131\u2019nda ger\u00e7ekle\u015ftirdi\u011fi 23 Nisan \u00c7ocuk \u015eenli\u011fi \u201cBi D\u00fcnya E\u011flence\u201d, 4 g\u00fcn boyunca \u00e7ocuklara e\u011flence ve b\u00fcy\u00fck deneyim kazand\u0131rd\u0131. Yakla\u015f\u0131k 180 bin \u00e7ocuk ve ailenin kat\u0131ld\u0131\u011f\u0131 \u015fenlikler unutulmayacak an\u0131larla sona erdi.<\/p>\n<p><b>4 G\u00dcN BOYUNCA E\u011eLENCE H\u0130\u00c7 D\u0130NMED\u0130<\/b><\/p>\n<p>Kocaeli B\u00fcy\u00fck\u015fehir Belediyesi\u2019nin \u0130zmit Milli \u0130rade Meydan\u0131\u2019nda d\u00fczenledi\u011fi 23 Nisan \u00c7ocuk \u015eenli\u011fi \u201cBi D\u00fcnya E\u011flence\u201d etkinlikleri, muhte\u015fem anlara sahne oldu. 23 Nisan Per\u015fembe g\u00fcn\u00fc ba\u015flayan ve 4 g\u00fcn boyunca 11.00 ile 19.00 saatleri aras\u0131nda ger\u00e7ekle\u015ftirilen etkinliklerde \u00e7ocuk kahkahalar\u0131 alana yay\u0131ld\u0131. Her ya\u015ftan \u00e7ocuk ve gen\u00e7, kendileri i\u00e7in \u00f6zenle haz\u0131rlanan 60\u2019tan fazla at\u00f6lyede g\u00f6n\u00fcllerince e\u011flendi. Sanattan bilime, spordan do\u011faya bir\u00e7ok at\u00f6lyede vakit ge\u00e7iren \u00e7ocuklar\u0131n keyfine diyecek yoktu. \u015eenliklere 4 g\u00fcn boyunca yakla\u015f\u0131k 180 bin \u00e7ocuk ve aile kat\u0131l\u0131m g\u00f6sterdi.<\/p>\n<p><b>\u00c7OCUKLAR G\u00d6RSEL \u015e\u00d6LENE RENK KATTI<\/b><\/p>\n<p>B\u00fcy\u00fck\u015fehir Belediyesi\u2019nin bu y\u0131l \u201c\u00c7ocuk ve Sanat\u201d temas\u0131 ile belirledi\u011fi etkinlikler,\u00a0son d\u00f6nemde ya\u015fanan olaylara anlaml\u0131 bir g\u00f6nderme olarak nitelendi. Milli \u0130rade Meydan\u0131\u2019ndaki aktivitelere \u00e7ocuk ve sanat \u00fczerine bir\u00e7ok \u00f6nemli \u00e7al\u0131\u015fma ve etkinlik ger\u00e7ekle\u015ftirildi. Anne-babalar\u0131n\u0131n ellerinden tutarak alan\u0131n yolunu tutan \u00e7ocuklar, k\u0131rm\u0131z\u0131-beyaz k\u0131yafetleri ile g\u00f6rsel \u015f\u00f6lene renk katt\u0131. 23 Nisan \u00c7ocuk \u015eenli\u011fi\u2019ne sadece Kocaeli\u2019den de\u011fil, farkl\u0131 \u015fehirlerden ve hatta yurt d\u0131\u015f\u0131ndan bile misafirler kat\u0131l\u0131m sa\u011flad\u0131.<\/p>\n<p><b>E\u011eLEND\u0130LER, \u00d6\u011eREND\u0130LER, KEY\u0130F ALDILAR<\/b><\/p>\n<p>\u201cBi D\u00fcnya E\u011flence\u201d \u015fenlikleri kapsam\u0131nda; at\u00f6lyeler, alan etkinlikleri, mini yar\u0131\u015fmalar, sanat ve spor aktiviteleri, dijital oyun alanlar\u0131, minik ya\u015f gruplar\u0131na \u00f6zel etkinlikler ile fark\u0131ndal\u0131k \u00e7al\u0131\u015fmalar\u0131 \u00e7ocuklar ile bulu\u015ftu. T\u00fcm etkinliklere kat\u0131lan \u00e7ocuklar hem e\u011flendi hem de \u00f6\u011frenme f\u0131rsat\u0131 yakalad\u0131. Birbirinden e\u011fitici ve e\u011flenceli 60\u2019tan fazla at\u00f6lye, 4 g\u00fcn boyunca \u0130zmit Milli \u0130rade Meydan\u0131\u2019nda \u00e7ocuklar\u0131n 23 Nisan co\u015fkusuna keyif katt\u0131.<\/p>\n<p><b>HAYAL D\u00dcNYALARI VE EL BECER\u0130LER\u0130 GEL\u0130\u015eT\u0130<\/b><\/p>\n<p>At\u00f6lye \u00e7al\u0131\u015fmalar\u0131nda \u00e7ocuklar\u0131n hayal d\u00fcnyas\u0131n\u0131 ve el becerilerini geli\u015ftiren faaliyetler ger\u00e7ekle\u015ftirildi. Bu at\u00f6lyeler aras\u0131nda; K\u00fc\u00e7\u00fclen ka\u011f\u0131tlar, vitray, tezhip at\u00f6lyesi \u00e7ocuklarla bulu\u015ftu. Ayr\u0131ca kil tablet, 3D boyama, mis kokular, ah\u015fap boyama, u\u00e7urtma, \u00e7im adam yap\u0131m\u0131 ve y\u00fcz boyama gibi etkinlikler de programda yer ald\u0131.<\/p>\n<p><b>ALAN ETK\u0130NL\u0130KLER\u0130 CO\u015eKUYU ARTIRDI<\/b><\/p>\n<p>At\u00f6lye etkinliklerinin yan\u0131 s\u0131ra \u00e7ocuklar\u0131n ilgisiyle dolup ta\u015fan alan etkinlikleri d\u00fczenlendi. 360 foto\u011fraf \u00e7ekim alan\u0131, izcilik kamp\u0131 ve at\u00f6lyeleri, masal dinletileri, bilgi yar\u0131\u015fmalar\u0131 ve \u00e7ocuk k\u00f6yleri her an dolup ta\u015farken, Ula\u015f\u0131mPark Mini Tramvay da alan i\u00e7inde e\u011flenceli yolculuklar ger\u00e7ekle\u015ftirdi.<\/p>\n<p><b>SPOR VE TEKNOLOJ\u0130 B\u0130R ARADA<\/b><\/p>\n<p>T\u0131rmanma Duvar\u0131 spor faaliyetleri aras\u0131nda g\u00f6zde alanlar aras\u0131nda yer ald\u0131. Bununla beraber; masa tenisi, mini golf ve spor parkuru ile sanal ger\u00e7eklik deneyim alan\u0131, VR ok\u00e7uluk ve refleks oyunlar\u0131 da \u00e7ocuklara farkl\u0131 deneyimler sundu. Fark\u0131ndal\u0131k alanlar\u0131nda ise trafik, afet ve \u00e7evre bilincine y\u00f6nelik etkinlikler d\u00fczenlendi. Jongl\u00f6r, palya\u00e7o, canl\u0131 heykel, tahta bacak ve maskotlar ise d\u00f6rt g\u00fcn boyunca miniklere e\u015flik ederek bayram co\u015fkusunu art\u0131rd\u0131.<\/p>\n<p><b>DEV K\u00dcP\u00dc B\u0130RL\u0130KTE BOYADILAR<\/b><\/p>\n<p>Alan\u0131n en renkli alanlar\u0131ndan birini ise hi\u00e7 ku\u015fkusuz dev resim k\u00fcp\u00fc olu\u015fturdu. \u00c7ocuklar d\u00f6rt g\u00fcn boyunca bu dev k\u00fcp\u00fc hayal d\u00fcnyalar\u0131n\u0131n en g\u00fczel renkleriyle boyayarak muhte\u015fem bir birliktelik g\u00f6rseline imza att\u0131. Her \u00e7ocu\u011fun kendinden bir \u015feyler katt\u0131\u011f\u0131 resim k\u00fcp\u00fc, tamamen boyand\u0131\u011f\u0131nda ortaya muhte\u015fem bir g\u00f6rsel \u00e7\u0131kt\u0131. Kocaelili \u00e7ocuklar Milli \u0130rade Meydan\u0131\u2019nda 4 g\u00fcn boyunca g\u00f6n\u00fcllerince e\u011flenirken etkinlikler adrenalin dans g\u00f6sterisi ile sona erdi.<\/p>\n<p>Kaynak: (BYZHA) Beyaz Haber Ajans\u0131<\/p>\n","protected":false},"excerpt":{"rendered":"<p>B\u00fcy\u00fck\u015fehir Belediyesi\u2019nin \u0130zmit Milli \u0130rade Meydan\u0131\u2019nda ger\u00e7ekle\u015ftirdi\u011fi 23 Nisan \u00c7ocuk \u015eenli\u011fi \u201cBi D\u00fcnya E\u011flence\u201d, 4 g\u00fcn boyunca \u00e7ocuklara e\u011flence ve b\u00fcy\u00fck deneyim kazand\u0131rd\u0131.<\/p>\n","protected":false},"author":1,"featured_media":13289,"comment_status":"open","ping_status":"open","sticky":false,"template":"","format":"standard","meta":{"footnotes":""},"categories":[20],"tags":[],"class_list":["post-13288","post","type-post","status-publish","format-standard","has-post-thumbnail","hentry","category-kultur-sanat"],"_links":{"self":[{"href":"https:\/\/busondakika.com.tr\/index.php?rest_route=\/wp\/v2\/posts\/13288","targetHints":{"allow":["GET"]}}],"collection":[{"href":"https:\/\/busondakika.com.tr\/index.php?rest_route=\/wp\/v2\/posts"}],"about":[{"href":"https:\/\/busondakika.com.tr\/index.php?rest_route=\/wp\/v2\/types\/post"}],"author":[{"embeddable":true,"href":"https:\/\/busondakika.com.tr\/index.php?rest_route=\/wp\/v2\/users\/1"}],"replies":[{"embeddable":true,"href":"https:\/\/busondakika.com.tr\/index.php?rest_route=%2Fwp%2Fv2%2Fcomments&post=13288"}],"version-history":[{"count":1,"href":"https:\/\/busondakika.com.tr\/index.php?rest_route=\/wp\/v2\/posts\/13288\/revisions"}],"predecessor-version":[{"id":13290,"href":"https:\/\/busondakika.com.tr\/index.php?rest_route=\/wp\/v2\/posts\/13288\/revisions\/13290"}],"wp:featuredmedia":[{"embeddable":true,"href":"https:\/\/busondakika.com.tr\/index.php?rest_route=\/wp\/v2\/media\/13289"}],"wp:attachment":[{"href":"https:\/\/busondakika.com.tr\/index.php?rest_route=%2Fwp%2Fv2%2Fmedia&parent=13288"}],"wp:term":[{"taxonomy":"category","embeddable":true,"href":"https:\/\/busondakika.com.tr\/index.php?rest_route=%2Fwp%2Fv2%2Fcategories&post=13288"},{"taxonomy":"post_tag","embeddable":true,"href":"https:\/\/busondakika.com.tr\/index.php?rest_route=%2Fwp%2Fv2%2Ftags&post=13288"}],"curies":[{"name":"wp","href":"https:\/\/api.w.org\/{rel}","templated":true}]}}