{"id":13291,"date":"2026-04-27T07:12:30","date_gmt":"2026-04-27T07:12:30","guid":{"rendered":"https:\/\/busondakika.com.tr\/?p=13291"},"modified":"2026-04-27T07:12:31","modified_gmt":"2026-04-27T07:12:31","slug":"goncali-ensardan-turkiye-derecesi","status":"publish","type":"post","link":"https:\/\/busondakika.com.tr\/?p=13291","title":{"rendered":"Goncal\u0131 Ensar\u2019dan T\u00fcrkiye derecesi"},"content":{"rendered":"<p> Kocaeli B\u00fcy\u00fck\u015fehir Belediyesi Gonca Engelsiz Ya\u015fam Merkezi\u2019nde e\u011fitim alan Ensar D\u00fczenli (9), \u201cD\u00fcnyay\u0131 \u0130yile\u015ftiren Ara\u00e7lar\u201d temal\u0131 resim yar\u0131\u015fmas\u0131nda T\u00fcrkiye \u00fc\u00e7\u00fcnc\u00fcs\u00fc oldu. Ensar, hem ailesine hem de e\u011fitim ald\u0131\u011f\u0131 kuruma b\u00fcy\u00fck gurur ya\u015fatt\u0131.<\/p>\n<p><b>HEM A\u0130LES\u0130N\u0130 HEM KURUMU GURURLANDIRDI<\/b><\/p>\n<p>Kocaeli B\u00fcy\u00fck\u015fehir Belediyesi Gonca Engelsiz Ya\u015fam Merkezi \u00f6\u011frencisi Ensar D\u00fczenli, ulusal resim yar\u0131\u015fmas\u0131nda T\u00fcrkiye \u00fc\u00e7\u00fcnc\u00fcs\u00fc olarak \u00f6nemli bir ba\u015far\u0131ya imza att\u0131. \u00d6zel gereksinimli \u00e7ocuklar kategorisinde yar\u0131\u015fan 9 ya\u015f\u0131ndaki Ensar, Kocaeli\u2019yi ve Gonca Engelsiz Ya\u015fam Merkezi\u2019ni ba\u015far\u0131yla temsil ederek hem ailesine hem de e\u011fitim ald\u0131\u011f\u0131 kuruma b\u00fcy\u00fck gurur ya\u015fatt\u0131.<\/p>\n<p><b>GONCA\u2019DAN ULUSAL BA\u015eARI<\/b><\/p>\n<p>Hyundai taraf\u0131ndan d\u00fczenlenen \u201cD\u00fcnyay\u0131 \u0130yile\u015ftiren Ara\u00e7lar\u201d temal\u0131 resim yar\u0131\u015fmas\u0131nda T\u00fcrkiye \u00fc\u00e7\u00fcnc\u00fcs\u00fc olan Ensar D\u00fczenli, 7-10 ya\u015f \u00f6zel gereksinimli \u00e7ocuklar kategorisinde derece elde etti. Yar\u0131\u015fma, T\u00fcrkiye genelinde yo\u011fun kat\u0131l\u0131mla ger\u00e7ekle\u015ftirildi. Ensar\u2019\u0131n \u00e7izdi\u011fi projede, tekerlekli sandalye kullanan bireylerin ya\u015fam\u0131n\u0131 kolayla\u015ft\u0131ran ve \u00e7evre temizli\u011fine katk\u0131 sa\u011flayan bir ara\u00e7 yer ald\u0131.<\/p>\n<p><b>ARACINI KEND\u0130S\u0130 ANLATTI<\/b><\/p>\n<p>K\u00fc\u00e7\u00fck \u00f6\u011frenci hayalindeki arac\u0131 \u015fu s\u00f6zlerle anlatt\u0131: \u201cBenim arac\u0131m, yolda y\u00fcr\u00fcyen tekerlekli sandalye ve \u00f6zel gereksinimli bireylerin daha rahat hareket edebilmesi i\u00e7in \u00e7\u00f6pleri topluyor. Toplad\u0131\u011f\u0131 at\u0131klar\u0131 geri d\u00f6n\u00fc\u015ft\u00fcrerek bize temiz hava, bitki ve daha ya\u015fanabilir bir \u00e7evre olarak geri kazand\u0131r\u0131yor.\u201d<\/p>\n<p><b>3D MODELE D\u00d6N\u00dc\u015eT\u00dcR\u00dcLEN HAYAL<\/b><\/p>\n<p>Yar\u0131\u015fmada dereceye giren \u00f6\u011frenciler aras\u0131nda yer alan Ensar\u2019\u0131n en \u00e7ok etkilendi\u011fi an ise \u00e7iziminin \u00fc\u00e7 boyutlu modele d\u00f6n\u00fc\u015ft\u00fcr\u00fclmesi oldu. \u00d6d\u00fcl\u00fcn\u00fc ailesiyle birlikte alan Ensar, mutlulu\u011funu \u015fu s\u00f6zlerle payla\u015ft\u0131: \u201c\u0130yi hissettim. Ailem ve \u00f6\u011fretmenlerim bana \u00e7ok destek oldu. Kendimle gurur duyuyorum. Yar\u0131\u015fan arkada\u015flar\u0131m\u0131 da tebrik ediyorum.\u201d<\/p>\n<p><b>\u201c\u00d6\u011eRETMENLER\u0130M\u0130N DESTE\u011e\u0130 \u00c7OK B\u00dcY\u00dcKT\u00dc\u201d<\/b><\/p>\n<p>Gonca Engelsiz Ya\u015fam Merkezi\u2019nde ald\u0131\u011f\u0131 e\u011fitimin ba\u015far\u0131s\u0131nda \u00f6nemli rol oynad\u0131\u011f\u0131n\u0131 vurgulayan Ensar, \u201cHocalar\u0131m\u0131n deste\u011fi \u00e7ok b\u00fcy\u00fckt\u00fc, \u00e7ok \u00e7al\u0131\u015ft\u0131m. Burada ba\u015far\u0131l\u0131 olmak istedim. Arkada\u015flar\u0131m\u0131 ve \u00f6\u011fretmenlerimi \u00e7ok seviyorum\u201d dedi. Ensar D\u00fczenli\u2019nin \u00e7evre dostu hayal g\u00fcc\u00fcyle tasarlad\u0131\u011f\u0131 proje, j\u00fcri taraf\u0131ndan b\u00fcy\u00fck be\u011feni toplarken, k\u00fc\u00e7\u00fck \u00f6\u011frencinin ba\u015far\u0131s\u0131 ailesi ve e\u011fitimcileri taraf\u0131ndan gururla kar\u015f\u0131land\u0131.<\/p>\n<p>\u00a0<\/p>\n<p>Kaynak: (BYZHA) Beyaz Haber Ajans\u0131<\/p>\n","protected":false},"excerpt":{"rendered":"<p>Kocaeli B\u00fcy\u00fck\u015fehir Belediyesi Gonca Engelsiz Ya\u015fam Merkezi\u2019nde e\u011fitim alan Ensar D\u00fczenli (9), \u201cD\u00fcnyay\u0131 \u0130yile\u015ftiren Ara\u00e7lar\u201d temal\u0131 resim yar\u0131\u015fmas\u0131nda T\u00fcrkiye \u00fc\u00e7\u00fcnc\u00fcs\u00fc oldu.<\/p>\n","protected":false},"author":1,"featured_media":13292,"comment_status":"open","ping_status":"open","sticky":false,"template":"","format":"standard","meta":{"footnotes":""},"categories":[21],"tags":[],"class_list":["post-13291","post","type-post","status-publish","format-standard","has-post-thumbnail","hentry","category-gundem"],"_links":{"self":[{"href":"https:\/\/busondakika.com.tr\/index.php?rest_route=\/wp\/v2\/posts\/13291","targetHints":{"allow":["GET"]}}],"collection":[{"href":"https:\/\/busondakika.com.tr\/index.php?rest_route=\/wp\/v2\/posts"}],"about":[{"href":"https:\/\/busondakika.com.tr\/index.php?rest_route=\/wp\/v2\/types\/post"}],"author":[{"embeddable":true,"href":"https:\/\/busondakika.com.tr\/index.php?rest_route=\/wp\/v2\/users\/1"}],"replies":[{"embeddable":true,"href":"https:\/\/busondakika.com.tr\/index.php?rest_route=%2Fwp%2Fv2%2Fcomments&post=13291"}],"version-history":[{"count":1,"href":"https:\/\/busondakika.com.tr\/index.php?rest_route=\/wp\/v2\/posts\/13291\/revisions"}],"predecessor-version":[{"id":13293,"href":"https:\/\/busondakika.com.tr\/index.php?rest_route=\/wp\/v2\/posts\/13291\/revisions\/13293"}],"wp:featuredmedia":[{"embeddable":true,"href":"https:\/\/busondakika.com.tr\/index.php?rest_route=\/wp\/v2\/media\/13292"}],"wp:attachment":[{"href":"https:\/\/busondakika.com.tr\/index.php?rest_route=%2Fwp%2Fv2%2Fmedia&parent=13291"}],"wp:term":[{"taxonomy":"category","embeddable":true,"href":"https:\/\/busondakika.com.tr\/index.php?rest_route=%2Fwp%2Fv2%2Fcategories&post=13291"},{"taxonomy":"post_tag","embeddable":true,"href":"https:\/\/busondakika.com.tr\/index.php?rest_route=%2Fwp%2Fv2%2Ftags&post=13291"}],"curies":[{"name":"wp","href":"https:\/\/api.w.org\/{rel}","templated":true}]}}