{"id":13300,"date":"2026-04-27T07:32:59","date_gmt":"2026-04-27T07:32:59","guid":{"rendered":"https:\/\/busondakika.com.tr\/?p=13300"},"modified":"2026-04-27T07:33:00","modified_gmt":"2026-04-27T07:33:00","slug":"18-ucurtma-senligi-coskuyla-gerceklesti","status":"publish","type":"post","link":"https:\/\/busondakika.com.tr\/?p=13300","title":{"rendered":"18. U\u00e7urtma \u015eenli\u011fi co\u015fkuyla ger\u00e7ekle\u015fti"},"content":{"rendered":"<p> Torbal\u0131 Belediyesi, 23 Nisan Ulusal Egemenlik ve \u00c7ocuk Bayram\u0131 etkinlikleri kapsam\u0131nda geleneksel hale gelen U\u00e7urtma \u015eenli\u011fi\u2019nin bu y\u0131l 18\u2019incisini d\u00fczenledi. \u0130l\u00e7enin simge organizasyonlar\u0131ndan biri haline gelen \u015fenlik, \u00d6zbey Deve G\u00fcre\u015fi Alan\u0131\u2019nda yo\u011fun kat\u0131l\u0131mla ger\u00e7ekle\u015ftirildi. Saat 10.00\u2019da ba\u015flayan etkinlikte g\u00fcn boyu s\u00fcren program kapsam\u0131nda \u00e7ocuklar i\u00e7in haz\u0131rlanan oyun alanlar\u0131, parkurlar, m\u00fczik dinletileri, sahne g\u00f6sterileri ve \u00e7e\u015fitli s\u00fcrpriz etkinlikler b\u00fcy\u00fck ilgi g\u00f6rd\u00fc. G\u00f6ky\u00fcz\u00fcn\u00fc renklendiren u\u00e7urtmalar, \u015fenli\u011fe kat\u0131lan binlerce vatanda\u015fa g\u00f6rsel \u015f\u00f6len ya\u015fatt\u0131. Farkl\u0131 kategorilerde d\u00fczenlenen u\u00e7urtma yar\u0131\u015fmalar\u0131 ise etkinli\u011fe ayr\u0131 bir heyecan katt\u0131. Yar\u0131\u015fmalarda dereceye giren kat\u0131l\u0131mc\u0131lara \u00e7e\u015fitli \u00f6d\u00fcller verilirken, \u015fenli\u011fe kat\u0131lan \u00e7ocuklara belediye taraf\u0131ndan \u00fccretsiz u\u00e7urtma da\u011f\u0131t\u0131m\u0131 yap\u0131ld\u0131. Yo\u011fun kat\u0131l\u0131m\u0131n oldu\u011fu organizasyona Torbal\u0131 Belediye Ba\u015fkan\u0131 \u00d6v\u00fcn\u00e7 Demir\u2019in yan\u0131 s\u0131ra CHP Torbal\u0131 \u0130l\u00e7e Ba\u015fkan\u0131 \u0130brahim \u00d6zel, belediye ba\u015fkan yard\u0131mc\u0131lar\u0131, meclis \u00fcyeleri ve binlerce vatanda\u015f kat\u0131ld\u0131. Etkinlik boyunca \u00e7ocuklarla yak\u0131ndan ilgilenen Ba\u015fkan Demir, onlar\u0131n iste\u011fini k\u0131rmayarak bol bol hat\u0131ra foto\u011fraf\u0131 \u00e7ektirdi.<br \/>DEM\u0130R: \u201c\u00c7OCUKLARIMIZ \u0130\u00c7\u0130N DAHA FAZLA \u00dcRETECE\u011e\u0130Z\u201d<br \/>\u00c7ocuklar i\u00e7in bu t\u00fcr etkinlikleri ger\u00e7ekle\u015ftirmeye devam edeceklerini belirten Torbal\u0131 Belediye Ba\u015fkan\u0131 \u00d6v\u00fcn\u00e7 Demir, yapt\u0131\u011f\u0131 a\u00e7\u0131klamada \u201c18. Geleneksel U\u00e7urtma \u015eenli\u011fimizde u\u00e7urtmalar\u0131m\u0131z\u0131 \u015eanl\u0131urfa ve Kahramanmara\u015f\u2019taki evlatlar\u0131m\u0131z i\u00e7in g\u00f6ky\u00fcz\u00fcne b\u0131rakt\u0131k. Onlar her zaman kalbimizde; i\u00e7imizdeki o burukluk hi\u00e7 dinmeyecek. Ancak bug\u00fcn burada \u00e7ocuklar\u0131m\u0131z\u0131n y\u00fcz\u00fcndeki g\u00fcl\u00fcmseme, ne\u015feleri ve co\u015fkular\u0131 hepimize umut verdi. Bu g\u00fczel tabloyu g\u00f6rmek, yar\u0131nlara dair inanc\u0131m\u0131z\u0131 daha da g\u00fc\u00e7lendiriyor. Bizler de Torbal\u0131 Belediyesi olarak \u00e7ocuklar\u0131m\u0131z i\u00e7in daha fazla \u00fcretmeye, onlar\u0131n mutlu oldu\u011fu bir kent i\u00e7in \u00e7al\u0131\u015fmaya devam edece\u011fiz. \u0130yi ki vars\u0131n\u0131z \u00e7ocuklar\u201d ifadelerini kulland\u0131.<\/p>\n<p>\u00a0<\/p>\n<p><span style=\"font-size:12pt\"><span style=\",serif\">.<\/span><\/span><\/p>\n<p style=\"margin-bottom:13px\">\u00a0<\/p>\n<p style=\"margin-bottom:13px\">\u00a0<\/p>\n<p>Kaynak: (BYZHA) Beyaz Haber Ajans\u0131<\/p>\n","protected":false},"excerpt":{"rendered":"<p>Torbal\u0131 Belediyesi, 23 Nisan Ulusal Egemenlik ve \u00c7ocuk Bayram\u0131 etkinlikleri kapsam\u0131nda geleneksel hale gelen U\u00e7urtma \u015eenli\u011fi\u2019nin bu y\u0131l 18\u2019incisini d\u00fczenledi.<\/p>\n","protected":false},"author":1,"featured_media":13301,"comment_status":"open","ping_status":"open","sticky":false,"template":"","format":"standard","meta":{"footnotes":""},"categories":[20],"tags":[],"class_list":["post-13300","post","type-post","status-publish","format-standard","has-post-thumbnail","hentry","category-kultur-sanat"],"_links":{"self":[{"href":"https:\/\/busondakika.com.tr\/index.php?rest_route=\/wp\/v2\/posts\/13300","targetHints":{"allow":["GET"]}}],"collection":[{"href":"https:\/\/busondakika.com.tr\/index.php?rest_route=\/wp\/v2\/posts"}],"about":[{"href":"https:\/\/busondakika.com.tr\/index.php?rest_route=\/wp\/v2\/types\/post"}],"author":[{"embeddable":true,"href":"https:\/\/busondakika.com.tr\/index.php?rest_route=\/wp\/v2\/users\/1"}],"replies":[{"embeddable":true,"href":"https:\/\/busondakika.com.tr\/index.php?rest_route=%2Fwp%2Fv2%2Fcomments&post=13300"}],"version-history":[{"count":1,"href":"https:\/\/busondakika.com.tr\/index.php?rest_route=\/wp\/v2\/posts\/13300\/revisions"}],"predecessor-version":[{"id":13302,"href":"https:\/\/busondakika.com.tr\/index.php?rest_route=\/wp\/v2\/posts\/13300\/revisions\/13302"}],"wp:featuredmedia":[{"embeddable":true,"href":"https:\/\/busondakika.com.tr\/index.php?rest_route=\/wp\/v2\/media\/13301"}],"wp:attachment":[{"href":"https:\/\/busondakika.com.tr\/index.php?rest_route=%2Fwp%2Fv2%2Fmedia&parent=13300"}],"wp:term":[{"taxonomy":"category","embeddable":true,"href":"https:\/\/busondakika.com.tr\/index.php?rest_route=%2Fwp%2Fv2%2Fcategories&post=13300"},{"taxonomy":"post_tag","embeddable":true,"href":"https:\/\/busondakika.com.tr\/index.php?rest_route=%2Fwp%2Fv2%2Ftags&post=13300"}],"curies":[{"name":"wp","href":"https:\/\/api.w.org\/{rel}","templated":true}]}}