{"id":13324,"date":"2026-04-27T07:47:00","date_gmt":"2026-04-27T07:47:00","guid":{"rendered":"https:\/\/busondakika.com.tr\/?p=13324"},"modified":"2026-04-27T07:47:01","modified_gmt":"2026-04-27T07:47:01","slug":"onur-gunay-turnuvasinda-filede-vefa-ruzgari-esti","status":"publish","type":"post","link":"https:\/\/busondakika.com.tr\/?p=13324","title":{"rendered":"Onur G\u00fcnay Turnuvas\u0131nda Filede Vefa R\u00fczg\u00e2r\u0131 Esti"},"content":{"rendered":"<p> Bal\u00e7ova Belediyesi taraf\u0131ndan d\u00fczenlenen \u201cOnur G\u00fcnay Karma Voleybol Turnuvas\u0131\u201d, iki g\u00fcn s\u00fcren b\u00fcy\u00fck heyecan\u0131n ard\u0131ndan final ma\u00e7lar\u0131 ve \u00f6d\u00fcl t\u00f6reniyle tamamland\u0131. 12 tak\u0131m\u0131n m\u00fccadele etti\u011fi turnuvada dostluk, dayan\u0131\u015fma ve vefa duygusu \u00f6n plana \u00e7\u0131kt\u0131.<\/p>\n<p>Bal\u00e7ova Belediyesi\u2019nin d\u00fczenledi\u011fi \u201cOnur G\u00fcnay Karma Voleybol Turnuvas\u0131\u201d, yo\u011fun kat\u0131l\u0131m ve co\u015fkulu atmosfer e\u015fli\u011finde sona erdi. \u0130ki g\u00fcn boyunca s\u00fcren organizasyonda toplam 12 tak\u0131m sahaya \u00e7\u0131karken, trib\u00fcnleri dolduran vatanda\u015flar final ma\u00e7lar\u0131na b\u00fcy\u00fck ilgi g\u00f6sterdi.<\/p>\n<p>Turnuvan\u0131n finalinde Titans of Eagles tak\u0131m\u0131 \u015fampiyonlu\u011fa ula\u015f\u0131rken, Soslu \u00c7i\u011fdem ikinci, Bavyera ise \u00fc\u00e7\u00fcnc\u00fc oldu. Dereceye giren tak\u0131mlara kupa ve \u00f6d\u00fclleri Bal\u00e7ova Belediye Ba\u015fkan\u0131 Onur Yi\u011fit ile G\u00fczelbah\u00e7e Belediye Ba\u015fkan\u0131 Mustafa G\u00fcnay taraf\u0131ndan takdim edildi.<\/p>\n<p>Organizasyon boyunca sporun birle\u015ftirici g\u00fcc\u00fc kadar, Onur G\u00fcnay\u2019\u0131n an\u0131s\u0131n\u0131 ya\u015fatma duygusu da \u00f6n plana \u00e7\u0131kt\u0131. Final t\u00f6reninde konu\u015fan G\u00fczelbah\u00e7e Belediye Ba\u015fkan\u0131 Mustafa G\u00fcnay, o\u011flunun ad\u0131n\u0131n Bal\u00e7ova\u2019da b\u00f6ylesine anlaml\u0131 bir organizasyonla ya\u015fat\u0131lmas\u0131n\u0131n kendileri i\u00e7in \u00e7ok k\u0131ymetli oldu\u011funu belirterek duygusal anlar ya\u015fad\u0131.<\/p>\n<p>Ba\u015fkan G\u00fcnay, \u201cO\u011flumuzun ad\u0131n\u0131 burada ya\u015fatan Yi\u011fit Ailesi\u2019ne ve Ba\u015fkan\u0131m\u0131z Onur Yi\u011fit\u2019e g\u00f6n\u00fclden te\u015fekk\u00fcr ediyorum. Bal\u00e7ova bizim i\u00e7in sadece bir il\u00e7e de\u011fil, b\u00fcy\u00fck bir aile. O\u011flum i\u00e7in bunu yapt\u0131\u011f\u0131n\u0131z i\u00e7in hepinize ayr\u0131 ayr\u0131 te\u015fekk\u00fcr ediyorum\u201d dedi.<\/p>\n<p>Bal\u00e7ova Belediye Ba\u015fkan\u0131 Onur Yi\u011fit ise konu\u015fmas\u0131nda turnuvan\u0131n yaln\u0131zca sportif bir organizasyon olmad\u0131\u011f\u0131n\u0131 vurgulad\u0131. Onur G\u00fcnay\u2019\u0131 \u201ckarde\u015fim\u201d diye anan Yi\u011fit, onun ad\u0131n\u0131n Bal\u00e7ova\u2019da ya\u015famaya devam edece\u011fini s\u00f6yledi.<\/p>\n<p>Ba\u015fkan Yi\u011fit, \u201cBu turnuvan\u0131n en \u00f6nemli taraf\u0131, \u00e7ok uzun y\u0131llard\u0131r tan\u0131d\u0131\u011f\u0131m karde\u015fim Onur G\u00fcnay\u2019\u0131n isminin burada ya\u015fat\u0131lmas\u0131yd\u0131. Bizim onu unuttu\u011fumuz hi\u00e7 olmad\u0131. Her zaman yan\u0131m\u0131zdaym\u0131\u015f gibi hissediyoruz. Bal\u00e7ova Belediyesi olarak sporun, k\u00fclt\u00fcr\u00fcn ve sosyal dayan\u0131\u015fman\u0131n i\u00e7inde olmaya devam edece\u011fiz\u201d ifadelerini kulland\u0131.<\/p>\n<p>Ekonomik zorluklara ra\u011fmen sosyal ve sportif faaliyetlerden geri ad\u0131m atmayacaklar\u0131n\u0131 da belirten Yi\u011fit, belediyecili\u011fin yaln\u0131zca temel hizmetlerden ibaret olmad\u0131\u011f\u0131n\u0131 s\u00f6yleyerek vatanda\u015flar\u0131n sosyal ya\u015fam\u0131na dokunan \u00e7al\u0131\u015fmalar\u0131n s\u00fcrece\u011fini ifade etti.<\/p>\n<p>\u0130ki g\u00fcn boyunca s\u00fcren turnuvada centilmence m\u00fccadele eden sporcular ve trib\u00fcnlerde olu\u015fan dayan\u0131\u015fma g\u00f6r\u00fcnt\u00fcleri, organizasyona damga vurdu. Final kar\u015f\u0131la\u015fmalar\u0131n\u0131n ard\u0131ndan d\u00fczenlenen \u00f6d\u00fcl t\u00f6reniyle birlikte turnuva alk\u0131\u015flar e\u015fli\u011finde sona\u00a0 erdi.<\/p>\n<p>Kaynak: (BYZHA) Beyaz Haber Ajans\u0131<\/p>\n","protected":false},"excerpt":{"rendered":"<p>Bal\u00e7ova Belediyesi taraf\u0131ndan d\u00fczenlenen \u201cOnur G\u00fcnay Karma Voleybol Turnuvas\u0131\u201d, iki g\u00fcn s\u00fcren b\u00fcy\u00fck heyecan\u0131n ard\u0131ndan final ma\u00e7lar\u0131 ve \u00f6d\u00fcl t\u00f6reniyle tamamland\u0131.<\/p>\n","protected":false},"author":1,"featured_media":13325,"comment_status":"open","ping_status":"open","sticky":false,"template":"","format":"standard","meta":{"footnotes":""},"categories":[24],"tags":[],"class_list":["post-13324","post","type-post","status-publish","format-standard","has-post-thumbnail","hentry","category-spor"],"_links":{"self":[{"href":"https:\/\/busondakika.com.tr\/index.php?rest_route=\/wp\/v2\/posts\/13324","targetHints":{"allow":["GET"]}}],"collection":[{"href":"https:\/\/busondakika.com.tr\/index.php?rest_route=\/wp\/v2\/posts"}],"about":[{"href":"https:\/\/busondakika.com.tr\/index.php?rest_route=\/wp\/v2\/types\/post"}],"author":[{"embeddable":true,"href":"https:\/\/busondakika.com.tr\/index.php?rest_route=\/wp\/v2\/users\/1"}],"replies":[{"embeddable":true,"href":"https:\/\/busondakika.com.tr\/index.php?rest_route=%2Fwp%2Fv2%2Fcomments&post=13324"}],"version-history":[{"count":1,"href":"https:\/\/busondakika.com.tr\/index.php?rest_route=\/wp\/v2\/posts\/13324\/revisions"}],"predecessor-version":[{"id":13326,"href":"https:\/\/busondakika.com.tr\/index.php?rest_route=\/wp\/v2\/posts\/13324\/revisions\/13326"}],"wp:featuredmedia":[{"embeddable":true,"href":"https:\/\/busondakika.com.tr\/index.php?rest_route=\/wp\/v2\/media\/13325"}],"wp:attachment":[{"href":"https:\/\/busondakika.com.tr\/index.php?rest_route=%2Fwp%2Fv2%2Fmedia&parent=13324"}],"wp:term":[{"taxonomy":"category","embeddable":true,"href":"https:\/\/busondakika.com.tr\/index.php?rest_route=%2Fwp%2Fv2%2Fcategories&post=13324"},{"taxonomy":"post_tag","embeddable":true,"href":"https:\/\/busondakika.com.tr\/index.php?rest_route=%2Fwp%2Fv2%2Ftags&post=13324"}],"curies":[{"name":"wp","href":"https:\/\/api.w.org\/{rel}","templated":true}]}}