{"id":13327,"date":"2026-04-27T07:53:03","date_gmt":"2026-04-27T07:53:03","guid":{"rendered":"https:\/\/busondakika.com.tr\/?p=13327"},"modified":"2026-04-27T07:53:04","modified_gmt":"2026-04-27T07:53:04","slug":"cumrada-temizlik-seferberligi-2-bin-176-yeni-konteyner-hizmete-sunuldu","status":"publish","type":"post","link":"https:\/\/busondakika.com.tr\/?p=13327","title":{"rendered":"\u00c7umra\u2019da Temizlik Seferberli\u011fi: 2 Bin 176 Yeni Konteyner Hizmete Sunuldu"},"content":{"rendered":"\n<p style=\"margin-bottom:13px\"><span style=\"font-size:11pt\"><span style=\"line-height:normal\"><span style=\"font-family:Calibri,sans-serif\"><b><span style=\"font-size:12.0pt\"><span style=\",serif\">\u00c7umra Belediye Ba\u015fkan\u0131 Mehmet Ayd\u0131n, il\u00e7enin temizlik altyap\u0131s\u0131n\u0131 g\u00fc\u00e7lendirmek ad\u0131na y\u00fcr\u00fct\u00fclen \u00e7al\u0131\u015fmalar kapsam\u0131nda toplam 2 bin 176 adet yeni \u00e7\u00f6p konteynerinin mahallelere da\u011f\u0131t\u0131ld\u0131\u011f\u0131n\u0131 a\u00e7\u0131klad\u0131. <\/span><\/span><\/b><\/span><\/span><\/span><\/p>\n<p style=\"margin-bottom:13px\"><span style=\"font-size:11pt\"><span style=\"line-height:normal\"><span style=\"font-family:Calibri,sans-serif\"><span style=\"font-size:12.0pt\"><span style=\",serif\">\u00c7umra Belediyesi, &#8220;Daha Temiz Bir \u00c7umra&#8221; hedefiyle y\u00fcr\u00fctt\u00fc\u011f\u00fc temizlik ve hijyen yat\u0131r\u0131mlar\u0131na h\u0131z kesmeden devam ediyor. S\u00fcrd\u00fcr\u00fclen planl\u0131 \u00e7al\u0131\u015fmalar do\u011frultusunda, il\u00e7e genelindeki \u00e7\u00f6p konteyneri kapasitesi modernize edilerek art\u0131r\u0131ld\u0131.<\/span><\/span><\/span><\/span><\/span><\/p>\n<p style=\"margin-bottom:13px\"><span style=\"font-size:11pt\"><span style=\"line-height:normal\"><span style=\"font-family:Calibri,sans-serif\"><b><span style=\"font-size:13.5pt\"><span style=\",serif\">Kademeli Art\u0131\u015fla Tam Kapasite Hizmet<\/span><\/span><\/b><\/span><\/span><\/span><\/p>\n<p style=\"margin-bottom:13px\"><span style=\"font-size:11pt\"><span style=\"line-height:normal\"><span style=\"font-family:Calibri,sans-serif\"><span style=\"font-size:12.0pt\"><span style=\",serif\">\u00c7umra Belediye Ba\u015fkan\u0131 Mehmet Ayd\u0131n taraf\u0131ndan payla\u015f\u0131lan verilere g\u00f6re, temizlik \u00e7al\u0131\u015fmalar\u0131nda verimlili\u011fi art\u0131rmak amac\u0131yla konteyner say\u0131lar\u0131 y\u0131llara g\u00f6re kademeli olarak y\u00fckseltildi. Yap\u0131lan planlama dahilinde; <b>2024 y\u0131l\u0131nda:<\/b> 466 adet, <b>2025 y\u0131l\u0131nda:<\/b> 710 adet, <b>2026 y\u0131l\u0131nda:<\/b> 1.000 adet olmak \u00fczere toplamda <b>2 bin 176 adet<\/b> yeni nesil \u00e7\u00f6p konteyneri mahalle sakinlerinin kullan\u0131m\u0131na sunuldu.<\/span><\/span><\/span><\/span><\/span><\/p>\n<p style=\"margin-bottom:13px\"><span style=\"font-size:11pt\"><span style=\"line-height:normal\"><span style=\"font-family:Calibri,sans-serif\"><b><span style=\"font-size:13.5pt\"><span style=\",serif\">21.7 Milyon TL\u2019lik Yat\u0131r\u0131m<\/span><\/span><\/b><\/span><\/span><\/span><\/p>\n<p style=\"margin-bottom:13px\"><span style=\"font-size:11pt\"><span style=\"line-height:normal\"><span style=\"font-family:Calibri,sans-serif\"><span style=\"font-size:12.0pt\"><span style=\",serif\">\u0130l\u00e7enin estetik g\u00f6r\u00fcn\u00fcm\u00fcn\u00fc korumak ve halk sa\u011fl\u0131\u011f\u0131n\u0131 g\u00fcvence alt\u0131na almak i\u00e7in ger\u00e7ekle\u015ftirilen bu yat\u0131r\u0131m\u0131n toplam maliyeti <b>21.760.000 TL<\/b> olarak a\u00e7\u0131kland\u0131. Ba\u015fkan Ayd\u0131n, bu yat\u0131r\u0131m\u0131n sadece bir ekipman yenilemesi de\u011fil, ayn\u0131 zamanda \u00c7umra\u2019n\u0131n gelecek vizyonuna yap\u0131lan bir &#8220;hijyen yat\u0131r\u0131m\u0131&#8221; oldu\u011funu vurgulad\u0131.<\/span><\/span><\/span><\/span><\/span><\/p>\n<p style=\"margin-bottom:13px\"><span style=\"font-size:11pt\"><span style=\"line-height:normal\"><span style=\"font-family:Calibri,sans-serif\"><b><span style=\"font-size:13.5pt\"><span style=\",serif\">&#8220;Taleplere H\u0131zl\u0131 ve Titiz \u00c7\u00f6z\u00fcm&#8221;<\/span><\/span><\/b><\/span><\/span><\/span><\/p>\n<p style=\"margin-bottom:13px\"><span style=\"font-size:11pt\"><span style=\"line-height:normal\"><span style=\"font-family:Calibri,sans-serif\"><span style=\"font-size:12.0pt\"><span style=\",serif\">Vatanda\u015flardan gelen taleplerin belediye birimlerince titizlikle analiz edildi\u011fini belirten Ba\u015fkan Mehmet Ayd\u0131n, konuya ili\u015fkin yapt\u0131\u011f\u0131 a\u00e7\u0131klamada \u015fu ifadelere yer verdi:<\/span><\/span><\/span><\/span><\/span><\/p>\n<p style=\"margin-bottom:13px\"><span style=\"font-size:11pt\"><span style=\"line-height:normal\"><span style=\"font-family:Calibri,sans-serif\"><span style=\"font-size:12.0pt\"><span style=\",serif\">&#8220;Hem\u015fehrilerimizin daha sa\u011fl\u0131kl\u0131 ve huzurlu bir ortamda ya\u015famas\u0131 en temel \u00f6nceli\u011fimizdir. Mahallelerimizin temizlik ve hijyen ihtiya\u00e7lar\u0131na en h\u0131zl\u0131 \u015fekilde cevap vermek ad\u0131na ekiplerimiz sahada gece g\u00fcnd\u00fcz \u00e7al\u0131\u015f\u0131yor. Amac\u0131m\u0131z; d\u00fczenli, tertemiz ve kirletilmeyen bir \u00c7umra\u2019da hep birlikte ya\u015famakt\u0131r.&#8221;<\/span><\/span><\/span><\/span><\/span><\/p>\n<p style=\"margin-bottom:13px\"><span style=\"font-size:11pt\"><span style=\"line-height:normal\"><span style=\"font-family:Calibri,sans-serif\"><b><span style=\"font-size:13.5pt\"><span style=\",serif\">S\u00fcrd\u00fcr\u00fclebilir \u00c7evre Y\u00f6netimi<\/span><\/span><\/b><\/span><\/span><\/span><\/p>\n<p style=\"margin-bottom:13px\"><span style=\"font-size:11pt\"><span style=\"line-height:normal\"><span style=\"font-family:Calibri,sans-serif\"><span style=\"font-size:12.0pt\"><span style=\",serif\">Yeni konteynerlerin da\u011f\u0131t\u0131m\u0131yla birlikte \u00e7\u00f6p toplama s\u00fcre\u00e7lerinin daha sistematik hale geldi\u011fi belirtilirken, \u00c7umra Belediyesi\u2019nin \u00e7evre kirlili\u011fiyle m\u00fccadele ve at\u0131k y\u00f6netimi konular\u0131ndaki projelerinin artarak devam edece\u011fi kaydedildi.<\/span><\/span><\/span><\/span><\/span><\/p>\n<p style=\"margin-bottom:13px\">\u00a0<\/p>\n<p style=\"margin-bottom:13px\">\u00a0<\/p>\n<p>Kaynak: (BYZHA) Beyaz Haber Ajans\u0131<\/p>\n","protected":false},"excerpt":{"rendered":"<p>\u00c7umra Belediye Ba\u015fkan\u0131 Mehmet Ayd\u0131n, il\u00e7enin temizlik altyap\u0131s\u0131n\u0131 g\u00fc\u00e7lendirmek ad\u0131na y\u00fcr\u00fct\u00fclen \u00e7al\u0131\u015fmalar kapsam\u0131nda toplam 2 bin 176 adet yeni \u00e7\u00f6p konteynerinin mahallelere da\u011f\u0131t\u0131ld\u0131\u011f\u0131n\u0131 a\u00e7\u0131klad\u0131.<\/p>\n","protected":false},"author":1,"featured_media":13328,"comment_status":"open","ping_status":"open","sticky":false,"template":"","format":"standard","meta":{"footnotes":""},"categories":[21],"tags":[],"class_list":["post-13327","post","type-post","status-publish","format-standard","has-post-thumbnail","hentry","category-gundem"],"_links":{"self":[{"href":"https:\/\/busondakika.com.tr\/index.php?rest_route=\/wp\/v2\/posts\/13327","targetHints":{"allow":["GET"]}}],"collection":[{"href":"https:\/\/busondakika.com.tr\/index.php?rest_route=\/wp\/v2\/posts"}],"about":[{"href":"https:\/\/busondakika.com.tr\/index.php?rest_route=\/wp\/v2\/types\/post"}],"author":[{"embeddable":true,"href":"https:\/\/busondakika.com.tr\/index.php?rest_route=\/wp\/v2\/users\/1"}],"replies":[{"embeddable":true,"href":"https:\/\/busondakika.com.tr\/index.php?rest_route=%2Fwp%2Fv2%2Fcomments&post=13327"}],"version-history":[{"count":1,"href":"https:\/\/busondakika.com.tr\/index.php?rest_route=\/wp\/v2\/posts\/13327\/revisions"}],"predecessor-version":[{"id":13329,"href":"https:\/\/busondakika.com.tr\/index.php?rest_route=\/wp\/v2\/posts\/13327\/revisions\/13329"}],"wp:featuredmedia":[{"embeddable":true,"href":"https:\/\/busondakika.com.tr\/index.php?rest_route=\/wp\/v2\/media\/13328"}],"wp:attachment":[{"href":"https:\/\/busondakika.com.tr\/index.php?rest_route=%2Fwp%2Fv2%2Fmedia&parent=13327"}],"wp:term":[{"taxonomy":"category","embeddable":true,"href":"https:\/\/busondakika.com.tr\/index.php?rest_route=%2Fwp%2Fv2%2Fcategories&post=13327"},{"taxonomy":"post_tag","embeddable":true,"href":"https:\/\/busondakika.com.tr\/index.php?rest_route=%2Fwp%2Fv2%2Ftags&post=13327"}],"curies":[{"name":"wp","href":"https:\/\/api.w.org\/{rel}","templated":true}]}}