{"id":13339,"date":"2026-04-27T08:06:31","date_gmt":"2026-04-27T08:06:31","guid":{"rendered":"https:\/\/busondakika.com.tr\/?p=13339"},"modified":"2026-04-27T08:06:32","modified_gmt":"2026-04-27T08:06:32","slug":"ayvalikta-uluslararasi-sanat-bulusmasi","status":"publish","type":"post","link":"https:\/\/busondakika.com.tr\/?p=13339","title":{"rendered":"Ayval\u0131k\u2019ta Uluslararas\u0131 Sanat Bulu\u015fmas\u0131"},"content":{"rendered":"<p> Bulgaristan\u2019\u0131n Shumen kentinden gelen heyet, Ayval\u0131k\u2019ta d\u00fczenlenen anlaml\u0131 bir sanat etkinli\u011finde a\u011f\u0131rland\u0131. Mesut Ergin, Shumen Belediye Ba\u015fkan\u0131 Hristo Hristov ile birlikte \u201cSava Dobroplodni\u201d Sanat Okulu \u00f6\u011frencilerinin sahne ald\u0131\u011f\u0131 \u201cS\u0131n\u0131r Tan\u0131mayan Sanat\u201d konserini Rauf Denkta\u015f K\u00fclt\u00fcr Merkezi\u2019nde izledi.<\/p>\n<p>Sanat\u0131n birle\u015ftirici g\u00fcc\u00fcne vurgu yapan Ba\u015fkan Ergin, etkinli\u011fin iki kent aras\u0131ndaki dostluk ili\u015fkilerine \u00f6nemli katk\u0131 sundu\u011funu belirtti. K\u00fclt\u00fcrel ve sosyal i\u015f birliklerinin \u015fehirlerin geli\u015fiminde \u00f6nemli rol oynad\u0131\u011f\u0131n\u0131 ifade eden Ergin, bu t\u00fcr organizasyonlar\u0131n kar\u015f\u0131l\u0131kl\u0131 anlay\u0131\u015f\u0131 ve dayan\u0131\u015fmay\u0131 g\u00fc\u00e7lendirdi\u011fini dile getirdi.<\/p>\n<p>Ayval\u0131k Belediyesi olarak uluslararas\u0131 ili\u015fkileri geli\u015ftirmeye b\u00fcy\u00fck \u00f6nem verdiklerini kaydeden Ergin, \u201cKarde\u015flik ba\u011flar\u0131m\u0131z\u0131 g\u00fc\u00e7lendirmek, k\u00fclt\u00fcrel ve sosyal i\u015f birliklerimizi art\u0131rmak kentlerimize de\u011fer katacakt\u0131r. Ayval\u0131k\u2019\u0131n dostluk k\u00f6pr\u00fclerini b\u00fcy\u00fctmeye ve uluslararas\u0131 ili\u015fkilerini g\u00fc\u00e7lendirmeye devam edece\u011fiz\u201d dedi<\/p>\n<p>Kaynak: (BYZHA) Beyaz Haber Ajans\u0131<\/p>\n","protected":false},"excerpt":{"rendered":"<p>Bulgaristan\u2019\u0131n Shumen kentinden gelen heyet, Ayval\u0131k\u2019ta d\u00fczenlenen anlaml\u0131 bir sanat etkinli\u011finde a\u011f\u0131rland\u0131.<\/p>\n","protected":false},"author":1,"featured_media":13340,"comment_status":"open","ping_status":"open","sticky":false,"template":"","format":"standard","meta":{"footnotes":""},"categories":[20],"tags":[],"class_list":["post-13339","post","type-post","status-publish","format-standard","has-post-thumbnail","hentry","category-kultur-sanat"],"_links":{"self":[{"href":"https:\/\/busondakika.com.tr\/index.php?rest_route=\/wp\/v2\/posts\/13339","targetHints":{"allow":["GET"]}}],"collection":[{"href":"https:\/\/busondakika.com.tr\/index.php?rest_route=\/wp\/v2\/posts"}],"about":[{"href":"https:\/\/busondakika.com.tr\/index.php?rest_route=\/wp\/v2\/types\/post"}],"author":[{"embeddable":true,"href":"https:\/\/busondakika.com.tr\/index.php?rest_route=\/wp\/v2\/users\/1"}],"replies":[{"embeddable":true,"href":"https:\/\/busondakika.com.tr\/index.php?rest_route=%2Fwp%2Fv2%2Fcomments&post=13339"}],"version-history":[{"count":1,"href":"https:\/\/busondakika.com.tr\/index.php?rest_route=\/wp\/v2\/posts\/13339\/revisions"}],"predecessor-version":[{"id":13341,"href":"https:\/\/busondakika.com.tr\/index.php?rest_route=\/wp\/v2\/posts\/13339\/revisions\/13341"}],"wp:featuredmedia":[{"embeddable":true,"href":"https:\/\/busondakika.com.tr\/index.php?rest_route=\/wp\/v2\/media\/13340"}],"wp:attachment":[{"href":"https:\/\/busondakika.com.tr\/index.php?rest_route=%2Fwp%2Fv2%2Fmedia&parent=13339"}],"wp:term":[{"taxonomy":"category","embeddable":true,"href":"https:\/\/busondakika.com.tr\/index.php?rest_route=%2Fwp%2Fv2%2Fcategories&post=13339"},{"taxonomy":"post_tag","embeddable":true,"href":"https:\/\/busondakika.com.tr\/index.php?rest_route=%2Fwp%2Fv2%2Ftags&post=13339"}],"curies":[{"name":"wp","href":"https:\/\/api.w.org\/{rel}","templated":true}]}}