{"id":13345,"date":"2026-04-27T08:06:33","date_gmt":"2026-04-27T08:06:33","guid":{"rendered":"https:\/\/busondakika.com.tr\/?p=13345"},"modified":"2026-04-27T08:06:34","modified_gmt":"2026-04-27T08:06:34","slug":"inegolde-23-nisan-coskusu-hafta-sonu-da-devam-etti","status":"publish","type":"post","link":"https:\/\/busondakika.com.tr\/?p=13345","title":{"rendered":"\u0130neg\u00f6l\u2019de 23 Nisan Co\u015fkusu Hafta Sonu Da Devam Etti"},"content":{"rendered":"<p> \u0130neg\u00f6l Belediyesi\u2019nin 23 Nisan Ulusal Egemenlik ve \u00c7ocuk Bayram\u0131 kapsam\u0131nda Pazar g\u00fcn\u00fc d\u00fczenledi\u011fi 23 Nisan \u00c7ocuk \u015eenli\u011fi, g\u00fcn boyu renkli g\u00f6r\u00fcnt\u00fclere ve b\u00fcy\u00fck bir co\u015fkuya sahne oldu. 7\u2019den 77\u2019ye binlerce \u0130neg\u00f6ll\u00fc \u015fenlik alan\u0131na adeta ak\u0131n etti.<\/p>\n<p>\u0130neg\u00f6l\u2019de 23 Nisan Ulusal Egemenlik ve \u00c7ocuk Bayram\u0131 co\u015fkusu hafta sonu da devam etti. \u0130neg\u00f6l Belediyesi\u2019nin havan\u0131n ya\u011f\u0131\u015fl\u0131 olmas\u0131 nedeniyle Pazar g\u00fcn\u00fcne erteledi\u011fi \u00c7ocuk \u015eenli\u011fi, g\u00fcne\u015fli havada yo\u011fun kat\u0131l\u0131m ve b\u00fcy\u00fck bir co\u015fkuyla ger\u00e7ekle\u015ftirildi. G\u00fcn boyu binlerce \u00e7ocuk \u015fenlik alan\u0131nda unutulmaz anlar ya\u015fad\u0131. T\u00fcrkiye B\u00fcy\u00fck Millet Meclisi\u2019nin a\u00e7\u0131l\u0131\u015f\u0131n\u0131n 106. Y\u0131l d\u00f6n\u00fcm\u00fc ve Gazi Mustafa Kemal Atat\u00fcrk\u2019\u00fcn t\u00fcm d\u00fcnya \u00e7ocuklar\u0131na arma\u011fan etti\u011fi 23 Nisan Ulusal Egemenlik ve \u00c7ocuk Bayram\u0131 kapsam\u0131nda d\u00fczenlenen \u0130neg\u00f6l Belediyesi \u00c7ocuk \u015eenli\u011fi, sadece \u00e7ocuklar de\u011fil yeti\u015fkinler i\u00e7in de \u00f6zel bir etkinli\u011fe d\u00f6n\u00fc\u015ft\u00fc.<\/p>\n<p>G\u00dcN BOYU B\u0130TMEYEN E\u011eLENCE<br \/>\u0130neg\u00f6l Belediyesi \u00c7ocuk \u015eenli\u011fi, 13.00 itibariyle D\u00f6rt\u00e7elik Mesleki ve Teknik Anadolu Lisesi bah\u00e7esinde olu\u015fturulan alanda ba\u015flad\u0131. \u015eenlik alan\u0131nda olu\u015fturulan \u00e7ocuk sanat at\u00f6lyeleri stantlar\u0131 ile \u00e7e\u015fitli etkinlikler yap\u0131l\u0131rken, sahne g\u00f6sterileriyle \u00e7ocuklar keyifli anlar ya\u015fad\u0131. Alan\u0131n en \u00e7ok ra\u011fbet g\u00f6ren etkinliklerinden biri de d\u00f6ner sal\u0131ncak oldu. Trambolinde g\u00f6n\u00fcllerince e\u011flenen \u00e7ocuklar, balon park oyun alanlar\u0131nda da co\u015fkuyla e\u011flendiler. \u015eenlik alan\u0131nda ayr\u0131ca \u0130neg\u00f6l Belediyespor taraf\u0131ndan spor alanlar\u0131 kuruldu. \u00c7ocuklar badminton, voleybol, basketbol, ok\u00e7uluk gibi bran\u015flar\u0131 deneyimleme f\u0131rsat\u0131 buldu. \u00c7ocuk \u015eenli\u011fi, \u0130neg\u00f6l Belediyesi\u2019nin hediyeleri ve ikramlar\u0131yla da s\u00fcslendi. Etkinlikler ak\u015fam 19.00\u2019a kadar devam etti.<\/p>\n<p>HEM \u00c7OCUKLAR HEM A\u0130LELER\u0130 E\u011eLEND\u0130<br \/>\u00c7ocuk \u015eenli\u011fi alan\u0131nda \u00e7ocuklarla birlikte aileler de unutulmaz bir g\u00fcn ya\u015fad\u0131. G\u00fcn boyu binlerce \u00e7ocu\u011fun ailesiyle beraber ziyaret etti\u011fi alanda 7\u2019den 77\u2019ye herkes g\u00fcne\u015fli havan\u0131n tad\u0131n\u0131 \u00e7\u0131kard\u0131. \u0130neg\u00f6l Belediye Ba\u015fkan Yard\u0131mc\u0131s\u0131 Emin D\u00fcndar da \u015fenlik alan\u0131n\u0131 ziyaret ederek stantlar\u0131 gezdi.<\/p>\n<p>\u00a0<\/p>\n<p>Kaynak: (BYZHA) Beyaz Haber Ajans\u0131<\/p>\n","protected":false},"excerpt":{"rendered":"<p>\u0130neg\u00f6l Belediyesi\u2019nin 23 Nisan Ulusal Egemenlik ve \u00c7ocuk Bayram\u0131 kapsam\u0131nda Pazar g\u00fcn\u00fc d\u00fczenledi\u011fi 23 Nisan \u00c7ocuk \u015eenli\u011fi, g\u00fcn boyu renkli g\u00f6r\u00fcnt\u00fclere ve b\u00fcy\u00fck bir co\u015fkuya sahne oldu.<\/p>\n","protected":false},"author":1,"featured_media":13346,"comment_status":"open","ping_status":"open","sticky":false,"template":"","format":"standard","meta":{"footnotes":""},"categories":[20],"tags":[],"class_list":["post-13345","post","type-post","status-publish","format-standard","has-post-thumbnail","hentry","category-kultur-sanat"],"_links":{"self":[{"href":"https:\/\/busondakika.com.tr\/index.php?rest_route=\/wp\/v2\/posts\/13345","targetHints":{"allow":["GET"]}}],"collection":[{"href":"https:\/\/busondakika.com.tr\/index.php?rest_route=\/wp\/v2\/posts"}],"about":[{"href":"https:\/\/busondakika.com.tr\/index.php?rest_route=\/wp\/v2\/types\/post"}],"author":[{"embeddable":true,"href":"https:\/\/busondakika.com.tr\/index.php?rest_route=\/wp\/v2\/users\/1"}],"replies":[{"embeddable":true,"href":"https:\/\/busondakika.com.tr\/index.php?rest_route=%2Fwp%2Fv2%2Fcomments&post=13345"}],"version-history":[{"count":1,"href":"https:\/\/busondakika.com.tr\/index.php?rest_route=\/wp\/v2\/posts\/13345\/revisions"}],"predecessor-version":[{"id":13347,"href":"https:\/\/busondakika.com.tr\/index.php?rest_route=\/wp\/v2\/posts\/13345\/revisions\/13347"}],"wp:featuredmedia":[{"embeddable":true,"href":"https:\/\/busondakika.com.tr\/index.php?rest_route=\/wp\/v2\/media\/13346"}],"wp:attachment":[{"href":"https:\/\/busondakika.com.tr\/index.php?rest_route=%2Fwp%2Fv2%2Fmedia&parent=13345"}],"wp:term":[{"taxonomy":"category","embeddable":true,"href":"https:\/\/busondakika.com.tr\/index.php?rest_route=%2Fwp%2Fv2%2Fcategories&post=13345"},{"taxonomy":"post_tag","embeddable":true,"href":"https:\/\/busondakika.com.tr\/index.php?rest_route=%2Fwp%2Fv2%2Ftags&post=13345"}],"curies":[{"name":"wp","href":"https:\/\/api.w.org\/{rel}","templated":true}]}}