{"id":13351,"date":"2026-04-27T08:10:25","date_gmt":"2026-04-27T08:10:25","guid":{"rendered":"https:\/\/busondakika.com.tr\/?p=13351"},"modified":"2026-04-27T08:10:26","modified_gmt":"2026-04-27T08:10:26","slug":"buyuksehirden-yat-limaninda-deniz-dip-temizligi","status":"publish","type":"post","link":"https:\/\/busondakika.com.tr\/?p=13351","title":{"rendered":"B\u00fcy\u00fck\u015fehir\u2019den Yat Liman\u0131\u2019nda deniz dip temizli\u011fi"},"content":{"rendered":"<p> \u00a0<\/p>\n<p><span style=\"font-size:12pt\"><span style=\"font-family:Cambria,serif\"><span style=\",serif\">Antalya B\u00fcy\u00fck\u015fehir Belediyesi, yaz aylar\u0131na say\u0131l\u0131 g\u00fcnler kala deniz temizli\u011finde fark\u0131ndal\u0131k olu\u015fturmak amac\u0131yla Sivil Toplum Kurulu\u015flar\u0131 ve g\u00f6n\u00fcll\u00fc dalg\u0131\u00e7larla Kalei\u00e7i Yat Liman\u0131\u2019nda deniz dip temizli\u011fi yapt\u0131. Bir saatlik dal\u0131\u015fta denizden \u00e7\u0131kan \u00e7\u00f6pler g\u00f6renleri \u015fa\u015fk\u0131na \u00e7evirdi. Yakla\u015f\u0131k 5 ton \u00e7\u00f6p \u00e7\u0131kart\u0131l\u0131rken, denizin dibinden ara\u00e7 lasti\u011fi, demir par\u00e7alar\u0131 ve teneke \u015fi\u015felere kadar bir\u00e7ok \u00e7\u00f6p at\u0131\u011f\u0131 \u00e7\u0131kt\u0131. <\/span><\/span><\/span><\/p>\n<p><span style=\"font-size:12pt\"><span style=\"font-family:Cambria,serif\"><span style=\",serif\">Antalya B\u00fcy\u00fck\u015fehir Belediyesi \u00f6nc\u00fcl\u00fc\u011f\u00fcnde Konyaalt\u0131 Belediyesi, Antalya Konyaalt\u0131 Sualt\u0131 Sporlar\u0131 Kul\u00fcb\u00fc, QTerminals, Akdeniz Yunus Dal\u0131\u015f, Neta Cankurtaran, Vertical Diving Deep Walker Diving, Denizcilik Platformu gibi \u00e7e\u015fitli STK\u2019lar ve vatanda\u015flar\u0131n kat\u0131l\u0131m\u0131yla Kalei\u00e7i yat liman\u0131nda \u201cMavi Akdeniz\u201d slogan\u0131yla deniz ve k\u0131y\u0131 temizli\u011fi etkinli\u011fi d\u00fczenlendi.<\/span><\/span><\/span><\/p>\n<p><span style=\"font-size:12pt\"><span style=\"font-family:Cambria,serif\"><span style=\",serif\"><span style=\"color:black\">Kalei\u00e7i Yat Liman\u0131\u2019nda ger\u00e7ekle\u015ftirilen dal\u0131\u015f etkinli\u011finde 30 dalg\u0131\u00e7 bir saat deniz dip temizli\u011fi yapt\u0131. Bir saatlik dal\u0131\u015fta, dalg\u0131\u00e7lar\u0131n denizin dibinden \u00e7\u0131kartt\u0131\u011f\u0131 \u00e7\u00f6pler g\u00f6renleri \u015fa\u015fk\u0131na \u00e7evirdi. Yat Liman\u0131\u2019nda yap\u0131lan temizlikte ara\u00e7 lasti\u011finden, demire, teneke \u015fi\u015felere kadar bir\u00e7ok at\u0131k \u00e7\u0131kart\u0131ld\u0131. <\/span><\/span><\/span><\/span><\/p>\n<p><span style=\"font-size:12pt\"><span style=\"font-family:Cambria,serif\"><span style=\",serif\"><span style=\"color:black\">FARKINDALIK OLU\u015eTURMAK \u0130STED\u0130K<\/span><\/span><\/span><\/span><\/p>\n<p><span style=\"font-size:12pt\"><span style=\"font-family:Cambria,serif\"><span style=\",serif\"><span style=\"color:black\">Antalya B\u00fcy\u00fck\u015fehir Belediyesi Deniz ve K\u0131y\u0131 Y\u00f6netimi \u015eube M\u00fcd\u00fcr\u00fc Dr. Mustafa Y\u0131ld\u0131r\u0131m, bu \u00e7al\u0131\u015fmay\u0131 yaz sezonu \u00f6ncesinde d\u00f6rt noktada ger\u00e7ekle\u015ftireceklerini belirterek, \u201cBu ikinci dal\u0131\u015f etkinli\u011fimiz. \u0130lkini Konyaalt\u0131 Sahili\u2019nden ba\u015flatt\u0131k. Dalg\u0131\u00e7lar\u0131m\u0131z k\u0131sa s\u00fcrede denizden \u00f6nemli miktarda \u00e7\u00f6p \u00e7\u0131kartt\u0131. Bu etkinli\u011fi \u2018Mavi Deniz Akdeniz\u2019 slogan\u0131yla y\u00fcr\u00fct\u00fcyoruz. Deniz \u00e7\u00f6pleri eninde sonunda denize ula\u015f\u0131yor ve bu durum ya\u015fam alanlar\u0131m\u0131z\u0131 olumsuz etkiliyor. Amac\u0131m\u0131z fark\u0131ndal\u0131\u011f\u0131 art\u0131rmak. Vatanda\u015flar\u0131m\u0131z\u0131n denizlerimize kar\u015f\u0131 daha duyarl\u0131 olmas\u0131n\u0131 istiyoruz\u201d dedi. <\/span><\/span><\/span><\/span><\/p>\n<p><span style=\"font-size:12pt\"><span style=\"font-family:Cambria,serif\"><span style=\",serif\"><span style=\"color:black\">QTerminals Sa\u011fl\u0131k Emniyet ve Kalite M\u00fcd\u00fcr\u00fc Mehmet Sava\u015f Aky\u00fcrek ise STK\u2019lar olarak bu faaliyetin payda\u015flar\u0131 olmaktan memnuniyet duyduklar\u0131n\u0131 belirterek, B\u00fcy\u00fck\u015fehir Belediyesi\u2019ne te\u015fekk\u00fcr etti. <\/span><\/span><\/span><\/span><\/p>\n<p>\u00a0<br \/>Kaynak: (BYZHA) Beyaz Haber Ajans\u0131<\/p><\/p>\n","protected":false},"excerpt":{"rendered":"<p>\u00a0    Antalya B\u00fcy\u00fck\u015fehir Belediyesi, yaz aylar\u0131na say\u0131l\u0131 g\u00fcnler kala deniz temizli\u011finde fark\u0131ndal\u0131k olu\u015fturmak amac\u0131yla Sivil Toplum Kurulu\u015flar\u0131 ve g\u00f6n\u00fcll\u00fc dalg\u0131\u00e7larla Kalei\u00e7i Yat Liman\u0131\u2019nda deniz dip temizli\u011fi yapt\u0131.<\/p>\n","protected":false},"author":1,"featured_media":13352,"comment_status":"open","ping_status":"open","sticky":false,"template":"","format":"standard","meta":{"footnotes":""},"categories":[21],"tags":[],"class_list":["post-13351","post","type-post","status-publish","format-standard","has-post-thumbnail","hentry","category-gundem"],"_links":{"self":[{"href":"https:\/\/busondakika.com.tr\/index.php?rest_route=\/wp\/v2\/posts\/13351","targetHints":{"allow":["GET"]}}],"collection":[{"href":"https:\/\/busondakika.com.tr\/index.php?rest_route=\/wp\/v2\/posts"}],"about":[{"href":"https:\/\/busondakika.com.tr\/index.php?rest_route=\/wp\/v2\/types\/post"}],"author":[{"embeddable":true,"href":"https:\/\/busondakika.com.tr\/index.php?rest_route=\/wp\/v2\/users\/1"}],"replies":[{"embeddable":true,"href":"https:\/\/busondakika.com.tr\/index.php?rest_route=%2Fwp%2Fv2%2Fcomments&post=13351"}],"version-history":[{"count":1,"href":"https:\/\/busondakika.com.tr\/index.php?rest_route=\/wp\/v2\/posts\/13351\/revisions"}],"predecessor-version":[{"id":13353,"href":"https:\/\/busondakika.com.tr\/index.php?rest_route=\/wp\/v2\/posts\/13351\/revisions\/13353"}],"wp:featuredmedia":[{"embeddable":true,"href":"https:\/\/busondakika.com.tr\/index.php?rest_route=\/wp\/v2\/media\/13352"}],"wp:attachment":[{"href":"https:\/\/busondakika.com.tr\/index.php?rest_route=%2Fwp%2Fv2%2Fmedia&parent=13351"}],"wp:term":[{"taxonomy":"category","embeddable":true,"href":"https:\/\/busondakika.com.tr\/index.php?rest_route=%2Fwp%2Fv2%2Fcategories&post=13351"},{"taxonomy":"post_tag","embeddable":true,"href":"https:\/\/busondakika.com.tr\/index.php?rest_route=%2Fwp%2Fv2%2Ftags&post=13351"}],"curies":[{"name":"wp","href":"https:\/\/api.w.org\/{rel}","templated":true}]}}