{"id":13357,"date":"2026-04-27T08:10:33","date_gmt":"2026-04-27T08:10:33","guid":{"rendered":"https:\/\/busondakika.com.tr\/?p=13357"},"modified":"2026-04-27T08:10:34","modified_gmt":"2026-04-27T08:10:34","slug":"kandira-belediyesinden-buyuk-aile-bulusmasi","status":"publish","type":"post","link":"https:\/\/busondakika.com.tr\/?p=13357","title":{"rendered":"Kand\u0131ra Belediyesi\u2019nden B\u00fcy\u00fck Aile Bulu\u015fmas\u0131"},"content":{"rendered":"<p> <span style=\"font-size:12pt\"><span style=\",serif\"><span style=\"font-size:14.0pt\">Kand\u0131ra Belediyesi<\/span><span style=\"font-size:14.0pt\">, personeline y\u00f6nelik sosyal etkinliklerine bir yenisini daha ekledi. <\/span><\/span><\/span><\/p>\n<p><span style=\"font-size:12pt\"><span style=\",serif\"><span style=\"font-size:14.0pt\">26 Nisan Pazar g\u00fcn\u00fc Seyrek Mesire Alan\u0131\u2019nda d\u00fczenlenen ve saat 12.30\u2019da ba\u015flayan \u201cPersonel Aile Pikni\u011fi\u201d, yo\u011fun kat\u0131l\u0131mla ger\u00e7ekle\u015ftirildi.<\/span><\/span><\/span><\/p>\n<p><span style=\"font-size:12pt\"><span style=\",serif\"><span style=\"font-size:14.0pt\">Belediye personeli, e\u015fleri ve \u00e7ocuklar\u0131n\u0131n bir araya geldi\u011fi etkinlikte do\u011fayla i\u00e7 i\u00e7e keyifli bir g\u00fcn ya\u015fand\u0131. G\u00fcn boyunca d\u00fczenlenen animasyon etkinlikleri ve kurulan \u00e7ocuk oyun alanlar\u0131nda minikler g\u00f6n\u00fcllerince e\u011flenirken, aileler de do\u011fa harikas\u0131 Seyrek Palamar Mesire Alan\u0131\u2019nda dinlenme ve sosyalle\u015fme imk\u00e2n\u0131 buldu. Renkli g\u00f6r\u00fcnt\u00fclere sahne olan piknikte, \u00e7e\u015fitli etkinlikler ve ikramlarla kat\u0131l\u0131mc\u0131lara unutulmaz bir g\u00fcn ya\u015fat\u0131ld\u0131.<\/span><\/span><\/span><\/p>\n<p><span style=\"font-size:12pt\"><span style=\",serif\"><span style=\"font-size:14.0pt\">Kahvalt\u0131 ile ba\u015flayan programda kat\u0131l\u0131mc\u0131lara geni\u015f bir ikram yelpazesi sunuldu. G\u00fcn\u00fcn ilk saatlerinde yap\u0131lan kahvalt\u0131n\u0131n ard\u0131ndan, etkinlik boyunca mangal ikram\u0131 devam ederken; meyve ve kuruyemi\u015f \u00e7e\u015fitleri de misafirlere sunuldu. Her ya\u015ftan kat\u0131l\u0131mc\u0131ya hitap eden bu ikramlar, piknik atmosferine ayr\u0131 bir keyif katt\u0131.<\/span><\/span><\/span><\/p>\n<p><span style=\"font-size:12pt\"><span style=\",serif\"><span style=\"font-size:14.0pt\">Etkinlikte konu\u015fan Kand\u0131ra Belediye Ba\u015fkan\u0131 Erol \u00d6lmez, bu t\u00fcr organizasyonlar\u0131n kurum i\u00e7i dayan\u0131\u015fmay\u0131 g\u00fc\u00e7lendirdi\u011fine dikkat \u00e7ekti. Ba\u015fkan \u00d6lmez, \u201cAilelerimiz ve \u00e7ocuklar\u0131m\u0131zla bir araya geldi\u011fimiz bu g\u00fczel etkinlikte birlik ve beraberli\u011fimizi peki\u015ftiriyoruz. Belediyemiz b\u00fcy\u00fck bir aile ve bu ailenin her ferdinin mutlu olmas\u0131 bizim i\u00e7in \u00e7ok k\u0131ymetli. Bu t\u00fcr sosyal etkinlikleri art\u0131rarak s\u00fcrd\u00fcrmeye devam edece\u011fiz. Etkinli\u011fi tertip eden arkada\u015flar\u0131m\u0131za te\u015fekk\u00fcr ediyorum.\u201d ifadelerini kulland\u0131.<\/span><\/span><\/span><\/p>\n<p><span style=\"font-size:12pt\"><span style=\",serif\"><span style=\"font-size:14.0pt\">Kat\u0131l\u0131mc\u0131lar ise d\u00fczenlenen organizasyondan duyduklar\u0131 memnuniyeti dile getirerek Kand\u0131ra Belediyesi\u2019ne te\u015fekk\u00fcr etti. G\u00fcn boyu s\u00fcren etkinlik, hat\u0131ra foto\u011fraflar\u0131n\u0131n \u00e7ekilmesiyle sona erdi.<\/span><\/span><\/span><\/p>\n<p>\u00a0<\/p>\n<p>\u00a0<\/p>\n<p>Kaynak: (BYZHA) Beyaz Haber Ajans\u0131<\/p>\n","protected":false},"excerpt":{"rendered":"<p>Kand\u0131ra Belediyesi, personeline y\u00f6nelik sosyal etkinliklerine bir yenisini daha ekledi.<\/p>\n","protected":false},"author":1,"featured_media":13358,"comment_status":"open","ping_status":"open","sticky":false,"template":"","format":"standard","meta":{"footnotes":""},"categories":[20],"tags":[],"class_list":["post-13357","post","type-post","status-publish","format-standard","has-post-thumbnail","hentry","category-kultur-sanat"],"_links":{"self":[{"href":"https:\/\/busondakika.com.tr\/index.php?rest_route=\/wp\/v2\/posts\/13357","targetHints":{"allow":["GET"]}}],"collection":[{"href":"https:\/\/busondakika.com.tr\/index.php?rest_route=\/wp\/v2\/posts"}],"about":[{"href":"https:\/\/busondakika.com.tr\/index.php?rest_route=\/wp\/v2\/types\/post"}],"author":[{"embeddable":true,"href":"https:\/\/busondakika.com.tr\/index.php?rest_route=\/wp\/v2\/users\/1"}],"replies":[{"embeddable":true,"href":"https:\/\/busondakika.com.tr\/index.php?rest_route=%2Fwp%2Fv2%2Fcomments&post=13357"}],"version-history":[{"count":1,"href":"https:\/\/busondakika.com.tr\/index.php?rest_route=\/wp\/v2\/posts\/13357\/revisions"}],"predecessor-version":[{"id":13359,"href":"https:\/\/busondakika.com.tr\/index.php?rest_route=\/wp\/v2\/posts\/13357\/revisions\/13359"}],"wp:featuredmedia":[{"embeddable":true,"href":"https:\/\/busondakika.com.tr\/index.php?rest_route=\/wp\/v2\/media\/13358"}],"wp:attachment":[{"href":"https:\/\/busondakika.com.tr\/index.php?rest_route=%2Fwp%2Fv2%2Fmedia&parent=13357"}],"wp:term":[{"taxonomy":"category","embeddable":true,"href":"https:\/\/busondakika.com.tr\/index.php?rest_route=%2Fwp%2Fv2%2Fcategories&post=13357"},{"taxonomy":"post_tag","embeddable":true,"href":"https:\/\/busondakika.com.tr\/index.php?rest_route=%2Fwp%2Fv2%2Ftags&post=13357"}],"curies":[{"name":"wp","href":"https:\/\/api.w.org\/{rel}","templated":true}]}}