{"id":13363,"date":"2026-04-27T08:18:01","date_gmt":"2026-04-27T08:18:01","guid":{"rendered":"https:\/\/busondakika.com.tr\/?p=13363"},"modified":"2026-04-27T08:18:02","modified_gmt":"2026-04-27T08:18:02","slug":"yapay-zeka-dunyasinin-en-prestijli-topluluguna-turkiyeden-bir-isim-prof-dr-erdal-panayirci","status":"publish","type":"post","link":"https:\/\/busondakika.com.tr\/?p=13363","title":{"rendered":"Yapay Zek\u00e2 D\u00fcnyas\u0131n\u0131n En Prestijli Toplulu\u011funa T\u00fcrkiye\u2019den Bir \u0130sim: Prof. Dr. Erdal Panay\u0131rc\u0131"},"content":{"rendered":"<p> D\u00fcnya bilim camias\u0131n\u0131n en sayg\u0131n duraklar\u0131ndan biri olan Uluslararas\u0131 Yapay Zek\u00e2 Bilimleri Akademisi (AAIS), bu y\u0131l kap\u0131lar\u0131n\u0131 T\u00fcrkiye\u2019den \u00e7ok \u00f6zel bir isim i\u00e7in a\u00e7t\u0131.\u00a0<strong>Kadir Has \u00dcniversitesi M\u00fchendislik ve Do\u011fa Bilimleri Fak\u00fcltesi\u2019nin duayen hocalar\u0131ndan Emerit\u00fcs Prof. Dr. Erdal Panay\u0131rc\u0131<\/strong>, akademinin en \u00fcst d\u00fczey yetkinlik g\u00f6stergesi olan \u201cFellow\u201d \u00fcyeli\u011fine se\u00e7ildi.<\/p>\n<p>Bu unvan, sadece akademik bir ba\u015far\u0131y\u0131 de\u011fil, ayn\u0131 zamanda yapay zek\u00e2 biliminin gelece\u011fine y\u00f6n veren s\u0131n\u0131rl\u0131 bir elit toplulu\u011fun par\u00e7as\u0131 olmay\u0131 temsil ediyor. Nobel ve Turing \u00f6d\u00fcll\u00fc bilim insanlar\u0131n\u0131n yer ald\u0131\u011f\u0131, 250 bin \u00fcyeli bu devasa akademide \u201cFellow\u201d stat\u00fcs\u00fcne sahip sadece 2 bin 435 isim bulunuyor. Akademi, Panay\u0131rc\u0131\u2019n\u0131n bu \u00fcyeli\u011fe se\u00e7ilme nedenini ise tek bir c\u00fcmleyle \u00f6zetliyor: \u201cAlan\u0131ndaki ola\u011fan\u00fcst\u00fc ba\u015far\u0131lar\u0131 ve tart\u0131\u015f\u0131lmaz yetkinli\u011fi.\u201d<\/p>\n<p><strong>2030\u2019un D\u00fcnyas\u0131n\u0131 \u0130n\u015fa Ediyor<\/strong><\/p>\n<p>Prof. Dr. Panay\u0131rc\u0131, bug\u00fcnlerde sadece teorik \u00e7al\u0131\u015fmalarla de\u011fil, do\u011frudan hayat\u0131m\u0131za dokunacak iki dev projeyle g\u00fcndemde. Bunlardan ilki, 2030\u2019lu y\u0131llarda ileti\u015fim kurma bi\u00e7imimizi tamamen de\u011fi\u015ftirecek olan 6G teknolojisi. T\u00dcB\u0130TAK ve Amerikan Ulusal Ara\u015ft\u0131rma Kurulu\u015fu (NSF) ortakl\u0131\u011f\u0131yla y\u00fcr\u00fct\u00fclen bu projeyi Panay\u0131rc\u0131, \u015fu s\u00f6zlerle anlat\u0131yor: \u201c<em>T\u00dcB\u0130TAK-USA NSF projesi, Alt\u0131nc\u0131 Nesil (6G) ileti\u015fim sistemleri i\u00e7inde yeni geli\u015ftirilen \u2018ISAC teknolojisiyle\u2019 ilgilidir. 2030\u2019larda ya\u015fant\u0131m\u0131za girecek olan 6G\u2019de, robotlar ve ara\u00e7lar da dahil olmak \u00fczere ak\u0131ll\u0131 ve otonom siber-fiziksel sistemlerin birbirine h\u0131zl\u0131 bi\u00e7imde ba\u011flanmas\u0131 ama\u00e7lanmaktad\u0131r. Bu kapsamda, ileti\u015fimden radyo astronomisine kadar t\u00fcm kablosuz teknolojileri tek bir g\u00fcvenli noktada birle\u015ftirecek olan \u2018ISAC\u2019 \u00fczerine t\u00fcm d\u00fcnyada \u00e7ok yo\u011fun bir ARGE s\u00fcreci i\u015fliyor.\u201d<\/em><\/p>\n<p><strong>Depremlerde \u0130leti\u015fim Kesilmeyecek<\/strong><\/p>\n<p>Hocan\u0131n bir di\u011fer odak noktas\u0131 ise T\u00fcrkiye ve \u00c7in gibi deprem riski y\u00fcksek \u00fclkeler i\u00e7in hayati \u00f6nem ta\u015f\u0131yan bir teknoloji. \u0130nsans\u0131z Hava Ara\u00e7lar\u0131\u2019n\u0131n (\u0130HA) afet an\u0131nda birer baz istasyonuna d\u00f6n\u00fc\u015fmesini hedefleyen bu projeyi ise \u015f\u00f6yle detayland\u0131r\u0131yor:\u00a0<em>\u201cT\u00dcB\u0130TAK-\u00c7\u0130N NSF projesiyle, afet b\u00f6lgelerinde \u2018Entegre Afet Bilgi Y\u00f6netim Sistemi\u2019 i\u00e7in \u0130HA yard\u0131m\u0131yla acil durum ileti\u015fim a\u011flar\u0131 tasarl\u0131yoruz. \u0130HA\u2019lar\u0131n birer hava ileti\u015fim platformu olarak kullan\u0131lmas\u0131; deprem an\u0131nda erken uyar\u0131, arama kurtarma ve kesintisiz veri ak\u0131\u015f\u0131 sa\u011flamak ad\u0131na \u00e7ok y\u00fcksek bir pratik de\u011fere sahip.\u201d<\/em><\/p>\n<p><strong>\u201cFikirlerin Co\u011frafi S\u0131n\u0131r\u0131 Yoktur\u201d<\/strong><\/p>\n<p>Bu uluslararas\u0131 ba\u015far\u0131n\u0131n kendisi i\u00e7in ne anlama geldi\u011fini sordu\u011fumuzda ise Erdal Panay\u0131rc\u0131 hem m\u00fctevaz\u0131 hem de gelecek nesillere \u0131\u015f\u0131k tutan bir de\u011ferlendirmede bulunuyor: \u201c<em>Bu se\u00e7kin toplulu\u011fa &#8216;Fellow&#8217; olarak kabul edilmem, sadece bireysel bir takdir de\u011fil; yapt\u0131\u011f\u0131m \u00e7al\u0131\u015fmalar\u0131n k\u00fcresel \u00f6l\u00e7ekte en \u00fcst d\u00fczeyde yank\u0131 buldu\u011funun bir kan\u0131t\u0131d\u0131r. Bilimsel y\u00f6nden do\u011fru yolda oldu\u011fumu hissettiren bu onur, ayn\u0131 zamanda b\u00fcy\u00fck bir sorumluluk. Gen\u00e7 akademisyenlerimize \u015funu s\u00f6ylemek isterim: Bilimsel ba\u015far\u0131n\u0131n co\u011frafi s\u0131n\u0131rlar\u0131 yoktur. T\u00fcrkiye\u2019den \u00e7\u0131kan fikirler d\u00fcnyan\u0131n en sayg\u0131n k\u00fcrs\u00fclerinde kar\u015f\u0131l\u0131k bulabilir. 6G ve yapay zek\u00e2 entegrasyonu ile 2030 sonras\u0131nda afetlerin etkisini en aza indiren, s\u0131f\u0131r gecikme ile hayat kurtaran ak\u0131ll\u0131 bir ya\u015fam modeli bizi bekliyor.\u201d<\/em><\/p>\n<p>\u00a0<\/p>\n<p>\u00a0<\/p>\n<p>Kaynak: (BYZHA) Beyaz Haber Ajans\u0131<\/p>\n","protected":false},"excerpt":{"rendered":"<p>D\u00fcnya bilim camias\u0131n\u0131n en sayg\u0131n duraklar\u0131ndan biri olan Uluslararas\u0131 Yapay Zek\u00e2 Bilimleri Akademisi (AAIS), bu y\u0131l kap\u0131lar\u0131n\u0131 T\u00fcrkiye\u2019den \u00e7ok \u00f6zel bir isim i\u00e7in a\u00e7t\u0131.<\/p>\n","protected":false},"author":1,"featured_media":13364,"comment_status":"open","ping_status":"open","sticky":false,"template":"","format":"standard","meta":{"footnotes":""},"categories":[21],"tags":[],"class_list":["post-13363","post","type-post","status-publish","format-standard","has-post-thumbnail","hentry","category-gundem"],"_links":{"self":[{"href":"https:\/\/busondakika.com.tr\/index.php?rest_route=\/wp\/v2\/posts\/13363","targetHints":{"allow":["GET"]}}],"collection":[{"href":"https:\/\/busondakika.com.tr\/index.php?rest_route=\/wp\/v2\/posts"}],"about":[{"href":"https:\/\/busondakika.com.tr\/index.php?rest_route=\/wp\/v2\/types\/post"}],"author":[{"embeddable":true,"href":"https:\/\/busondakika.com.tr\/index.php?rest_route=\/wp\/v2\/users\/1"}],"replies":[{"embeddable":true,"href":"https:\/\/busondakika.com.tr\/index.php?rest_route=%2Fwp%2Fv2%2Fcomments&post=13363"}],"version-history":[{"count":1,"href":"https:\/\/busondakika.com.tr\/index.php?rest_route=\/wp\/v2\/posts\/13363\/revisions"}],"predecessor-version":[{"id":13365,"href":"https:\/\/busondakika.com.tr\/index.php?rest_route=\/wp\/v2\/posts\/13363\/revisions\/13365"}],"wp:featuredmedia":[{"embeddable":true,"href":"https:\/\/busondakika.com.tr\/index.php?rest_route=\/wp\/v2\/media\/13364"}],"wp:attachment":[{"href":"https:\/\/busondakika.com.tr\/index.php?rest_route=%2Fwp%2Fv2%2Fmedia&parent=13363"}],"wp:term":[{"taxonomy":"category","embeddable":true,"href":"https:\/\/busondakika.com.tr\/index.php?rest_route=%2Fwp%2Fv2%2Fcategories&post=13363"},{"taxonomy":"post_tag","embeddable":true,"href":"https:\/\/busondakika.com.tr\/index.php?rest_route=%2Fwp%2Fv2%2Ftags&post=13363"}],"curies":[{"name":"wp","href":"https:\/\/api.w.org\/{rel}","templated":true}]}}