{"id":13366,"date":"2026-04-27T08:18:07","date_gmt":"2026-04-27T08:18:07","guid":{"rendered":"https:\/\/busondakika.com.tr\/?p=13366"},"modified":"2026-04-27T08:18:08","modified_gmt":"2026-04-27T08:18:08","slug":"cankayalilar-23-nisan-cocuk-senliginde-eglendi","status":"publish","type":"post","link":"https:\/\/busondakika.com.tr\/?p=13366","title":{"rendered":"\u00c7ankayal\u0131lar 23 Nisan \u00c7ocuk \u015eenli\u011fi&#8217;nde E\u011flendi"},"content":{"rendered":"<p> <b>\u00c7ankaya Belediyesi, 23 Nisan Ulusal Egemenlik ve \u00c7ocuk Bayram\u0131 haftas\u0131na \u00f6zel olarak \u0130smet \u0130n\u00f6n\u00fc Park\u0131&#8217;nda \u00c7ocuk \u015eenli\u011fi d\u00fczenledi. \u015eenlikte, her ya\u015ftan \u00c7ankayal\u0131 keyifli bir pazar ge\u00e7irdi.<\/b><\/p>\n<p>\u00c7ankaya Belediyesi,\u00a023 Nisan Ulusal Egemenlik ve \u00c7ocuk Bayram\u0131 haftas\u0131 kutlamalar\u0131n\u0131 \u0130smet \u0130n\u00f6n\u00fc Park\u0131\u2019nda\u00a0d\u00fczenledi\u011fi 23 Nisan \u00c7ocuk \u015eenli\u011fi ile ta\u00e7land\u0131rd\u0131. Her ya\u015ftan vatanda\u015f\u0131n kat\u0131ld\u0131\u011f\u0131 \u015fenlikte \u00f6zellikle \u00e7ocuklar aileleri ve arkada\u015flar\u0131yla birlikte keyifli vakit ge\u00e7irdi.\u00a0<\/p>\n<p>\u015eenlikte animasyon g\u00f6sterisi ve ate\u015f \u015fovu ile b\u00fcy\u00fcl\u00fc anlar ya\u015fayan \u00e7ocuklar, etkinlik boyunca tahta bacak ve maskot karakterlerle foto\u011fraf \u00e7ektirdi. Renkli anlara sahne olan \u015fenlikte minikler kukla ve sahne g\u00f6sterileriyle doyas\u0131ya e\u011flendi. Patlam\u0131\u015f m\u0131s\u0131r ve pamuk \u015feker ikram\u0131yla keyiflenen \u00e7ocuklar g\u00fczel havada oyunlar oynayarak etkinli\u011fin tad\u0131n\u0131 \u00e7\u0131kard\u0131lar.<\/p>\n<p><b>KU\u011eULUPARK\u2019TA DOLUD\u0130ZG\u0130N KONSER\u0130<\/b><\/p>\n<p>Hafta sonu yine 23 Nisan etkinlikleri kapsam\u0131nda Ku\u011fulupark\u2019ta d\u00fczenlenen Doludizgin Band\u2019\u0131n sahne ald\u0131\u011f\u0131 konserde, \u00c7ankayal\u0131lar \u015fark\u0131larla ge\u00e7mi\u015fe yolculuk yapt\u0131. Bar\u0131\u015f Man\u00e7o\u2019nun \u015fark\u0131lar\u0131n\u0131 seslendiren grup, Ku\u011fulupark\u2019\u0131 dolduran her ya\u015ftan \u00c7ankayal\u0131ya keyifli anlar ya\u015fatt\u0131.\u00a0\u00a0<\/p>\n<p>\u00a0<\/p>\n<p>\u00a0<\/p>\n<p>Kaynak: (BYZHA) Beyaz Haber Ajans\u0131<\/p>\n","protected":false},"excerpt":{"rendered":"<p>\u00c7ankaya Belediyesi, 23 Nisan Ulusal Egemenlik ve \u00c7ocuk Bayram\u0131 haftas\u0131na \u00f6zel olarak \u0130smet \u0130n\u00f6n\u00fc Park\u0131&#8217;nda \u00c7ocuk \u015eenli\u011fi d\u00fczenledi.<\/p>\n","protected":false},"author":1,"featured_media":13367,"comment_status":"open","ping_status":"open","sticky":false,"template":"","format":"standard","meta":{"footnotes":""},"categories":[20],"tags":[],"class_list":["post-13366","post","type-post","status-publish","format-standard","has-post-thumbnail","hentry","category-kultur-sanat"],"_links":{"self":[{"href":"https:\/\/busondakika.com.tr\/index.php?rest_route=\/wp\/v2\/posts\/13366","targetHints":{"allow":["GET"]}}],"collection":[{"href":"https:\/\/busondakika.com.tr\/index.php?rest_route=\/wp\/v2\/posts"}],"about":[{"href":"https:\/\/busondakika.com.tr\/index.php?rest_route=\/wp\/v2\/types\/post"}],"author":[{"embeddable":true,"href":"https:\/\/busondakika.com.tr\/index.php?rest_route=\/wp\/v2\/users\/1"}],"replies":[{"embeddable":true,"href":"https:\/\/busondakika.com.tr\/index.php?rest_route=%2Fwp%2Fv2%2Fcomments&post=13366"}],"version-history":[{"count":1,"href":"https:\/\/busondakika.com.tr\/index.php?rest_route=\/wp\/v2\/posts\/13366\/revisions"}],"predecessor-version":[{"id":13368,"href":"https:\/\/busondakika.com.tr\/index.php?rest_route=\/wp\/v2\/posts\/13366\/revisions\/13368"}],"wp:featuredmedia":[{"embeddable":true,"href":"https:\/\/busondakika.com.tr\/index.php?rest_route=\/wp\/v2\/media\/13367"}],"wp:attachment":[{"href":"https:\/\/busondakika.com.tr\/index.php?rest_route=%2Fwp%2Fv2%2Fmedia&parent=13366"}],"wp:term":[{"taxonomy":"category","embeddable":true,"href":"https:\/\/busondakika.com.tr\/index.php?rest_route=%2Fwp%2Fv2%2Fcategories&post=13366"},{"taxonomy":"post_tag","embeddable":true,"href":"https:\/\/busondakika.com.tr\/index.php?rest_route=%2Fwp%2Fv2%2Ftags&post=13366"}],"curies":[{"name":"wp","href":"https:\/\/api.w.org\/{rel}","templated":true}]}}