{"id":13399,"date":"2026-04-27T09:10:57","date_gmt":"2026-04-27T09:10:57","guid":{"rendered":"https:\/\/busondakika.com.tr\/?p=13399"},"modified":"2026-04-27T09:10:58","modified_gmt":"2026-04-27T09:10:58","slug":"karsiyakada-esitlik-zirvesi","status":"publish","type":"post","link":"https:\/\/busondakika.com.tr\/?p=13399","title":{"rendered":"Kar\u015f\u0131yaka\u2019da \u2018e\u015fitlik\u2019 zirvesi"},"content":{"rendered":"<p> Kar\u015f\u0131yaka Belediyesi Kent D\u00fc\u015f\u00fcnce Merkezi, toplumsal e\u015fitlik hedefiyle \u00f6nemli bir zirveye ev sahipli\u011fi yapacak. Mesleki ve akademik birikimleriyle alanlar\u0131nda \u00f6nc\u00fc kad\u0131nlar\u0131n konuk olaca\u011f\u0131 \u201cKar\u015f\u0131yaka\u2019da E\u015fitlik i\u00e7in Ortak Ak\u0131l \u00c7al\u0131\u015ftay\u0131\u201d, 28 Nisan Sal\u0131 g\u00fcn\u00fc saat 10.00\u2019da Z\u00fcbeyde Han\u0131m Nikah Saray\u0131\u2019nda ger\u00e7ekle\u015ftirilecek.<\/p>\n<p><b>\u00c7\u00d6Z\u00dcM \u00d6NER\u0130LER\u0130 KONU\u015eULACAK<\/b><\/p>\n<p>Ege \u00dcniversitesi \u0130leti\u015fim Fak\u00fcltesi \u00d6\u011fretim \u00dcyesi Prof. Dr. Aylin G\u00f6zta\u015f\u2019\u0131n moderat\u00f6rl\u00fc\u011f\u00fcnde d\u00fczenlenecek panelde; Kar\u015f\u0131yaka Belediye Ba\u015fkan\u0131 Y\u0131ld\u0131z \u00dcnsal, Ya\u015far \u00dcniversitesi Kad\u0131n ve Aile \u00c7al\u0131\u015fmalar\u0131 Uygulama ve Ara\u015ft\u0131rma Merkezi M\u00fcd\u00fcr\u00fc Prof. Dr. Huriye Toker, Psikiyatrist, Psikoterapist ve Yazar Dr. Banu Erkan ile Kad\u0131n Adaylar\u0131 Destekleme Derne\u011fi \u0130zmir \u015eube Ba\u015fkan\u0131 ve \u0130zmir Kad\u0131n Kurulu\u015flar\u0131 Birli\u011fi Ba\u015fkan\u0131 Banu \u00d6nkol \u0130\u00e7hedef konu\u015fmac\u0131 olarak yer alacak. \u2018E\u015fitlik Ad\u0131mlar\u0131\u2019 ba\u015fl\u0131\u011f\u0131 alt\u0131nda toplumsal sorunlar ve \u00e7\u00f6z\u00fcm \u00f6nerileri \u00e7ok y\u00f6nl\u00fc bi\u00e7imde ele al\u0131nacak.<\/p>\n<p><b>ODAK GRUP \u00c7ALI\u015eMALARI<\/b><\/p>\n<p>\u00c7al\u0131\u015ftay\u0131n \u00f6\u011fleden sonraki oturumunda ise \u2018\u015eiddetle M\u00fccadele ve Destek Ad\u0131mlar\u0131\u2019, \u2018Kentsel Hizmetlerde E\u015fit G\u00f6zl\u00fck\u2019, \u2018Ekonomik Ya\u015fama Kat\u0131l\u0131m ve E\u011fitim Olanaklar\u0131\u2019 gibi ba\u015fl\u0131klarda 6 ayr\u0131 odak grup \u00e7al\u0131\u015fmas\u0131 ger\u00e7ekle\u015ftirilecek. T\u00fcm vatanda\u015flar\u0131n kat\u0131l\u0131m\u0131na a\u00e7\u0131k olan \u00e7al\u0131\u015ftayda, odak grup masalar\u0131na kat\u0131l\u0131m i\u00e7in\u00a00232 362 57 77\u00a0numaral\u0131 telefondan kay\u0131t yapt\u0131r\u0131labilecek.<\/p>\n<p><b>HER ALANDA E\u015e\u0130T B\u0130R YA\u015eAM<\/b><\/p>\n<p>Kar\u015f\u0131yaka Belediye Ba\u015fkan\u0131 Y\u0131ld\u0131z \u00dcnsal \u201cBiz e\u015fitli\u011fi hayat\u0131n her alan\u0131nda g\u00fc\u00e7lendirilmesi gereken bir de\u011fer olarak g\u00f6r\u00fcyoruz. Bu anlay\u0131\u015fla d\u00fczenledi\u011fimiz Ortak Ak\u0131l \u00c7al\u0131\u015ftay\u0131\u2019nda; akademiden sivil topluma farkl\u0131 alanlardan uzman isimlerle birlikte sorunlar\u0131 \u00e7ok y\u00f6nl\u00fc ele alacak, \u00e7\u00f6z\u00fcm yollar\u0131n\u0131 hep birlikte geli\u015ftirece\u011fiz. Kat\u0131l\u0131mc\u0131lar\u0131n g\u00f6r\u00fc\u015f ve \u00f6nerileri, Kar\u015f\u0131yaka\u2019da hayata ge\u00e7irece\u011fimiz politikalara da y\u00f6n verecek. T\u00fcm vatanda\u015flar\u0131m\u0131z\u0131 ortak ak\u0131l bulu\u015fmam\u0131za davet ediyoruz\u201d dedi.\u00a0<\/p>\n<p>\u00a0<\/p>\n<p>Kaynak: (BYZHA) Beyaz Haber Ajans\u0131<\/p>\n","protected":false},"excerpt":{"rendered":"<p>Kar\u015f\u0131yaka Belediyesi Kent D\u00fc\u015f\u00fcnce Merkezi, toplumsal e\u015fitlik hedefiyle \u00f6nemli bir zirveye ev sahipli\u011fi yapacak.<\/p>\n","protected":false},"author":1,"featured_media":13400,"comment_status":"open","ping_status":"open","sticky":false,"template":"","format":"standard","meta":{"footnotes":""},"categories":[21],"tags":[],"class_list":["post-13399","post","type-post","status-publish","format-standard","has-post-thumbnail","hentry","category-gundem"],"_links":{"self":[{"href":"https:\/\/busondakika.com.tr\/index.php?rest_route=\/wp\/v2\/posts\/13399","targetHints":{"allow":["GET"]}}],"collection":[{"href":"https:\/\/busondakika.com.tr\/index.php?rest_route=\/wp\/v2\/posts"}],"about":[{"href":"https:\/\/busondakika.com.tr\/index.php?rest_route=\/wp\/v2\/types\/post"}],"author":[{"embeddable":true,"href":"https:\/\/busondakika.com.tr\/index.php?rest_route=\/wp\/v2\/users\/1"}],"replies":[{"embeddable":true,"href":"https:\/\/busondakika.com.tr\/index.php?rest_route=%2Fwp%2Fv2%2Fcomments&post=13399"}],"version-history":[{"count":1,"href":"https:\/\/busondakika.com.tr\/index.php?rest_route=\/wp\/v2\/posts\/13399\/revisions"}],"predecessor-version":[{"id":13401,"href":"https:\/\/busondakika.com.tr\/index.php?rest_route=\/wp\/v2\/posts\/13399\/revisions\/13401"}],"wp:featuredmedia":[{"embeddable":true,"href":"https:\/\/busondakika.com.tr\/index.php?rest_route=\/wp\/v2\/media\/13400"}],"wp:attachment":[{"href":"https:\/\/busondakika.com.tr\/index.php?rest_route=%2Fwp%2Fv2%2Fmedia&parent=13399"}],"wp:term":[{"taxonomy":"category","embeddable":true,"href":"https:\/\/busondakika.com.tr\/index.php?rest_route=%2Fwp%2Fv2%2Fcategories&post=13399"},{"taxonomy":"post_tag","embeddable":true,"href":"https:\/\/busondakika.com.tr\/index.php?rest_route=%2Fwp%2Fv2%2Ftags&post=13399"}],"curies":[{"name":"wp","href":"https:\/\/api.w.org\/{rel}","templated":true}]}}