{"id":13402,"date":"2026-04-27T09:10:59","date_gmt":"2026-04-27T09:10:59","guid":{"rendered":"https:\/\/busondakika.com.tr\/?p=13402"},"modified":"2026-04-27T09:11:00","modified_gmt":"2026-04-27T09:11:00","slug":"nevsehir-belediyesinden-cezaevi-ziyaretleri-icin-ucretsiz-servis-imkani","status":"publish","type":"post","link":"https:\/\/busondakika.com.tr\/?p=13402","title":{"rendered":"Nev\u015fehir Belediyesi\u2019nden Cezaevi Ziyaretleri \u0130\u00e7in \u00dcCRETS\u0130Z Servis \u0130mk\u00e2n\u0131"},"content":{"rendered":"\n<p class=\"MsoNoSpacing\"><span style=\"font-size:11pt\"><span style=\"font-family:Calibri,sans-serif\"><span style=\"font-size:13.0pt\">Belediye Ba\u015fkan\u0131 Rasim Ar\u0131&#8217;n\u0131n talimatlar\u0131 do\u011frultusunda Nev\u015fehir Cezaevine giden ve ziyaretten d\u00f6nen mahk\u00fbm yak\u0131nlar\u0131na ula\u015f\u0131m kolayl\u0131\u011f\u0131 geliyor.<\/span><\/span><\/span><\/p>\n<p class=\"MsoNoSpacing\"><span style=\"font-size:11pt\"><span style=\"font-family:Calibri,sans-serif\"><span style=\"font-size:13.0pt\">Nev\u015fehir Belediyesi bir yandan vatanda\u015flar\u0131m\u0131z\u0131n hizmet ve ya\u015fam kalitesini art\u0131ran projelere imza atarken di\u011fer yandan da T\u00fcrkiye\u2019ye \u00f6rnek uygulamalar\u0131na devam ediyor.<\/span><\/span><\/span><\/p>\n<p class=\"MsoNoSpacing\"><span style=\"font-size:11pt\"><span style=\"font-family:Calibri,sans-serif\"><span style=\"font-size:13.0pt\">Nev\u015fehir Belediyesi, ula\u015f\u0131m\u0131 daha konforlu, g\u00fcvenli ve eri\u015filebilir hale getirmek i\u00e7in \u00e7al\u0131\u015fmalar\u0131n\u0131 s\u00fcrd\u00fcr\u00fcrken sosyal belediyecilik anlay\u0131\u015f\u0131 \u00e7er\u00e7evesinde de mahkum yak\u0131nlar\u0131na sa\u011flayaca\u011f\u0131 servis imkan\u0131 ile g\u00f6n\u00fcllere dokunacak.\u00a0 <\/span><\/span><\/span><\/p>\n<p class=\"MsoNoSpacing\"><span style=\"font-size:11pt\"><span style=\"font-family:Calibri,sans-serif\"><span style=\"font-size:13.0pt\">Nev\u015fehir Cezaevi\u2019nde bulunan yak\u0131nlar\u0131na ula\u015f\u0131m kolayl\u0131\u011f\u0131 sunmak \u00fczere harekete ge\u00e7en Nev\u015fehir Belediyesi haftada iki g\u00fcn Sal\u0131 ve \u00c7ar\u015famba g\u00fcnleri 08.00 ve 12.30\u2019da \u00c7atl\u0131 Meydan\u0131\u2019ndan hareket ederek Uzer D\u00f6viz \u00d6n\u00fc durak ve Valilik Yan\u0131 Karakol \u00f6n\u00fc duraklar\u0131n\u0131 takip ederek mahkum yak\u0131nlar\u0131n\u0131 Nev\u015fehir Cezaevine g\u00f6t\u00fcrecek. \u00d6\u011fleden sonra ise cezaevine b\u0131rak\u0131lan aileler 15.30\u2019da geri ayn\u0131 ring \u00fczerinden \u015fehir merkezine geri getirilecek.\u00a0 <\/span><\/span><\/span><\/p>\n<p class=\"MsoNoSpacing\"><span style=\"font-size:11pt\"><span style=\"font-family:Calibri,sans-serif\"><span style=\"font-size:13.0pt\">Sabah g\u00f6r\u00fc\u015f\u00fcne gidecek aileler cezaevine b\u0131rak\u0131lacak ve servis geri d\u00f6necek. \u00d6\u011fleden sonra cezaevine gidecek aileler cezaevine b\u0131rak\u0131lacak ve ayn\u0131 seferde sabah b\u0131rak\u0131lan aileler d\u00f6n\u00fc\u015f i\u00e7in geri al\u0131nacak. <\/span><\/span><\/span><\/p>\n<p class=\"MsoNoSpacing\"><span style=\"font-size:11pt\"><span style=\"font-family:Calibri,sans-serif\"><span style=\"font-size:13.0pt\">Nev\u015fehir Belediyesi\u2019nin \u00dccretsiz Servis hizmeti Sal\u0131 ve \u00c7ar\u015famba g\u00fcnleri g\u00f6r\u00fc\u015f program\u0131na g\u00f6re d\u00fczenli olarak sunulacak. <\/span><\/span><\/span><\/p>\n<p class=\"MsoNoSpacing\"><span style=\"font-size:11pt\"><span style=\"font-family:Calibri,sans-serif\"><span style=\"font-size:13.0pt\">G\u00f6reve geldi\u011fi g\u00fcnden bu yana Nev\u015fehir\u2019in en temel ihtiya\u00e7lar\u0131na kal\u0131c\u0131 \u00e7\u00f6z\u00fcmler \u00fcretmek i\u00e7in gece g\u00fcnd\u00fcz \u00e7al\u0131\u015fmalar\u0131n\u0131 s\u00fcrd\u00fcren Nev\u015fehir Belediye Ba\u015fkan\u0131 Rasim Ar\u0131, Sosyal Belediyecilik anlay\u0131\u015f\u0131 kapsam\u0131nda vatanda\u015f odakl\u0131 hizmet y\u00fcr\u00fcy\u00fc\u015f\u00fcnde \u00f6nemli bir ad\u0131m\u0131 daha hayata ge\u00e7irmi\u015f olacak.<\/span><\/span><\/span><\/p>\n<p class=\"MsoNoSpacing\">\u00a0<\/p>\n<p class=\"MsoNoSpacing\">\u00a0<\/p>\n<p>Kaynak: (BYZHA) Beyaz Haber Ajans\u0131<\/p>\n","protected":false},"excerpt":{"rendered":"<p>Belediye Ba\u015fkan\u0131 Rasim Ar\u0131&#8217;n\u0131n talimatlar\u0131 do\u011frultusunda Nev\u015fehir Cezaevine giden ve ziyaretten d\u00f6nen mahk\u00fbm yak\u0131nlar\u0131na ula\u015f\u0131m kolayl\u0131\u011f\u0131 geliyor.<\/p>\n","protected":false},"author":1,"featured_media":13403,"comment_status":"open","ping_status":"open","sticky":false,"template":"","format":"standard","meta":{"footnotes":""},"categories":[21],"tags":[],"class_list":["post-13402","post","type-post","status-publish","format-standard","has-post-thumbnail","hentry","category-gundem"],"_links":{"self":[{"href":"https:\/\/busondakika.com.tr\/index.php?rest_route=\/wp\/v2\/posts\/13402","targetHints":{"allow":["GET"]}}],"collection":[{"href":"https:\/\/busondakika.com.tr\/index.php?rest_route=\/wp\/v2\/posts"}],"about":[{"href":"https:\/\/busondakika.com.tr\/index.php?rest_route=\/wp\/v2\/types\/post"}],"author":[{"embeddable":true,"href":"https:\/\/busondakika.com.tr\/index.php?rest_route=\/wp\/v2\/users\/1"}],"replies":[{"embeddable":true,"href":"https:\/\/busondakika.com.tr\/index.php?rest_route=%2Fwp%2Fv2%2Fcomments&post=13402"}],"version-history":[{"count":1,"href":"https:\/\/busondakika.com.tr\/index.php?rest_route=\/wp\/v2\/posts\/13402\/revisions"}],"predecessor-version":[{"id":13404,"href":"https:\/\/busondakika.com.tr\/index.php?rest_route=\/wp\/v2\/posts\/13402\/revisions\/13404"}],"wp:featuredmedia":[{"embeddable":true,"href":"https:\/\/busondakika.com.tr\/index.php?rest_route=\/wp\/v2\/media\/13403"}],"wp:attachment":[{"href":"https:\/\/busondakika.com.tr\/index.php?rest_route=%2Fwp%2Fv2%2Fmedia&parent=13402"}],"wp:term":[{"taxonomy":"category","embeddable":true,"href":"https:\/\/busondakika.com.tr\/index.php?rest_route=%2Fwp%2Fv2%2Fcategories&post=13402"},{"taxonomy":"post_tag","embeddable":true,"href":"https:\/\/busondakika.com.tr\/index.php?rest_route=%2Fwp%2Fv2%2Ftags&post=13402"}],"curies":[{"name":"wp","href":"https:\/\/api.w.org\/{rel}","templated":true}]}}