{"id":13405,"date":"2026-04-27T09:11:05","date_gmt":"2026-04-27T09:11:05","guid":{"rendered":"https:\/\/busondakika.com.tr\/?p=13405"},"modified":"2026-04-27T09:11:06","modified_gmt":"2026-04-27T09:11:06","slug":"empa-elektronik-savunma-sanayindeki-gucunu-sahada-sergileyecek","status":"publish","type":"post","link":"https:\/\/busondakika.com.tr\/?p=13405","title":{"rendered":"Empa Elektronik savunma sanayindeki   g\u00fcc\u00fcn\u00fc \u201cSAHA\u201dda sergileyecek"},"content":{"rendered":"<p> Elektronik bile\u015fen sekt\u00f6r\u00fcnde, yar\u0131 iletkenler, g\u00fc\u00e7 elektroni\u011fi, elektromekanik ve di\u011fer bile\u015fen \u00e7\u00f6z\u00fcmlerinden olu\u015fan geni\u015f \u00fcr\u00fcn yelpazesiyle, kapsaml\u0131 bir teknolojik \u00e7\u00f6z\u00fcm tedarik hizmeti sunan Empa Elektronik, \u00a05-9 May\u0131s 2026 tarihleri aras\u0131nda d\u00fczenlenecek olan SAHA Expo Uluslararas\u0131 Savunma Havac\u0131l\u0131k ve Uzay Sanayi Fuar\u0131\u2019nda yerini almaya haz\u0131rlan\u0131yor. Fuara \u00fc\u00e7\u00fcnc\u00fc kez kat\u0131lacak olan \u015firket, savunma sanayindeki g\u00fc\u00e7l\u00fc konumunu peki\u015ftirirken yeni \u00e7at\u0131 markas\u0131 TIREMO\u00ae\u2019yu da sekt\u00f6r profesyonelleriyle ilk kez bulu\u015fturacak.<\/p>\n<p><strong>\u201cYeni \u00e7at\u0131 markam\u0131z TIREMO\u00ae ile teknoloji ekosistemini yeniden tan\u0131mlayaca\u011f\u0131z\u201d<\/strong><\/p>\n<p><strong>Empa Elektronik CEO\u2019su Murat Sarpel,\u00a0<\/strong>SAHA Expo\u2019nun savunma sanayii ve ileri teknoloji alan\u0131nda T\u00fcrkiye\u2019nin en \u00f6nemli platformlar\u0131ndan biri oldu\u011funu belirterek \u201cBiz de Empa Elektronik olarak fuarda hem mevcut i\u015f birliklerimizi g\u00fc\u00e7lendirmeyi hem de yeni projeler i\u00e7in g\u00fc\u00e7l\u00fc temaslar kurmay\u0131 hedefliyoruz. Bu y\u0131lki en \u00f6nemli g\u00fcndemimiz ise TIREMO\u00ae ile ba\u015flatt\u0131\u011f\u0131m\u0131z yeni d\u00f6nem olacak\u201d dedi. Empa Elektronik\u2019in, TIREMO\u00ae ile teknoloji ekosistemini yeniden tan\u0131mlad\u0131\u011f\u0131n\u0131 ifade eden Sarpel, \u201cTIREMO\u00ae, T\u00fcrkiye\u2019nin y\u00fcksek teknoloji i\u00e7eren vizyon projelerinde stratejik teknoloji tedarik orta\u011f\u0131 olarak hizmet veren \u015firketimizin halka arz sonras\u0131 d\u00f6neminin \u00f6nemli mihenk ta\u015flar\u0131ndan birini temsil ediyor. K\u0131saca Empa 2.0 vizyonumuzun omurgas\u0131 diyebiliriz. Empa Elektronik Ar-Ge Merkezi b\u00fcnyesinde geli\u015ftirilen t\u00fcm proje, \u00fcr\u00fcn ve hizmetlerimiz, art\u0131k TIREMO\u00ae kimli\u011fi alt\u0131nda, k\u00fcresel standartlarda bir teknoloji evi disipliniyle y\u00f6netilecek\u201d a\u00e7\u0131klamas\u0131nda bulundu.<\/p>\n<p><strong>Geni\u015f \u00fcr\u00fcn yelpazesi<\/strong><\/p>\n<p>SAHA Expo\u2019da\u00a0TIREMO\u00ae\u2019nun\u00a0yan\u0131 s\u0131ra Empa Elektronik Ar-Ge Merkezi taraf\u0131ndan haz\u0131rlanan AMD tabanl\u0131 yapay zeka odakl\u0131 i\u015flemci ve h\u0131zland\u0131r\u0131c\u0131 \u00e7\u00f6z\u00fcmlerini tan\u0131tacaklar\u0131n\u0131 anlatan Murat Sarpel, \u201cAyr\u0131ca TE Connectivity\u2019nin y\u00fcksek g\u00fcvenilirlikli konnekt\u00f6r ve ba\u011flant\u0131 teknolojileri stand\u0131m\u0131zda sergilenecek. AMD markal\u0131 \u00fcr\u00fcnlerde \u00f6zellikle edge AI, y\u00fcksek performansl\u0131 hesaplama (HPC) ve g\u00f6m\u00fcl\u00fc sistemlere y\u00f6nelik donan\u0131m mimarileri \u00f6n plana \u00e7\u0131kacak. TE Connectivity \u00e7\u00f6z\u00fcmleri ise zorlu \u00e7evresel ko\u015fullarda y\u00fcksek sinyal b\u00fct\u00fcnl\u00fc\u011f\u00fc ve dayan\u0131kl\u0131l\u0131k gerektiren savunma ve end\u00fcstriyel uygulamalara odaklanacak. Empa Elektronik b\u00fcnyesinde temsil edilen RF ve mikrodalga \u00e7\u00f6z\u00fcmleri, havac\u0131l\u0131k aray\u00fczleri, g\u00fc\u00e7 \u00e7evrim \u00e7\u00f6z\u00fcmleri ve uzay kalifiye bile\u015fenler gibi pek \u00e7ok \u00e7\u00f6z\u00fcm de stand\u0131m\u0131zda sekt\u00f6r profesyonelleriyle bulu\u015facak\u201d diye konu\u015ftu.\u00a0<\/p>\n<p><strong>\u201cK\u00fcresel markalar\u0131n temsilcilerini stand\u0131m\u0131zda a\u011f\u0131rlayaca\u011f\u0131z\u201d<\/strong><\/p>\n<p>SAHA Expo\u2019nun hem yerli projelerde aktif rol alma hem de uluslararas\u0131 i\u015f birliklerini geli\u015ftirme a\u00e7\u0131s\u0131ndan kritik bir bulu\u015fma noktas\u0131 oldu\u011funu vurgulayan Sarpel, \u015f\u00f6yle devam etti:<\/p>\n<p>\u201cSAHA Expo s\u00fcresince d\u00fczenlenecek seminer, konferans ve sekt\u00f6rel etkinlikleri yak\u0131ndan takip ediyoruz. Bu kapsamda teknik uzmanlar\u0131m\u0131zla \u00e7e\u015fitli oturumlarda yer almay\u0131 ve sekt\u00f6r profesyonelleriyle bilgi payla\u015f\u0131m\u0131nda bulunmay\u0131 planl\u0131yoruz. Ayr\u0131ca fuar s\u00fcresince ger\u00e7ekle\u015ftirece\u011fimiz birebir g\u00f6r\u00fc\u015fmeler ve teknik payla\u015f\u0131mlar da bizim i\u00e7in \u00f6nemli bir etkile\u015fim alan\u0131 olu\u015fturacak. \u00d6te yandan distrib\u00fct\u00f6r\u00fc oldu\u011fumuz k\u00fcresel markalar\u0131n temsilcilerini de fuar boyunca stand\u0131m\u0131zda a\u011f\u0131rlamay\u0131, b\u00f6ylece ziyaret\u00e7ilerimize hem daha kapsaml\u0131 teknik bilgi sunmay\u0131 hem de \u00fcretici firmalarla do\u011frudan ileti\u015fim kurma f\u0131rsat\u0131 sa\u011flamay\u0131 hedefliyoruz.\u201d<\/p>\n<p>\u00a0<\/p>\n<p>Kaynak: (BYZHA) Beyaz Haber Ajans\u0131<\/p>\n","protected":false},"excerpt":{"rendered":"<p>Elektronik bile\u015fen sekt\u00f6r\u00fcnde, yar\u0131 iletkenler, g\u00fc\u00e7 elektroni\u011fi, elektromekanik ve di\u011fer bile\u015fen \u00e7\u00f6z\u00fcmlerinden olu\u015fan geni\u015f \u00fcr\u00fcn yelpazesiyle, kapsaml\u0131 bir teknolojik \u00e7\u00f6z\u00fcm tedarik hizmeti sunan Empa Elektronik, \u00a05-9 May\u0131s 2026 tarihleri aras\u0131nda d\u00fczenlenecek olan SAHA Expo Uluslararas\u0131 Savunma Havac\u0131l\u0131k ve Uzay Sanayi Fuar\u0131\u2019nda yerini almaya haz\u0131rlan\u0131yor.<\/p>\n","protected":false},"author":1,"featured_media":13406,"comment_status":"open","ping_status":"open","sticky":false,"template":"","format":"standard","meta":{"footnotes":""},"categories":[22],"tags":[],"class_list":["post-13405","post","type-post","status-publish","format-standard","has-post-thumbnail","hentry","category-ekonomi"],"_links":{"self":[{"href":"https:\/\/busondakika.com.tr\/index.php?rest_route=\/wp\/v2\/posts\/13405","targetHints":{"allow":["GET"]}}],"collection":[{"href":"https:\/\/busondakika.com.tr\/index.php?rest_route=\/wp\/v2\/posts"}],"about":[{"href":"https:\/\/busondakika.com.tr\/index.php?rest_route=\/wp\/v2\/types\/post"}],"author":[{"embeddable":true,"href":"https:\/\/busondakika.com.tr\/index.php?rest_route=\/wp\/v2\/users\/1"}],"replies":[{"embeddable":true,"href":"https:\/\/busondakika.com.tr\/index.php?rest_route=%2Fwp%2Fv2%2Fcomments&post=13405"}],"version-history":[{"count":1,"href":"https:\/\/busondakika.com.tr\/index.php?rest_route=\/wp\/v2\/posts\/13405\/revisions"}],"predecessor-version":[{"id":13407,"href":"https:\/\/busondakika.com.tr\/index.php?rest_route=\/wp\/v2\/posts\/13405\/revisions\/13407"}],"wp:featuredmedia":[{"embeddable":true,"href":"https:\/\/busondakika.com.tr\/index.php?rest_route=\/wp\/v2\/media\/13406"}],"wp:attachment":[{"href":"https:\/\/busondakika.com.tr\/index.php?rest_route=%2Fwp%2Fv2%2Fmedia&parent=13405"}],"wp:term":[{"taxonomy":"category","embeddable":true,"href":"https:\/\/busondakika.com.tr\/index.php?rest_route=%2Fwp%2Fv2%2Fcategories&post=13405"},{"taxonomy":"post_tag","embeddable":true,"href":"https:\/\/busondakika.com.tr\/index.php?rest_route=%2Fwp%2Fv2%2Ftags&post=13405"}],"curies":[{"name":"wp","href":"https:\/\/api.w.org\/{rel}","templated":true}]}}