{"id":13417,"date":"2026-04-27T10:15:31","date_gmt":"2026-04-27T10:15:31","guid":{"rendered":"https:\/\/busondakika.com.tr\/?p=13417"},"modified":"2026-04-27T10:15:32","modified_gmt":"2026-04-27T10:15:32","slug":"safiye-soyman-ve-faik-ozturke-karsta-yogun-ilgi","status":"publish","type":"post","link":"https:\/\/busondakika.com.tr\/?p=13417","title":{"rendered":"Safiye Soyman ve Faik \u00d6zt\u00fcrk&#8217;e Kars&#8217;ta Yo\u011fun \u0130lgi"},"content":{"rendered":"<p> \u00dcnl\u00fc sanat\u00e7\u0131lar Safiye Soyman ve Faik \u00d6zt\u00fcrk, konser program\u0131 kapsam\u0131nda geldikleri Kars&#8217;ta b\u00fcy\u00fck bir ilgiyle kar\u015f\u0131land\u0131.<\/p>\n<p>\u015eehrin \u00f6nde gelen konaklama noktalar\u0131ndan Grand Ani Otel&#8217;de a\u011f\u0131rlanan \u00e7ift, ayn\u0131 ak\u015fam otelin balo salonunda sahne alarak sevenlerine unutulmaz bir m\u00fczik ziyafeti sundu.<\/p>\n<p>Gece boyunca en sevilen \u015fark\u0131lar\u0131n\u0131 seslendiren Safiye Soyman ve Faik \u00d6zt\u00fcrk, sahne performanslar\u0131 ve enerjileriyle izleyenlerden tam not ald\u0131.<\/p>\n<p>Kars ziyaretleri kapsam\u0131nda b\u00f6lgenin geleneksel lezzetlerini de deneyimleyen sanat\u00e7\u0131lar, konser sonras\u0131 Kars Kalesi ba\u015fta olmak \u00fczere \u015fehir merkezinde k\u0131sa bir gezi ger\u00e7ekle\u015ftirdi.<\/p>\n<p>\u00dcnl\u00fc \u00e7ift, gezileri s\u0131ras\u0131nda b\u00f6lge halk\u0131n\u0131n yo\u011fun ilgisi ve sevgisiyle kar\u015f\u0131land\u0131.<\/p>\n<p>Kaynak: (BYZHA) Beyaz Haber Ajans\u0131<\/p>\n","protected":false},"excerpt":{"rendered":"<p>\u00dcnl\u00fc sanat\u00e7\u0131lar Safiye Soyman ve Faik \u00d6zt\u00fcrk, konser program\u0131 kapsam\u0131nda geldikleri Kars&#8217;ta b\u00fcy\u00fck bir ilgiyle kar\u015f\u0131land\u0131.<\/p>\n","protected":false},"author":1,"featured_media":13418,"comment_status":"open","ping_status":"open","sticky":false,"template":"","format":"standard","meta":{"footnotes":""},"categories":[1],"tags":[],"class_list":["post-13417","post","type-post","status-publish","format-standard","has-post-thumbnail","hentry","category-magazin"],"_links":{"self":[{"href":"https:\/\/busondakika.com.tr\/index.php?rest_route=\/wp\/v2\/posts\/13417","targetHints":{"allow":["GET"]}}],"collection":[{"href":"https:\/\/busondakika.com.tr\/index.php?rest_route=\/wp\/v2\/posts"}],"about":[{"href":"https:\/\/busondakika.com.tr\/index.php?rest_route=\/wp\/v2\/types\/post"}],"author":[{"embeddable":true,"href":"https:\/\/busondakika.com.tr\/index.php?rest_route=\/wp\/v2\/users\/1"}],"replies":[{"embeddable":true,"href":"https:\/\/busondakika.com.tr\/index.php?rest_route=%2Fwp%2Fv2%2Fcomments&post=13417"}],"version-history":[{"count":1,"href":"https:\/\/busondakika.com.tr\/index.php?rest_route=\/wp\/v2\/posts\/13417\/revisions"}],"predecessor-version":[{"id":13419,"href":"https:\/\/busondakika.com.tr\/index.php?rest_route=\/wp\/v2\/posts\/13417\/revisions\/13419"}],"wp:featuredmedia":[{"embeddable":true,"href":"https:\/\/busondakika.com.tr\/index.php?rest_route=\/wp\/v2\/media\/13418"}],"wp:attachment":[{"href":"https:\/\/busondakika.com.tr\/index.php?rest_route=%2Fwp%2Fv2%2Fmedia&parent=13417"}],"wp:term":[{"taxonomy":"category","embeddable":true,"href":"https:\/\/busondakika.com.tr\/index.php?rest_route=%2Fwp%2Fv2%2Fcategories&post=13417"},{"taxonomy":"post_tag","embeddable":true,"href":"https:\/\/busondakika.com.tr\/index.php?rest_route=%2Fwp%2Fv2%2Ftags&post=13417"}],"curies":[{"name":"wp","href":"https:\/\/api.w.org\/{rel}","templated":true}]}}